{"id":114550,"date":"2025-08-15T08:57:00","date_gmt":"2025-08-15T11:57:00","guid":{"rendered":"https:\/\/bluestudio.estadao.com.br\/agencia-de-comunicacao\/prnewswire\/ampace-traz-solucoes-de-ess-de-alta-eficiencia-para-a-intersolar-south-america-2025-pela-primeira-vez\/"},"modified":"2025-08-15T08:57:00","modified_gmt":"2025-08-15T11:57:00","slug":"ampace-traz-solucoes-de-ess-de-alta-eficiencia-para-a-intersolar-south-america-2025-pela-primeira-vez","status":"publish","type":"post","link":"https:\/\/bluestudio.estadao.com.br\/agencia-de-comunicacao\/prnewswire\/ampace-traz-solucoes-de-ess-de-alta-eficiencia-para-a-intersolar-south-america-2025-pela-primeira-vez\/","title":{"rendered":"Ampace traz solu\u00e7\u00f5es de ESS de alta efici\u00eancia para a Intersolar South America 2025 pela primeira vez"},"content":{"rendered":"\n<div class=\"xn-content\">\n<p><span class=\"legendSpanClass\">S\u00c3O PAULO<\/span>, <span class=\"legendSpanClass\">15 de agosto de 2025<\/span> \/PRNewswire\/ &#8212; A Ampace, l\u00edder global em tecnologias avan\u00e7adas de baterias de \u00edons de l\u00edtio, est\u00e1 pronta para fazer sua estreia na <b> Intersolar South America 2025<\/b>, que acontece de <b> 26 a 28 de agosto <\/b> no <b> Expo Center Norte, S\u00e3o Paulo<\/b>. A Ampace apresentar\u00e1 solu\u00e7\u00f5es de armazenamento de energia de alto desempenho adaptadas aos diversos e complexos desafios energ\u00e9ticos da Am\u00e9rica Latina.<\/p>\n<div id=\"prni_dvprnejpg91ebleft\" dir=\"ltr\" style=\"width: 100%;text-align: left\"><img decoding=\"async\" id=\"prnejpg91ebleft\" title=\" \" src=\"https:\/\/mma.prnewswire.com\/media\/2751256\/2025_08_15_120439_128.jpg\" alt=\" \" align=\"middle\" \/> <\/div>\n<p>Apesar de ser uma rec\u00e9m-chegada \u00e0 exposi\u00e7\u00e3o, a\u00a0Ampace j\u00e1 fez contribui\u00e7\u00f5es regionais significativas. No <b> Chile<\/b>, a Ampace entregou o <b> primeiro projeto de subesta\u00e7\u00e3o ESS conectada \u00e0 rede do pa\u00eds <\/b> em uma zona vulc\u00e2nica e s\u00edsmica de alto risco, fornecendo eletricidade confi\u00e1vel para a cidade de <b> Nuevo Imperial<\/b>. Sistemas semelhantes j\u00e1 foram implementados em \u00e1reas propensas a terremotos como a <b> Calif\u00f3rnia<\/b>, provando a escalabilidade global.<\/p>\n<p>Na exposi\u00e7\u00e3o, a Ampace apresentar\u00e1 suas <b> c\u00e9lulas de bateria Kunlun <\/b>, projetadas para aplica\u00e7\u00f5es comerciais e residenciais de longa dura\u00e7\u00e3o e alta pot\u00eancia. Com uma <b> vida \u00fatil ultra-longa de at\u00e9 15.000 ciclos<\/b>&#8211; quase o dobro da m\u00e9dia da ind\u00fastria &#8211; essas c\u00e9lulas podem estender a vida \u00fatil operacional das esta\u00e7\u00f5es de carregamento solar para quase quinze anos. Essa inova\u00e7\u00e3o aumenta a confiabilidade do sistema e melhora o retorno do investimento, permitindo que as operadoras alinhem a vida \u00fatil do armazenamento de energia com a de sua infraestrutura fotovoltaica.<\/p>\n<p>Al\u00e9m do ESS em escala de servi\u00e7os p\u00fablicos, a Ampace destacar\u00e1 seu <b> portf\u00f3lio diversificado de solu\u00e7\u00f5es de energia verde <\/b>, alimentado por suas aplica\u00e7\u00f5es propriet\u00e1rias de tecnologia de c\u00e9lulas de bateria em <b> mobilidade eletr\u00f4nica, ferramentas el\u00e9tricas, drones e eletr\u00f4nicos de consumo <\/b>. Com mais de duas d\u00e9cadas de pesquisa e desenvolvimento de baterias e uma forte reputa\u00e7\u00e3o global, a Ampace est\u00e1 agora pronta para expandir seu impacto em todo o mercado sul-americano.<\/p>\n<p>Pessoas interessadas s\u00e3o bem-vindas para visitar o estande da Ampace no <b>estande n\u00ba B4.80<\/b>, ou envie uma mensagem para <a href=\"mailto:graceluo@exe-group.net\" target=\"_blank\" rel=\"nofollow\"> graceluo@exe-group.net<\/a> para agendar uma reuni\u00e3o individual. Walk-ins tamb\u00e9m s\u00e3o muito bem-vindos.<\/p>\n<p><b> Ampace ? Promovendo um amanh\u00e3 mais verde, hoje.<\/b>\n <\/p>\n<p>Sobre a Ampace:<\/p>\n<p>A Ampace Technology Limited (doravante denominada &#8220;Ampace&#8221;) \u00e9 uma inovadora mundialmente aclamada em novas tecnologias de energia, comprometida em fornecer solu\u00e7\u00f5es de energia verde com a melhor experi\u00eancia do usu\u00e1rio para criar o mundo \u00e0 frente e proporcionar uma vida melhor. No campo do armazenamento de energia, mobilidade el\u00e9trica, ferramentas el\u00e9tricas, aspiradores de p\u00f3, drones e muito mais, a Ampace estabeleceu amplas parcerias estrat\u00e9gicas com l\u00edderes do setor. A empresa \u00e9 conhecida por fornecer novos produtos e servi\u00e7os de energia caracterizados pela m\u00e1xima seguran\u00e7a, confiabilidade, desempenho e experi\u00eancia do usu\u00e1rio, atendendo a mais de 50 milh\u00f5es de clientes em 30 pa\u00edses e regi\u00f5es em todo o mundo.<\/p>\n<p>Foto &#8211; <a href=\"https:\/\/mma.prnewswire.com\/media\/2751256\/2025_08_15_120439_128.jpg\" target=\"_blank\" rel=\"nofollow\"> https:\/\/mma.prnewswire.com\/media\/2751256\/2025_08_15_120439_128.jpg<\/a><\/p>\n<p id=\"PURL\">\n<img loading=\"lazy\" decoding=\"async\" title=\"Cision\" width=\"12\" height=\"12\" alt=\"Cision\" src=\"https:\/\/c212.net\/c\/img\/favicon.png?sn=PT52320&amp;sd=2025-08-15\" \/> View original content:<a id=\"PRNURL\" rel=\"nofollow\" href=\"https:\/\/www.prnewswire.com\/br\/comunicados-para-a-imprensa\/ampace-traz-solucoes-de-ess-de-alta-eficiencia-para-a-intersolar-south-america-2025-pela-primeira-vez-302530996.html\" target=\"_blank\">https:\/\/www.prnewswire.com\/br\/comunicados-para-a-imprensa\/ampace-traz-solucoes-de-ess-de-alta-eficiencia-para-a-intersolar-south-america-2025-pela-primeira-vez-302530996.html<\/a><\/p>\n<p>FONTE Ampace<\/p>\n<\/p><\/div>\n<p>  <img decoding=\"async\" alt=\"\" src=\"https:\/\/rt.prnewswire.com\/rt.gif?NewsItemId=PT52320&amp;Transmission_Id=202508150744PR_NEWS_LATAM____PT52320&amp;DateId=20250815\" style=\"border:0px;width:1px;height:1px\" \/><\/p>\n<p><strong>T\u00f3picos Relacionados:<\/strong> Novos Produtos\/Servi\u00e7os, Not\u00edcias de Feiras Comerciais, Servi\u00e7os P\u00fablicos, Concession\u00e1rias de Energia El\u00e9trica, Produtos e Servi\u00e7os Ambientais, Energias Alternativas, Petr\u00f3leo\/Energia, Tecnologia Verde<\/p>\n<p>A <b>OESP<\/b> n\u00e3o \u00e9(s\u00e3o) respons\u00e1vel(is) por erros, incorre\u00e7\u00f5es, atrasos ou quaisquer decis\u00f5es tomadas por seus clientes com base nos Conte\u00fados ora disponibilizados, bem como tais Conte\u00fados n\u00e3o representam a opini\u00e3o da <b>OESP<\/b> e s\u00e3o de inteira responsabilidade da <b>PR Newswire Ltda<\/b><\/p>\n","protected":false},"excerpt":{"rendered":"S\u00c3O PAULO, 15 de agosto de 2025 \/PRNewswire\/ &#8212; A Ampace, l\u00edder global em tecnologias avan\u00e7adas de baterias de \u00edons de l\u00edtio, est\u00e1 pronta para fazer sua estreia na Intersolar South America","protected":false},"author":1,"featured_media":114551,"comment_status":"open","ping_status":"closed","sticky":false,"template":"","format":"standard","meta":{"_acf_changed":false,"inline_featured_image":false,"_monsterinsights_skip_tracking":false,"_monsterinsights_sitenote_active":false,"_monsterinsights_sitenote_note":"","_monsterinsights_sitenote_category":0,"footnotes":""},"categories":[27],"tags":[1220,1222,1221,1223],"class_list":["post-114550","post","type-post","status-publish","format-standard","has-post-thumbnail","hentry","category-prnewswire","tag-a-ampace","tag-esta-pronta-para-fazer-sua-estreia-na-intersolar-south-america-2025","tag-lider-global-em-tecnologias-avancadas-de-baterias-de-ions-de-litio","tag-que-acontece-de-26-a"],"acf":[],"_links":{"self":[{"href":"https:\/\/bluestudio.estadao.com.br\/agencia-de-comunicacao\/wp-json\/wp\/v2\/posts\/114550","targetHints":{"allow":["GET"]}}],"collection":[{"href":"https:\/\/bluestudio.estadao.com.br\/agencia-de-comunicacao\/wp-json\/wp\/v2\/posts"}],"about":[{"href":"https:\/\/bluestudio.estadao.com.br\/agencia-de-comunicacao\/wp-json\/wp\/v2\/types\/post"}],"author":[{"embeddable":true,"href":"https:\/\/bluestudio.estadao.com.br\/agencia-de-comunicacao\/wp-json\/wp\/v2\/users\/1"}],"replies":[{"embeddable":true,"href":"https:\/\/bluestudio.estadao.com.br\/agencia-de-comunicacao\/wp-json\/wp\/v2\/comments?post=114550"}],"version-history":[{"count":0,"href":"https:\/\/bluestudio.estadao.com.br\/agencia-de-comunicacao\/wp-json\/wp\/v2\/posts\/114550\/revisions"}],"wp:featuredmedia":[{"embeddable":true,"href":"https:\/\/bluestudio.estadao.com.br\/agencia-de-comunicacao\/wp-json\/wp\/v2\/media\/114551"}],"wp:attachment":[{"href":"https:\/\/bluestudio.estadao.com.br\/agencia-de-comunicacao\/wp-json\/wp\/v2\/media?parent=114550"}],"wp:term":[{"taxonomy":"category","embeddable":true,"href":"https:\/\/bluestudio.estadao.com.br\/agencia-de-comunicacao\/wp-json\/wp\/v2\/categories?post=114550"},{"taxonomy":"post_tag","embeddable":true,"href":"https:\/\/bluestudio.estadao.com.br\/agencia-de-comunicacao\/wp-json\/wp\/v2\/tags?post=114550"}],"curies":[{"name":"wp","href":"https:\/\/api.w.org\/{rel}","templated":true}]}}