{"id":114545,"date":"2025-08-15T08:12:00","date_gmt":"2025-08-15T11:12:00","guid":{"rendered":"https:\/\/bluestudio.estadao.com.br\/agencia-de-comunicacao\/prnewswire\/eaf-lanca-a-caravana-do-programa-brasil-antenado-em-sao-miguel-do-gostoso\/"},"modified":"2025-08-15T08:12:00","modified_gmt":"2025-08-15T11:12:00","slug":"eaf-lanca-a-caravana-do-programa-brasil-antenado-em-sao-miguel-do-gostoso","status":"publish","type":"post","link":"https:\/\/bluestudio.estadao.com.br\/agencia-de-comunicacao\/prnewswire\/eaf-lanca-a-caravana-do-programa-brasil-antenado-em-sao-miguel-do-gostoso\/","title":{"rendered":"EAF lan\u00e7a a caravana do programa Brasil Antenado em S\u00e3o Miguel do Gostoso"},"content":{"rendered":"\n<div class=\"xn-content\">\n<p class=\"prntac\"><i>Rio Grande do Norte ser\u00e1 o primeiro estado a receber a itiner\u00e2ncia nacional do programa, que tem o objetivo de ampliar a comunica\u00e7\u00e3o sobre a Pol\u00edtica P\u00fablica de distribui\u00e7\u00e3o da nova parab\u00f3lica digital<\/i>\n <\/p>\n<p><span class=\"legendSpanClass\">S\u00c3O PAULO<\/span>, <span class=\"legendSpanClass\">15 de agosto de 2025<\/span> \/PRNewswire\/ &#8212; A Entidade Administradora da Faixa (EAF) d\u00e1 in\u00edcio, nesta sexta-feira (15\/8), em S\u00e3o Miguel do Gostoso (RN), \u00e0 Caravana Brasil Antenado, iniciativa itinerante que percorrer\u00e1 173 munic\u00edpios em 10 estados brasileiros, cobrindo 35.345 km at\u00e9 abril de 2026, o equivalente a quase uma volta completa na Terra.<\/p>\n<div class=\"PRN_ImbeddedAssetReference\" id=\"DivAssetPlaceHolder6273\">\n  <a href=\"https:\/\/mma.prnewswire.com\/media\/2751147\/Brasil_Antenado__Cr_dito__Divulga__o_EAF.html\" target=\"_blank\" rel=\"nofollow\"> <img decoding=\"async\" src=\"https:\/\/mma.prnewswire.com\/media\/2751147\/Brasil_Antenado__Cr_dito__Divulga__o_EAF.jpg\" title=\"O programa Brasil Antenado atender\u00e1 323 munic\u00edpios em 16 estados at\u00e9 abril de 2026\" alt=\"O programa Brasil Antenado atender\u00e1 323 munic\u00edpios em 16 estados at\u00e9 abril de 2026\" \/>  <\/a>\n<\/p>\n<\/p><\/div>\n<p>No s\u00e1bado (16\/8), ser\u00e1 a vez de Flor\u00e2nia, no Serid\u00f3 potiguar, que tamb\u00e9m receber\u00e1 a carreta para orientar as fam\u00edlias de baixa renda com cadastro no Cad\u00danico. A a\u00e7\u00e3o conta com o apoio dos Centros de Refer\u00eancia de Assist\u00eancia Social (CRAS), lideran\u00e7as comunit\u00e1rias.<\/p>\n<p>O objetivo da caravana \u00e9 ampliar o alcance do Brasil Antenado, pol\u00edtica p\u00fablica do Minist\u00e9rio das Comunica\u00e7\u00f5es, executada pela EAF e coordenada pela Anatel, levando informa\u00e7\u00e3o e orienta\u00e7\u00e3o presencial \u00e0s fam\u00edlias de baixa renda inscritas no Cad\u00danico sobre a instala\u00e7\u00e3o gratuita da nova parab\u00f3lica digital.<\/p>\n<p>&#8220;O Brasil Antenado amplia a cobertura da TV aberta e gratuita e reafirma o compromisso da EAF com o direito de todos de se informar. Sempre dizemos que \u00e9 o Brasil que precisa ser visto, ouvido e antenado&#8221;, destaca Leandro Guerra, CEO da EAF.\u00a0<\/p>\n<p>A carreta customizada permanecer\u00e1 um dia em cada cidade, oferecendo atendimento, demonstra\u00e7\u00f5es pr\u00e1ticas da nova parab\u00f3lica e orienta\u00e7\u00f5es para agendamento. A a\u00e7\u00e3o prioriza munic\u00edpios remotos ou com infraestrutura digital limitada, garantindo que a popula\u00e7\u00e3o compreenda os benef\u00edcios do novo equipamento, que oferece acesso gratuito a mais de 100 canais, com som e imagem em alta defini\u00e7\u00e3o e maior estabilidade de sinal.<\/p>\n<p>Nesta primeira fase da caravana, que vai at\u00e9 11 de outubro, ser\u00e3o visitadas 44 cidades nos estados do Rio Grande do Norte, Cear\u00e1, Piau\u00ed, Maranh\u00e3o e Par\u00e1.<\/p>\n<p><b>Brasil Antenado<\/b>\n <\/p>\n<p>O programa foi viabilizado a partir da portaria MCom n\u00ba?17.337, de 7 de abril de 2025. Seu objetivo central \u00e9 assegurar o acesso \u00e0 informa\u00e7\u00e3o como direito fundamental, principalmente em regi\u00f5es com sinal insuficiente, promovendo uma transforma\u00e7\u00e3o estrutural no acesso \u00e0 televis\u00e3o aberta e gratuita para diversas fam\u00edlias.<\/p>\n<p>Ao todo, o programa atender\u00e1 323 munic\u00edpios, em 16 estados, de forma faseada e at\u00e9 abril de 2026.<\/p>\n<ul type=\"disc\">\n<li>  <b> Fase A (14\/07?12\/10\/2025)<\/b>: 77 munic\u00edpios em 6 estados (MA, PI, PA, CE, RN e PE) ? mais de 220 mil fam\u00edlias aptas.<\/li>\n<li>  <b> Fase B (13\/10\/2025?11\/01\/2026)<\/b>: 138 munic\u00edpios em 5 estados (TO, PA, RR, PI, MA) ? mais de 228 mil fam\u00edlias aptas.<\/li>\n<li>  <b> Fase C (12\/01?12\/04\/2026)<\/b>: 108 munic\u00edpios em 8 estados (ES, MG, GO, BA, MT, MS, RO, RS) ? mais de 222 mil fam\u00edlias aptas.<\/li>\n<\/ul>\n<p>A lista completa de cidades est\u00e1 dispon\u00edvel no site oficial <a href=\"http:\/\/www.brasilantenado.org.br\/\" target=\"_blank\" rel=\"nofollow\">brasilantenado.org.br<\/a>.<\/p>\n<p><b>Agendamento gratuito<\/b>\n <\/p>\n<p>As fam\u00edlias inscritas no <b>Cad\u00danico<\/b>\u00a0nas cidades contempladas podem agendar a instala\u00e7\u00e3o pelo site <a href=\"http:\/\/www.brasilantenado.org.br\/\" target=\"_blank\" rel=\"nofollow\">brasilantenado.org.br<\/a> ou pelo telefone <b>0800 729 2404<\/b>\u00a0(tamb\u00e9m WhatsApp). Todo o processo \u00e9 gratuito, incluindo fornecimento e instala\u00e7\u00e3o do kit da nova parab\u00f3lica\u00a0digital.<\/p>\n<p>Foto &#8211; <a href=\"https:\/\/mma.prnewswire.com\/media\/2751147\/Brasil_Antenado__Cr_dito__Divulga__o_EAF.jpg\" target=\"_blank\" rel=\"nofollow\">https:\/\/mma.prnewswire.com\/media\/2751147\/Brasil_Antenado__Cr_dito__Divulga__o_EAF.jpg<\/a><\/p>\n<div class=\"PRN_ImbeddedAssetReference\" id=\"DivAssetPlaceHolder0\"><\/div>\n<p id=\"PURL\">\n<img loading=\"lazy\" decoding=\"async\" title=\"Cision\" width=\"12\" height=\"12\" alt=\"Cision\" src=\"https:\/\/c212.net\/c\/img\/favicon.png?sn=PT52229&amp;sd=2025-08-15\" \/> View original content to download multimedia:<a id=\"PRNURL\" rel=\"nofollow\" href=\"https:\/\/www.prnewswire.com\/br\/comunicados-para-a-imprensa\/eaf-lanca-a-caravana-do-programa-brasil-antenado-em-sao-miguel-do-gostoso-302530958.html\" target=\"_blank\">https:\/\/www.prnewswire.com\/br\/comunicados-para-a-imprensa\/eaf-lanca-a-caravana-do-programa-brasil-antenado-em-sao-miguel-do-gostoso-302530958.html<\/a><\/p>\n<p>FONTE Entidade Administradora da Faixa (EAF)<\/p>\n<\/p><\/div>\n<p>  <img decoding=\"async\" alt=\"\" src=\"https:\/\/rt.prnewswire.com\/rt.gif?NewsItemId=PT52229&amp;Transmission_Id=202508150700PR_NEWS_LATAM____PT52229&amp;DateId=20250815\" style=\"border:0px;width:1px;height:1px\" \/><\/p>\n<p><strong>T\u00f3picos Relacionados:<\/strong> Pol\u00edtica Ambiental, Tecnologia de Internet, Pol\u00edtica Dom\u00e9stica, Ambiental, Social e Governan\u00e7a, Televis\u00e3o, Not\u00edcias de Interesse P\u00fablico<\/p>\n<p>A <b>OESP<\/b> n\u00e3o \u00e9(s\u00e3o) respons\u00e1vel(is) por erros, incorre\u00e7\u00f5es, atrasos ou quaisquer decis\u00f5es tomadas por seus clientes com base nos Conte\u00fados ora disponibilizados, bem como tais Conte\u00fados n\u00e3o representam a opini\u00e3o da <b>OESP<\/b> e s\u00e3o de inteira responsabilidade da <b>PR Newswire Ltda<\/b><\/p>\n","protected":false},"excerpt":{"rendered":"Rio Grande do Norte ser\u00e1 o primeiro estado a receber a itiner\u00e2ncia nacional do programa, que tem o objetivo de ampliar a comunica\u00e7\u00e3o sobre a Pol\u00edtica P\u00fablica de distribui\u00e7\u00e3o da nova","protected":false},"author":1,"featured_media":114546,"comment_status":"open","ping_status":"closed","sticky":false,"template":"","format":"standard","meta":{"_acf_changed":false,"inline_featured_image":false,"_monsterinsights_skip_tracking":false,"_monsterinsights_sitenote_active":false,"_monsterinsights_sitenote_note":"","_monsterinsights_sitenote_category":0,"footnotes":""},"categories":[27],"tags":[1216,1213,1215,1217,1214],"class_list":["post-114545","post","type-post","status-publish","format-standard","has-post-thumbnail","hentry","category-prnewswire","tag-a-caravana-brasil-antenado","tag-a-entidade-administradora-da-faixa-eaf-da-inicio","tag-em-sao-miguel-do-gostoso-rn","tag-iniciativa-itinerante-que-percorrera-173-m","tag-nesta-sexta-feira-15-8"],"acf":[],"_links":{"self":[{"href":"https:\/\/bluestudio.estadao.com.br\/agencia-de-comunicacao\/wp-json\/wp\/v2\/posts\/114545","targetHints":{"allow":["GET"]}}],"collection":[{"href":"https:\/\/bluestudio.estadao.com.br\/agencia-de-comunicacao\/wp-json\/wp\/v2\/posts"}],"about":[{"href":"https:\/\/bluestudio.estadao.com.br\/agencia-de-comunicacao\/wp-json\/wp\/v2\/types\/post"}],"author":[{"embeddable":true,"href":"https:\/\/bluestudio.estadao.com.br\/agencia-de-comunicacao\/wp-json\/wp\/v2\/users\/1"}],"replies":[{"embeddable":true,"href":"https:\/\/bluestudio.estadao.com.br\/agencia-de-comunicacao\/wp-json\/wp\/v2\/comments?post=114545"}],"version-history":[{"count":0,"href":"https:\/\/bluestudio.estadao.com.br\/agencia-de-comunicacao\/wp-json\/wp\/v2\/posts\/114545\/revisions"}],"wp:featuredmedia":[{"embeddable":true,"href":"https:\/\/bluestudio.estadao.com.br\/agencia-de-comunicacao\/wp-json\/wp\/v2\/media\/114546"}],"wp:attachment":[{"href":"https:\/\/bluestudio.estadao.com.br\/agencia-de-comunicacao\/wp-json\/wp\/v2\/media?parent=114545"}],"wp:term":[{"taxonomy":"category","embeddable":true,"href":"https:\/\/bluestudio.estadao.com.br\/agencia-de-comunicacao\/wp-json\/wp\/v2\/categories?post=114545"},{"taxonomy":"post_tag","embeddable":true,"href":"https:\/\/bluestudio.estadao.com.br\/agencia-de-comunicacao\/wp-json\/wp\/v2\/tags?post=114545"}],"curies":[{"name":"wp","href":"https:\/\/api.w.org\/{rel}","templated":true}]}}