{"id":114537,"date":"2025-08-15T04:12:00","date_gmt":"2025-08-15T07:12:00","guid":{"rendered":"https:\/\/bluestudio.estadao.com.br\/agencia-de-comunicacao\/releases\/releases-geral\/eaaci-lanca-campanha-global-de-conscientizacao-sobre-alergia-a-antibioticos-no-congresso-eaaci-2025-eaaci-congress-2025\/"},"modified":"2025-08-15T04:12:00","modified_gmt":"2025-08-15T07:12:00","slug":"eaaci-lanca-campanha-global-de-conscientizacao-sobre-alergia-a-antibioticos-no-congresso-eaaci-2025-eaaci-congress-2025","status":"publish","type":"post","link":"https:\/\/bluestudio.estadao.com.br\/agencia-de-comunicacao\/releases\/releases-geral\/eaaci-lanca-campanha-global-de-conscientizacao-sobre-alergia-a-antibioticos-no-congresso-eaaci-2025-eaaci-congress-2025\/","title":{"rendered":"EAACI lan\u00e7a campanha global de conscientiza\u00e7\u00e3o sobre alergia a antibi\u00f3ticos no Congresso EAACI 2025 (EAACI Congress 2025)"},"content":{"rendered":"<p>ZURIQUE, Aug.  15, 2025  (GLOBE NEWSWIRE) &#8212; A EAACI lan\u00e7ou sua Campanha de Conscientiza\u00e7\u00e3o sobre Alergia a Antibi\u00f3ticos durante seu Congresso de 2025, realizado em Glasgow. A iniciativa d\u00e1 in\u00edcio a um esfor\u00e7o global para abordar a rotulagem incorreta e sua liga\u00e7\u00e3o com a resist\u00eancia antimicrobiana (RAM).<\/p>\n<p align=\"center\"><img decoding=\"async\" height=\"NaN\" src=\"https:\/\/ml-eu.globenewswire.com\/Resource\/Download\/2b419065-19d0-4d24-989c-e22fd2ba72fb\/image1.jpg\" width=\"600\" \/><\/p>\n<p><strong>Uma chamada global \u00e0 a\u00e7\u00e3o<\/strong><\/p>\n<p>A rotulagem incorreta de alergias a antibi\u00f3ticos afeta milh\u00f5es de pessoas no mundo todo. Informa\u00e7\u00f5es incorretas nos r\u00f3tulos resultam na evita\u00e7\u00e3o de tratamentos de primeira linha e no uso excessivo de antibi\u00f3ticos de segunda linha, alimentando a RAM. A EAACI faz um apelo a todas as partes interessadas para que promovam o diagn\u00f3stico preciso e o uso respons\u00e1vel de antibi\u00f3ticos.<\/p>\n<p>Estamos lan\u00e7ando um movimento  n\u00e3o um momento, declarou Maria Torres, presidente da EAACI.\u00a0Muitas vidas s\u00e3o impactadas pela n\u00e3o verifica\u00e7\u00e3o das informa\u00e7\u00f5es sobre alergias em r\u00f3tulos, limitando as op\u00e7\u00f5es de tratamento e piorando os resultados em termos de sa\u00fade. Esta campanha cria uma din\u00e2mica que favorece a corre\u00e7\u00e3o de r\u00f3tulos, uma melhora na seguran\u00e7a e a preserva\u00e7\u00e3o dos antibi\u00f3ticos para as gera\u00e7\u00f5es futuras. Corrigir as informa\u00e7\u00f5es dos r\u00f3tulos significa salvar vidas  hoje e amanh\u00e3.<\/p>\n<p><strong>Objetivos da campanha:<\/strong><\/p>\n<ul type=\"disc\">\n<li style=\"margin-bottom:8pt\">Ampliar a conscientiza\u00e7\u00e3o sobre os perigos da rotulagem incorreta de alergias a antibi\u00f3ticos<\/li>\n<li style=\"margin-bottom:8pt\">Capacitar os pacientes e profissionais de sa\u00fade com ferramentas e treinamento<\/li>\n<li style=\"margin-bottom:8pt\">Promover protocolos de avalia\u00e7\u00e3o de alergias amparados em evid\u00eancias<\/li>\n<li style=\"margin-bottom:8pt\">Incentivar a prescri\u00e7\u00e3o racional dos antibi\u00f3ticos, a fim de proteger a efic\u00e1cia em longo prazo<\/li>\n<\/ul>\n<p><strong>Superar os obst\u00e1culos<\/strong><\/p>\n<p>Muitos pacientes mant\u00eam r\u00f3tulos de alergia desatualizados, n\u00e3o verificados ou relatados pelos pr\u00f3prios pacientes, o que diminui as op\u00e7\u00f5es de tratamento e aumenta os riscos. A campanha aborda essas quest\u00f5es por meio de educa\u00e7\u00e3o, treinamento e defesa dos direitos.<\/p>\n<p><strong>Recursos para impulsionar as mudan\u00e7as<\/strong><\/p>\n<p>Um destaque central da campanha \u00e9 um breve v\u00eddeo educativo que explica as alergias a antibi\u00f3ticos e por que as informa\u00e7\u00f5es corretas em r\u00f3tulos s\u00e3o importantes. O Kit Promocional 2025 oferece ferramentas para ampliar a campanha em todas as plataformas.<\/p>\n<p><strong>Junte-se ao movimento<\/strong><\/p>\n<p>Lan\u00e7ada sob o slogan <strong>Correct Labels, Better Lives<\/strong> (R\u00f3tulos corretos, vidas melhores), a campanha convida profissionais, educadores, institui\u00e7\u00f5es e indiv\u00edduos a se juntarem a este esfor\u00e7o global de conscientiza\u00e7\u00e3o. Juntos, podemos proteger a efic\u00e1cia dos antibi\u00f3ticos.<\/p>\n<p><strong>Explore a campanha e baixe os recursos:<\/strong> <a href=\"https:\/\/www.globenewswire.com\/Tracker?data=cWDZoiFTd7IrzV7c5efve6aX1IZB9j2p3kV4DuIg_62Zwopax9gXl7UkAynfRlotvpNNhEApK_EDoF4slAZcuAZ-az6JH9dn1hC2aNt0CN22gEvaAlzLgIIh5Dap904AN0DLUw-YdJwFq2c1jIv7NIBOi9hXXqiqwstDyXc6aC4K2uuhOHl6277fcrbz9eUVStLZIIj2QItjO1sjBa_0Cw==\" rel=\"nofollow\" target=\"_blank\">https:\/\/eaaci.org\/eaaci-antibiotic-allergy-awareness-campaign\/<\/a><\/p>\n<p><strong>Sobre a EAACI<\/strong><\/p>\n<p>A Academia Europeia de Alergia e Imunologia Cl\u00ednica (The European Academy of Allergy and Clinical Immunology, EAACI) \u00e9 a maior associa\u00e7\u00e3o profissional da Europa na \u00e1rea, comprometida em promover a pesquisa e o tratamento de pessoas afetadas por doen\u00e7as al\u00e9rgicas.<\/p>\n<p>Saiba mais em <a href=\"https:\/\/www.globenewswire.com\/Tracker?data=cWDZoiFTd7IrzV7c5efvewK2tJ8ipfIda8UYnvnQdXqb3GZWOaqapAWM4oYKtGLKo4BAE2Svv3axFSiM68dcpSvO3ZmimsLwfg4ve9Wmhmw=\" rel=\"nofollow\" target=\"_blank\">https:\/\/eaaci.org<\/a><\/p>\n<p>Contato: communications@eaaci.org \/ +41 44 205 55 33<\/p>\n<p>Uma foto que acompanha este an\u00fancio est\u00e1 dispon\u00edvel em <a href=\"https:\/\/www.globenewswire.com\/Tracker?data=cWDZoiFTd7IrzV7c5efvezhUrUd9pAcXq6LGjAw7Y7lAgyxItn06omjpFCx87szQd71gAnFCfI79I4eTLP19RTbgBMwJPU0SPV-Ei0jOoc-Ml5A0CG0xB_wDt8rcy38QBY4YPZfhUqC7ELHUtYotQwfB8wd6LuDxGjSnRJ3z7_FhwAN1QabBuYpfKZN7t--wsFQl3LBLQwU9yUJ--1i53v6yvbcLecx6MvcY7fKBkCyUn5wmomPqFrp71dn8jG8Fov64U7ZV63mLaqh4sOe2Pw==\" rel=\"nofollow\" target=\"_blank\">http:\/\/www.globenewswire.com\/NewsRoom\/AttachmentNg\/f2d7cd4b-652b-4207-9c07-315528446450<\/a><\/p>\n<p> <img decoding=\"async\" alt=\"\" class=\"__GNW8366DE3E__IMG\" src=\"https:\/\/www.globenewswire.com\/newsroom\/ti?nf=MTAwMTEyMjkxMCM0MDIxOTcyODQjMjI2MTMzNw==\" \/> <br \/><img decoding=\"async\" alt=\"\" src=\"https:\/\/ml-eu.globenewswire.com\/media\/NjE5MTZlNmItZmVkOS00YjRmLWE4Y2EtMTYwOGVlMjdmMWQzLTEyNzI4ODctMjAyNS0wOC0xNS1wdA==\/tiny\/European-Academy-of-Allergy-an.png\" \/><br \/>\n<a href=\"https:\/\/www.globenewswire.com\/NewsRoom\/AttachmentNg\/f4b92ae8-0022-43fa-b8a3-bbe4246a45cd\"><img loading=\"lazy\" decoding=\"async\" src=\"https:\/\/ml-eu.globenewswire.com\/media\/f4b92ae8-0022-43fa-b8a3-bbe4246a45cd\/small\/eaaci-logo-png.png\" border=\"0\" width=\"150\" height=\"34\" alt=\"Primary Logo\" \/><\/a><\/p>\n<p>A <b>OESP<\/b> nao e(sao) responsavel(is) por erros, incorrecoes, atrasos ou quaisquer decisoes tomadas por seus clientes com base nos Conteudos ora disponibilizados, bem como tais Conteudos nao representam a opiniao da <b>OESP<\/b> e sao de inteira responsabilidade da <b>GlobeNewswire<\/b><\/p>\n","protected":false},"excerpt":{"rendered":"ZURIQUE, Aug.  15, 2025  (GLOBE NEWSWIRE) &#8212; A EAACI lan\u00e7ou sua Campanha de Conscientiza\u00e7\u00e3o sobre Alergia a Antibi\u00f3ticos durante seu Congresso de 2025, realizado em Glasgow","protected":false},"author":1,"featured_media":0,"comment_status":"open","ping_status":"closed","sticky":false,"template":"","format":"standard","meta":{"_acf_changed":false,"inline_featured_image":false,"_monsterinsights_skip_tracking":false,"_monsterinsights_sitenote_active":false,"_monsterinsights_sitenote_note":"","_monsterinsights_sitenote_category":0,"footnotes":""},"categories":[34],"tags":[],"class_list":["post-114537","post","type-post","status-publish","format-standard","hentry","category-releases-geral"],"acf":[],"_links":{"self":[{"href":"https:\/\/bluestudio.estadao.com.br\/agencia-de-comunicacao\/wp-json\/wp\/v2\/posts\/114537","targetHints":{"allow":["GET"]}}],"collection":[{"href":"https:\/\/bluestudio.estadao.com.br\/agencia-de-comunicacao\/wp-json\/wp\/v2\/posts"}],"about":[{"href":"https:\/\/bluestudio.estadao.com.br\/agencia-de-comunicacao\/wp-json\/wp\/v2\/types\/post"}],"author":[{"embeddable":true,"href":"https:\/\/bluestudio.estadao.com.br\/agencia-de-comunicacao\/wp-json\/wp\/v2\/users\/1"}],"replies":[{"embeddable":true,"href":"https:\/\/bluestudio.estadao.com.br\/agencia-de-comunicacao\/wp-json\/wp\/v2\/comments?post=114537"}],"version-history":[{"count":0,"href":"https:\/\/bluestudio.estadao.com.br\/agencia-de-comunicacao\/wp-json\/wp\/v2\/posts\/114537\/revisions"}],"wp:attachment":[{"href":"https:\/\/bluestudio.estadao.com.br\/agencia-de-comunicacao\/wp-json\/wp\/v2\/media?parent=114537"}],"wp:term":[{"taxonomy":"category","embeddable":true,"href":"https:\/\/bluestudio.estadao.com.br\/agencia-de-comunicacao\/wp-json\/wp\/v2\/categories?post=114537"},{"taxonomy":"post_tag","embeddable":true,"href":"https:\/\/bluestudio.estadao.com.br\/agencia-de-comunicacao\/wp-json\/wp\/v2\/tags?post=114537"}],"curies":[{"name":"wp","href":"https:\/\/api.w.org\/{rel}","templated":true}]}}