{"id":114501,"date":"2025-08-14T09:12:00","date_gmt":"2025-08-14T12:12:00","guid":{"rendered":"https:\/\/bluestudio.estadao.com.br\/agencia-de-comunicacao\/prnewswire\/itau-unibanco-itau-day-2025-2\/"},"modified":"2025-08-14T09:12:00","modified_gmt":"2025-08-14T12:12:00","slug":"itau-unibanco-itau-day-2025-2","status":"publish","type":"post","link":"https:\/\/bluestudio.estadao.com.br\/agencia-de-comunicacao\/prnewswire\/itau-unibanco-itau-day-2025-2\/","title":{"rendered":"ITA\u00da UNIBANCO &#8211; ITA\u00da DAY 2025"},"content":{"rendered":"\n<div class=\"xn-content\">\n<p><span class=\"legendSpanClass\">S\u00c3O PAULO<\/span>, <span class=\"legendSpanClass\">14 de agosto de 2025<\/span> \/PRNewswire\/ &#8212; No dia 02 de setembro de 2025, das 9h \u00e0s 12h (hor\u00e1rio de Bras\u00edlia) \/ das 8h \u00e0s 11h (EDT), convidamos voc\u00ea para um encontro on-line onde nossos executivos compartilhar\u00e3o as evolu\u00e7\u00f5es dos nossos neg\u00f3cios e seus impactos na experi\u00eancia dos nossos clientes.<\/p>\n<div id=\"prni_dvprnejpgbd9bleft\" dir=\"ltr\" style=\"width: 100%;text-align: left\"><img decoding=\"async\" id=\"prnejpgbd9bleft\" style=\"width: 400px;height: 400px\" title=\" \" src=\"https:\/\/mma.prnewswire.com\/media\/2600067\/5120544\/ITAU_LOGO_POS_HEX_680X680_Logo.jpg\" alt=\" \" align=\"middle\" \/> <\/div>\n<p>Para participar do evento, cadastre-se no link a seguir:<\/p>\n<p><a href=\"https:\/\/live.popcast.com.br\/itauday2025\/Default.aspx\" target=\"_blank\" rel=\"nofollow\">Ita\u00fa Day 2025<\/a>\n <\/p>\n<p>Os participantes do nosso encontro ser\u00e3o: Milton Maluhy ? CEO, Pedro Moreira Salles e Roberto Setubal ? Copresidentes do Conselho de Administra\u00e7\u00e3o e os Membros do Comit\u00ea Executivo.<\/p>\n<p>Acompanhe as novidades do Ita\u00fa Unibanco em nosso site de <a href=\"https:\/\/www.itau.com.br\/relacoes-com-investidores\/\" target=\"_blank\" rel=\"nofollow\">Rela\u00e7\u00f5es com Investidores<\/a>.<\/p>\n<p><b>Contato:<\/b>\n <\/p>\n<p><b>Ita\u00fa Unibanco ? Comunica\u00e7\u00e3o Corporativa<br \/><\/b><br \/>\n<b>Phone:\u00a0<\/b>(11) 5019-8880 \/ 8881<br \/><b>E-mail:\u00a0<\/b><a href=\"mailto:imprensa@itau-unibanco.com.br\" target=\"_blank\" rel=\"nofollow\">imprensa@itau-unibanco.com.br<\/a><\/p>\n<p>Logo &#8211;\u00a0<a href=\"https:\/\/mma.prnewswire.com\/media\/2600067\/5120544\/ITAU_LOGO_POS_HEX_680X680_Logo.jpg\" target=\"_blank\" rel=\"nofollow\">https:\/\/mma.prnewswire.com\/media\/2600067\/5120544\/ITAU_LOGO_POS_HEX_680X680_Logo.jpg<\/a>\u00a0\u00a0<\/p>\n<p>\u00a0<\/p>\n<p id=\"PURL\">\n<img loading=\"lazy\" decoding=\"async\" title=\"Cision\" width=\"12\" height=\"12\" alt=\"Cision\" src=\"https:\/\/c212.net\/c\/img\/favicon.png?sn=PT51644&amp;sd=2025-08-14\" \/> View original content:<a id=\"PRNURL\" rel=\"nofollow\" href=\"https:\/\/www.prnewswire.com\/br\/comunicados-para-a-imprensa\/itau-unibanco---itau-day-2025-302530146.html\" target=\"_blank\">https:\/\/www.prnewswire.com\/br\/comunicados-para-a-imprensa\/itau-unibanco&#8212;itau-day-2025-302530146.html<\/a><\/p>\n<p>FONTE Ita\u00fa Unibanco Holding S.A.<\/p>\n<\/p><\/div>\n<p>  <img decoding=\"async\" alt=\"\" src=\"https:\/\/rt.prnewswire.com\/rt.gif?NewsItemId=PT51644&amp;Transmission_Id=202508140805PR_NEWS_LATAM____PT51644&amp;DateId=20250814\" style=\"border:0px;width:1px;height:1px\" \/><\/p>\n<p><strong>T\u00f3picos Relacionados:<\/strong> An\u00fancios de Confer\u00eancias Telef\u00f4nicas, Servi\u00e7os Banc\u00e1rios\/Financeiros<\/p>\n<p>A <b>OESP<\/b> n\u00e3o \u00e9(s\u00e3o) respons\u00e1vel(is) por erros, incorre\u00e7\u00f5es, atrasos ou quaisquer decis\u00f5es tomadas por seus clientes com base nos Conte\u00fados ora disponibilizados, bem como tais Conte\u00fados n\u00e3o representam a opini\u00e3o da <b>OESP<\/b> e s\u00e3o de inteira responsabilidade da <b>PR Newswire Ltda<\/b><\/p>\n","protected":false},"excerpt":{"rendered":"S\u00c3O PAULO, 14 de agosto de 2025 \/PRNewswire\/ &#8212; No dia 02 de setembro de 2025, das 9h \u00e0s 12h (hor\u00e1rio de Bras\u00edlia) \/ das 8h \u00e0s 11h (EDT), convidamos voc\u00ea para um encontro on-line onde","protected":false},"author":1,"featured_media":114502,"comment_status":"open","ping_status":"closed","sticky":false,"template":"","format":"standard","meta":{"_acf_changed":false,"inline_featured_image":false,"_monsterinsights_skip_tracking":false,"_monsterinsights_sitenote_active":false,"_monsterinsights_sitenote_note":"","_monsterinsights_sitenote_category":0,"footnotes":""},"categories":[27],"tags":[1168,1167,1000],"class_list":["post-114501","post","type-post","status-publish","format-standard","has-post-thumbnail","hentry","category-prnewswire","tag-convidamos-voce-para-um-encontro-on-line-onde-nossos-executivos-compartilharao-as-evoluco","tag-das-9h-as-12h-horario-de-brasilia-das-8h-as-11h-edt","tag-no-dia-02-de-setembro-de-2025"],"acf":[],"_links":{"self":[{"href":"https:\/\/bluestudio.estadao.com.br\/agencia-de-comunicacao\/wp-json\/wp\/v2\/posts\/114501","targetHints":{"allow":["GET"]}}],"collection":[{"href":"https:\/\/bluestudio.estadao.com.br\/agencia-de-comunicacao\/wp-json\/wp\/v2\/posts"}],"about":[{"href":"https:\/\/bluestudio.estadao.com.br\/agencia-de-comunicacao\/wp-json\/wp\/v2\/types\/post"}],"author":[{"embeddable":true,"href":"https:\/\/bluestudio.estadao.com.br\/agencia-de-comunicacao\/wp-json\/wp\/v2\/users\/1"}],"replies":[{"embeddable":true,"href":"https:\/\/bluestudio.estadao.com.br\/agencia-de-comunicacao\/wp-json\/wp\/v2\/comments?post=114501"}],"version-history":[{"count":0,"href":"https:\/\/bluestudio.estadao.com.br\/agencia-de-comunicacao\/wp-json\/wp\/v2\/posts\/114501\/revisions"}],"wp:featuredmedia":[{"embeddable":true,"href":"https:\/\/bluestudio.estadao.com.br\/agencia-de-comunicacao\/wp-json\/wp\/v2\/media\/114502"}],"wp:attachment":[{"href":"https:\/\/bluestudio.estadao.com.br\/agencia-de-comunicacao\/wp-json\/wp\/v2\/media?parent=114501"}],"wp:term":[{"taxonomy":"category","embeddable":true,"href":"https:\/\/bluestudio.estadao.com.br\/agencia-de-comunicacao\/wp-json\/wp\/v2\/categories?post=114501"},{"taxonomy":"post_tag","embeddable":true,"href":"https:\/\/bluestudio.estadao.com.br\/agencia-de-comunicacao\/wp-json\/wp\/v2\/tags?post=114501"}],"curies":[{"name":"wp","href":"https:\/\/api.w.org\/{rel}","templated":true}]}}