{"id":114414,"date":"2025-08-12T14:41:00","date_gmt":"2025-08-12T17:41:00","guid":{"rendered":"https:\/\/bluestudio.estadao.com.br\/agencia-de-comunicacao\/releases\/releases-geral\/leilao-de-veiculos-de-secretaria-estadual-traz-quase-800-oportunidades\/"},"modified":"2025-08-12T14:41:00","modified_gmt":"2025-08-12T17:41:00","slug":"leilao-de-veiculos-de-secretaria-estadual-traz-quase-800-oportunidades","status":"publish","type":"post","link":"https:\/\/bluestudio.estadao.com.br\/agencia-de-comunicacao\/releases\/releases-geral\/leilao-de-veiculos-de-secretaria-estadual-traz-quase-800-oportunidades\/","title":{"rendered":"Leil\u00e3o de ve\u00edculos de secretaria estadual traz quase 800 oportunidades"},"content":{"rendered":"<p>Exclusivamente na modalidade online, preg\u00e3o organizado pela Sodr\u00e9 Santoro possui desde autom\u00f3veis conservados at\u00e9 sucatas<\/p>\n<p>A Secretaria de Gest\u00e3o e Governo Digital do Estado de S\u00e3o Paulo realiza por meio da Diretoria de Mobilidade Interna um <a href=\"https:\/\/www.sodresantoro.com.br\/leilao\/27393?page=1\" target=\"_blank\"><u>leil\u00e3o para a venda de ve\u00edculos<\/u><\/a>. O preg\u00e3o na modalidade online ser\u00e1 realizado no dia 20 de agosto, das 10 \u00e0s 16 horas (hor\u00e1rio de Bras\u00edlia), exclusivamente no site <a href=\"https:\/\/www.sodresantoro.com.br\/\" target=\"_blank\"><u>www.sodresantoro.com.br<\/u><\/a>.<\/p>\n<p>No total, o evento conta com 774 lotes, com oportunidades que v\u00e3o desde ve\u00edculos conservados e destinados \u00e0 circula\u00e7\u00e3o at\u00e9 sucatas aproveit\u00e1veis com motor inserv\u00edvel.<\/p>\n<p>Podem participar do leil\u00e3o tanto pessoas f\u00edsicas quanto jur\u00eddicas, desde que cumpram as condi\u00e7\u00f5es estabelecidas no <a href=\"https:\/\/arquivos.sodresantoro.com.br\/anexos\/27393_NULL_27568.pdf\" target=\"_blank\"><u>edital<\/u><\/a>. Os interessados precisam se cadastrar gratuitamente e de forma pr\u00e9via no site da Sodr\u00e9 Santoro.<\/p>\n<p><b>Detalhes sobre o leil\u00e3o<\/b><\/p>\n<p>O preg\u00e3o para a venda de ve\u00edculos da Secretaria de Gest\u00e3o e Governo Digital do Estado de S\u00e3o Paulo conta com o suporte da <a href=\"https:\/\/www.sodresantoro.com.br\/\" target=\"_blank\"><u>Sodr\u00e9 Santoro<\/u><\/a>, organiza\u00e7\u00e3o fundada em 1979 que se tornou uma das maiores refer\u00eancias no Brasil no segmento de leil\u00f5es online e presenciais.<\/p>\n<p>O trabalho de excel\u00eancia \u00e9 fruto dos investimentos significativos em tecnologia e na forma\u00e7\u00e3o e manuten\u00e7\u00e3o de uma equipe de profissionais altamente qualificados.<\/p>\n<p>Todas as informa\u00e7\u00f5es referentes ao leil\u00e3o est\u00e3o dispon\u00edveis no <a href=\"https:\/\/arquivos.sodresantoro.com.br\/anexos\/27393_NULL_27568.pdf\" target=\"_blank\"><u>edital<\/u><\/a>. Por sua vez, os detalhes sobre cada um dos ve\u00edculos est\u00e3o distribu\u00eddos em dois anexos.<\/p>\n<p>O <a href=\"https:\/\/arquivos.sodresantoro.com.br\/anexos\/27393_NULL_27569.pdf\" target=\"_blank\"><u>Anexo I<\/u><\/a> traz as informa\u00e7\u00f5es sobre 728 lotes de ve\u00edculos conservados e destinados \u00e0 circula\u00e7\u00e3o. J\u00e1 o <a href=\"https:\/\/arquivos.sodresantoro.com.br\/anexos\/27393_NULL_27570.pdf\" target=\"_blank\"><u>Anexo II<\/u><\/a> corresponde a 46 lotes de sucatas aproveit\u00e1veis e sucatas aproveit\u00e1veis com motor inserv\u00edvel sem direito a documento.<\/p>\n<p>Sem a necessidade de pr\u00e9vio agendamento, os interessados podem visitar os ve\u00edculos listados entre os dias 18 e 19 de agosto, das 9 \u00e0s 12 horas e das 14 \u00e0s 17 horas, no P\u00e1tio Sodr\u00e9 Santoro Limeira, que fica na Via Prefeito Jurandyr Paix\u00e3o de Campos Freire, n\u00famero 1.000, bairro Campo Belo, em Limeira, no interior de S\u00e3o Paulo.<\/p>\n<p>Conforme estabelecido no edital, o licitante vencedor precisar\u00e1 pagar \u00e0 vista o valor arrematado, acrescido de 5% a t\u00edtulo de comiss\u00e3o do leiloeiro. \u00c9 importante ainda salientar que, no caso de ve\u00edculos com documenta\u00e7\u00e3o, ser\u00e1 acrescido ainda o valor de R$ 22,06 referente \u00e0 taxa de reconhecimento de firma no Certificado de Registro de Ve\u00edculo (CRV) ou Autoriza\u00e7\u00e3o para Transfer\u00eancia de Propriedade de Ve\u00edculo (ATPV-e).<\/p>\n<p><b>Quase 800 oportunidades<\/b><\/p>\n<p>Com 774 lotes \u00e0 disposi\u00e7\u00e3o, o leil\u00e3o da Secretaria de Gest\u00e3o e Governo Digital do Estado de S\u00e3o Paulo reserva diversas oportunidades, com pre\u00e7os bem variados.<\/p>\n<p>Os valores iniciais de lance come\u00e7am com R$ 200. Este \u00e9 o caso das sucatas de <a href=\"https:\/\/leilao.sodresantoro.com.br\/leilao\/27393\/lote\/2657239\/\" target=\"_blank\"><u>F100A 86\/86<\/u><\/a>, <a href=\"https:\/\/leilao.sodresantoro.com.br\/leilao\/27393\/lote\/2657240\/\" target=\"_blank\"><u>Fiat Palio ELX 00\/00<\/u><\/a> e <a href=\"https:\/\/leilao.sodresantoro.com.br\/leilao\/27393\/lote\/2657261\/\" target=\"_blank\"><u>Volkswagen Gol CL 89\/89<\/u><\/a>. Entretanto, existem oportunidades com pre\u00e7os mais significativos, como um <a href=\"https:\/\/leilao.sodresantoro.com.br\/leilao\/27393\/lote\/2657784\/\" target=\"_blank\"><u>Ford Cargo 1722E 10\/10<\/u><\/a> na cor vermelha ou um Scania <a href=\"https:\/\/leilao.sodresantoro.com.br\/leilao\/27393\/lote\/2657800\/\" target=\"_blank\"><u>T113 H 4X2 310 92\/92<\/u><\/a>.<\/p>\n<p>Entre os lotes mais visitados na p\u00e1gina do leil\u00e3o est\u00e3o uma moto <a href=\"https:\/\/leilao.sodresantoro.com.br\/leilao\/27393\/lote\/2657287\/\" target=\"_blank\"><u>Yamaha XT 660R 16\/17<\/u><\/a>, um <a href=\"https:\/\/leilao.sodresantoro.com.br\/leilao\/27393\/lote\/2657241\/\" target=\"_blank\"><u>Chevrolet Spin 1.8L MT LS E 19\/20<\/u><\/a> e uma <a href=\"https:\/\/leilao.sodresantoro.com.br\/leilao\/27393\/lote\/2657431\/\" target=\"_blank\"><u>Mercedes-Benz Sprinter TCA MIC 21\/22<\/u><\/a>.<\/p>\n<p>Estes, claro, s\u00e3o apenas alguns exemplos da diversidade de oportunidades dispon\u00edveis no preg\u00e3o. Antes de efetuar um lance, \u00e9 recomendado que o interessado leia atentamente todas as informa\u00e7\u00f5es contidas no edital do leil\u00e3o.<br \/>\nEm caso de d\u00favida, a Sodr\u00e9 Santoro mant\u00e9m \u00e0 disposi\u00e7\u00e3o o telefone (11) 2464-6464 e o WhatsApp <a href=\"https:\/\/api.whatsapp.com\/send?phone=5511977771244\" target=\"_blank\"><u>(11)97777-1244<\/u><\/a>, assim como os perfis no Facebook (<a href=\"https:\/\/www.facebook.com\/sodresantoro\" target=\"_blank\"><u>\/sodresantoro<\/u><\/a>) e no Instagram (<a href=\"https:\/\/www.instagram.com\/sodresantoro\/\" target=\"_blank\"><u>@sodresantoro<\/u><\/a>) e o canal no Youtube (<a href=\"https:\/\/www.youtube.com\/leilaosodresantoro\" target=\"_blank\"><u>\/leilaosodresantoro<\/u><\/a>).  Acesse ainda o site <a href=\"https:\/\/www.sodresantoro.com.br\/\" target=\"_blank\"><u>www.sodresantoro.com.br<\/u><\/a>.<\/p>\n","protected":false},"excerpt":{"rendered":"Exclusivamente na modalidade online, preg\u00e3o organizado pela Sodr\u00e9 Santoro possui desde autom\u00f3veis conservados at\u00e9 sucatas\nA Secretaria de Gest\u00e3o e Governo Digital do Estado de S\u00e3o","protected":false},"author":1,"featured_media":0,"comment_status":"open","ping_status":"closed","sticky":false,"template":"","format":"standard","meta":{"_acf_changed":false,"inline_featured_image":false,"_monsterinsights_skip_tracking":false,"_monsterinsights_sitenote_active":false,"_monsterinsights_sitenote_note":"","_monsterinsights_sitenote_category":0,"footnotes":""},"categories":[34],"tags":[],"class_list":["post-114414","post","type-post","status-publish","format-standard","hentry","category-releases-geral"],"acf":[],"_links":{"self":[{"href":"https:\/\/bluestudio.estadao.com.br\/agencia-de-comunicacao\/wp-json\/wp\/v2\/posts\/114414","targetHints":{"allow":["GET"]}}],"collection":[{"href":"https:\/\/bluestudio.estadao.com.br\/agencia-de-comunicacao\/wp-json\/wp\/v2\/posts"}],"about":[{"href":"https:\/\/bluestudio.estadao.com.br\/agencia-de-comunicacao\/wp-json\/wp\/v2\/types\/post"}],"author":[{"embeddable":true,"href":"https:\/\/bluestudio.estadao.com.br\/agencia-de-comunicacao\/wp-json\/wp\/v2\/users\/1"}],"replies":[{"embeddable":true,"href":"https:\/\/bluestudio.estadao.com.br\/agencia-de-comunicacao\/wp-json\/wp\/v2\/comments?post=114414"}],"version-history":[{"count":0,"href":"https:\/\/bluestudio.estadao.com.br\/agencia-de-comunicacao\/wp-json\/wp\/v2\/posts\/114414\/revisions"}],"wp:attachment":[{"href":"https:\/\/bluestudio.estadao.com.br\/agencia-de-comunicacao\/wp-json\/wp\/v2\/media?parent=114414"}],"wp:term":[{"taxonomy":"category","embeddable":true,"href":"https:\/\/bluestudio.estadao.com.br\/agencia-de-comunicacao\/wp-json\/wp\/v2\/categories?post=114414"},{"taxonomy":"post_tag","embeddable":true,"href":"https:\/\/bluestudio.estadao.com.br\/agencia-de-comunicacao\/wp-json\/wp\/v2\/tags?post=114414"}],"curies":[{"name":"wp","href":"https:\/\/api.w.org\/{rel}","templated":true}]}}