{"id":114384,"date":"2025-08-12T09:57:00","date_gmt":"2025-08-12T12:57:00","guid":{"rendered":"https:\/\/bluestudio.estadao.com.br\/agencia-de-comunicacao\/prnewswire\/intas-accord-assina-o-contrato-para-adquirir-a-prothya-biosolutions\/"},"modified":"2025-08-12T09:57:00","modified_gmt":"2025-08-12T12:57:00","slug":"intas-accord-assina-o-contrato-para-adquirir-a-prothya-biosolutions","status":"publish","type":"post","link":"https:\/\/bluestudio.estadao.com.br\/agencia-de-comunicacao\/prnewswire\/intas-accord-assina-o-contrato-para-adquirir-a-prothya-biosolutions\/","title":{"rendered":"Intas &amp; Accord assina o Contrato para adquirir a Prothya Biosolutions"},"content":{"rendered":"\n<div class=\"xn-content\">\n<p><span class=\"legendSpanClass\">AHMEDABAD, \u00cdndia<\/span>, <span class=\"legendSpanClass\">12 de agosto de 2025<\/span> \/PRNewswire\/ &#8212;\u00a0A Accord Plasma B.V., subsidi\u00e1ria da Intas Pharmaceuticals, anunciou a assinatura de um acordo para adquirir 100% da Prothya Biosolutions Belgium BV e todas as suas subsidi\u00e1rias, empresa l\u00edder em medicamentos derivados de plasma (PDMP) com sede principalmente na Holanda e na B\u00e9lgica. Sujeito ao cumprimento das condi\u00e7\u00f5es habituais de fechamento, incluindo aprova\u00e7\u00f5es regulat\u00f3rias, o acordo deve ser conclu\u00eddo em breve.<\/p>\n<p>\u00a0<\/p>\n<div id=\"prni_dvprnejpgc607left\" dir=\"ltr\" style=\"width: 100%;text-align: left\"><img decoding=\"async\" id=\"prnejpgc607left\" title=\"Intas Accord Logo\" src=\"https:\/\/mma.prnewswire.com\/media\/2745456\/5453400\/Intas_Accord_Logo.jpg\" alt=\"Intas Accord Logo\" align=\"middle\" \/> <\/div>\n<p>\u00a0<\/p>\n<p>Esta proposta de aquisi\u00e7\u00e3o \u00e9 um passo significativo na antiga meta da\u00a0Intas-Accord de estabelecer uma presen\u00e7a global no mercado PDMP, expandindo a lideran\u00e7a consolidada da Intas na \u00cdndia para uma presen\u00e7a verdadeiramente internacional.<\/p>\n<p>A Prothya Biosolutions, que tem suas principais opera\u00e7\u00f5es em Amsterd\u00e3 e Bruxelas e centros de coleta de plasma em toda a Hungria, emprega aproximadamente 1.200 pessoas. A empresa \u00e9 uma das maiores fracionadoras de plasma da Europa. Formada em 2021 por meio da integra\u00e7\u00e3o da Plasma Industries Belgium, originalmente ligada \u00e0 Cruz Vermelha Belga, e da Sanquin Plasma Products, anteriormente parte da Sanquin Blood Supply Foundation, a Prothya traz mais de 60 anos de experi\u00eancia na coleta de plasma e no desenvolvimento de PDMPs.<\/p>\n<p>Binish Chudgar, presidente da Intas &amp; Accord, declarou:<\/p>\n<p>&#8220;Estamos muito entusiasmados com a expans\u00e3o do nosso neg\u00f3cio de plasma com a aquisi\u00e7\u00e3o da Prothya Biosolutions. Em conjunto com nossas capacidades de fracionamento na \u00cdndia, isso nos permite criar uma plataforma de plasma verdadeiramente global, oferecendo aos pacientes em todo o mundo terapias essenciais, frequentemente negligenciadas.&#8221;<\/p>\n<p>A divis\u00e3o de plasma da Intas na \u00cdndia fornece PDMPs a hospitais desde 2015, com o apoio de uma capacidade anual de fraccionamento superior a 1 milh\u00e3o de litros e exporta\u00e7\u00f5es para v\u00e1rios mercados internacionais. A capacidade adicional deve entrar em opera\u00e7\u00e3o com a expans\u00e3o das instala\u00e7\u00f5es da Intas em Gujarat.<\/p>\n<p>Nir Epstein, CEO da Prothya, comentou:<\/p>\n<p>&#8220;Nos \u00faltimos quatro anos, entramos em novos mercados, avan\u00e7amos em terapias essenciais, estabelecemos nossa pr\u00f3pria rede de coleta de plasma na Hungria e fornecemos derivados de plasma para algumas das principais empresas de PDMP do mundo ? tudo isso enquanto desenvolv\u00edamos uma empresa mais forte e resiliente. Quero agradecer \u00e0 nossa equipe dedicada por seu compromisso inabal\u00e1vel com nossos pacientes. Acredito que a Accord seja a empresa certa para apoiar a Prothya e seu pessoal na pr\u00f3xima fase de crescimento e expans\u00e3o global.&#8221;<\/p>\n<p>O mercado global de PDMPs ? particularmente IVIG (imunoglobulina intravenosa) ? est\u00e1 atualmente avaliado em US$ 30 bilh\u00f5es e deve atingir US$ 50 bilh\u00f5es at\u00e9 2035. Essa aquisi\u00e7\u00e3o dar\u00e1 \u00e0 Intas acesso a uma capacidade de fracionamento adicional significativa, apoiada pela presen\u00e7a comercial da Accord em 85 pa\u00edses.<\/p>\n<p>O BofA Securities atua como consultor financeiro exclusivo da Accord nesta transa\u00e7\u00e3o.<\/p>\n<p>A Evercore atua como consultora financeira exclusiva da Prothya nesta transa\u00e7\u00e3o.<\/p>\n<p><b>Sobre a Intas<\/b>:<\/p>\n<p>A Intas Pharmaceuticals Ltd. \u00e9 uma empresa farmac\u00eautica l\u00edder verticalmente integrada com sede em Ahmedabad, \u00cdndia, que conta com funcionalidades completas de desenvolvimento de formula\u00e7\u00f5es, fabrica\u00e7\u00e3o e comercializa\u00e7\u00e3o, al\u00e9m de integra\u00e7\u00e3o retroativa de APIs (interface de programa\u00e7\u00e3o de aplica\u00e7\u00f5es).<\/p>\n<p>A Intas tamb\u00e9m possui fortes recursos internos de desenvolvimento e comercializa\u00e7\u00e3o de biossimilares, com mais de 15 produtos no mercado. A Intas est\u00e1 comprometida em expandir o acesso global \u00e0 sa\u00fade, fornecendo medicamentos acess\u00edveis e de alta qualidade por meio de parcerias estrat\u00e9gicas e amplo investimento em P&amp;D para atender \u00e0s diversas necessidades dos sistemas de sa\u00fade em todo o mundo. A Intas criou uma rede de subsidi\u00e1rias, sob o nome gen\u00e9rico de Accord Healthcare, para operar nos mercados globais.<\/p>\n<p>Ao longo dos anos, a Intas cresceu tanto organicamente quanto por meio de aquisi\u00e7\u00f5es, expandindo seu portf\u00f3lio de produtos e opera\u00e7\u00f5es, ano ap\u00f3s ano. Atualmente, est\u00e1 presente em mais de 85 pa\u00edses em todo o mundo, conta com uma s\u00f3lida infraestrutura de vendas, marketing e distribui\u00e7\u00e3o em mercados como Am\u00e9rica do Norte, Europa, Am\u00e9rica Central e Am\u00e9rica Latina, \u00c1sia-Pac\u00edfico, al\u00e9m dos pa\u00edses da Comunidade dos Estados Independentes (CEI), Oriente M\u00e9dio e Norte da \u00c1frica (MENA). O not\u00e1vel sucesso da Intas nas opera\u00e7\u00f5es na Am\u00e9rica do Norte e na Europa nos ajudou a nos destacar como uma marca global nos maiores mercados farmac\u00eauticos do mundo.<\/p>\n<p>Logotipo: <a href=\"https:\/\/mma.prnewswire.com\/media\/2745456\/5453400\/Intas_Accord_Logo.jpg\" target=\"_blank\" rel=\"nofollow\">https:\/\/mma.prnewswire.com\/media\/2745456\/5453400\/Intas_Accord_Logo.jpg<\/a><\/p>\n<p id=\"PURL\">\n<img loading=\"lazy\" decoding=\"async\" title=\"Cision\" width=\"12\" height=\"12\" alt=\"Cision\" src=\"https:\/\/c212.net\/c\/img\/favicon.png?sn=PT48302&amp;sd=2025-08-12\" \/> View original content:<a id=\"PRNURL\" rel=\"nofollow\" href=\"https:\/\/www.prnewswire.com\/br\/comunicados-para-a-imprensa\/intas--accord-assina-o-contrato-para-adquirir-a-prothya-biosolutions-302527767.html\" target=\"_blank\">https:\/\/www.prnewswire.com\/br\/comunicados-para-a-imprensa\/intas&#8211;accord-assina-o-contrato-para-adquirir-a-prothya-biosolutions-302527767.html<\/a><\/p>\n<p>FONTE Accord Healthcare<\/p>\n<\/p><\/div>\n<p>  <img decoding=\"async\" alt=\"\" src=\"https:\/\/rt.prnewswire.com\/rt.gif?NewsItemId=PT48302&amp;Transmission_Id=202508120851PR_NEWS_LATAM____PT48302&amp;DateId=20250812\" style=\"border:0px;width:1px;height:1px\" \/><\/p>\n<p><strong>T\u00f3picos Relacionados:<\/strong> Produtos Farmac\u00eauticos, M\u00e9dico \/ Farmac\u00eautico, Aquisi\u00e7\u00f5es, Fus\u00f5es, Incorpora\u00e7\u00f5es, Sa\u00fade\/Hospitais, Computador\/Eletr\u00f4nica, Biotecnologia<\/p>\n<p>A <b>OESP<\/b> n\u00e3o \u00e9(s\u00e3o) respons\u00e1vel(is) por erros, incorre\u00e7\u00f5es, atrasos ou quaisquer decis\u00f5es tomadas por seus clientes com base nos Conte\u00fados ora disponibilizados, bem como tais Conte\u00fados n\u00e3o representam a opini\u00e3o da <b>OESP<\/b> e s\u00e3o de inteira responsabilidade da <b>PR Newswire Ltda<\/b><\/p>\n","protected":false},"excerpt":{"rendered":"AHMEDABAD, \u00cdndia, 12 de agosto de 2025 \/PRNewswire\/ &#8212;\u00a0A Accord Plasma B.V., subsidi\u00e1ria da Intas Pharmaceuticals, anunciou a assinatura de um acordo para adquirir 100% da Prothya Biosolutions","protected":false},"author":1,"featured_media":114385,"comment_status":"open","ping_status":"closed","sticky":false,"template":"","format":"standard","meta":{"_acf_changed":false,"inline_featured_image":false,"_monsterinsights_skip_tracking":false,"_monsterinsights_sitenote_active":false,"_monsterinsights_sitenote_note":"","_monsterinsights_sitenote_category":0,"footnotes":""},"categories":[27],"tags":[1098,1100,1099],"class_list":["post-114384","post","type-post","status-publish","format-standard","has-post-thumbnail","hentry","category-prnewswire","tag-a-accord-plasma-b-v","tag-anunciou-a-assinatura-de-um-acordo-para-adquirir-100-da-prothya-biosolutions-belgium-bv-e-todas-as-suas-subsidiarias","tag-subsidiaria-da-intas-pharmaceuticals"],"acf":[],"_links":{"self":[{"href":"https:\/\/bluestudio.estadao.com.br\/agencia-de-comunicacao\/wp-json\/wp\/v2\/posts\/114384","targetHints":{"allow":["GET"]}}],"collection":[{"href":"https:\/\/bluestudio.estadao.com.br\/agencia-de-comunicacao\/wp-json\/wp\/v2\/posts"}],"about":[{"href":"https:\/\/bluestudio.estadao.com.br\/agencia-de-comunicacao\/wp-json\/wp\/v2\/types\/post"}],"author":[{"embeddable":true,"href":"https:\/\/bluestudio.estadao.com.br\/agencia-de-comunicacao\/wp-json\/wp\/v2\/users\/1"}],"replies":[{"embeddable":true,"href":"https:\/\/bluestudio.estadao.com.br\/agencia-de-comunicacao\/wp-json\/wp\/v2\/comments?post=114384"}],"version-history":[{"count":0,"href":"https:\/\/bluestudio.estadao.com.br\/agencia-de-comunicacao\/wp-json\/wp\/v2\/posts\/114384\/revisions"}],"wp:featuredmedia":[{"embeddable":true,"href":"https:\/\/bluestudio.estadao.com.br\/agencia-de-comunicacao\/wp-json\/wp\/v2\/media\/114385"}],"wp:attachment":[{"href":"https:\/\/bluestudio.estadao.com.br\/agencia-de-comunicacao\/wp-json\/wp\/v2\/media?parent=114384"}],"wp:term":[{"taxonomy":"category","embeddable":true,"href":"https:\/\/bluestudio.estadao.com.br\/agencia-de-comunicacao\/wp-json\/wp\/v2\/categories?post=114384"},{"taxonomy":"post_tag","embeddable":true,"href":"https:\/\/bluestudio.estadao.com.br\/agencia-de-comunicacao\/wp-json\/wp\/v2\/tags?post=114384"}],"curies":[{"name":"wp","href":"https:\/\/api.w.org\/{rel}","templated":true}]}}