{"id":114357,"date":"2025-08-11T20:28:00","date_gmt":"2025-08-11T23:28:00","guid":{"rendered":"https:\/\/bluestudio.estadao.com.br\/agencia-de-comunicacao\/prnewswire\/seidor-fechar-acordo-com-a-aws\/"},"modified":"2025-08-11T20:28:00","modified_gmt":"2025-08-11T23:28:00","slug":"seidor-fechar-acordo-com-a-aws","status":"publish","type":"post","link":"https:\/\/bluestudio.estadao.com.br\/agencia-de-comunicacao\/prnewswire\/seidor-fechar-acordo-com-a-aws\/","title":{"rendered":"SEIDOR fechar acordo com a AWS"},"content":{"rendered":"\n<div class=\"xn-content\">\n<p><span class=\"legendSpanClass\">S\u00c3O PAULO<\/span>, <span class=\"legendSpanClass\">11 de agosto de 2025<\/span> \/PRNewswire\/ &#8212; A SEIDOR, empresa global de consultoria em tecnologia, anunciou que firmou um Acordo de Colabora\u00e7\u00e3o Estrat\u00e9gica (SCA, na sigla em ingl\u00eas) com a Amazon Web Services, Inc. (AWS), com planos de oferecer solu\u00e7\u00f5es baseadas em nuvem que impulsionam a transforma\u00e7\u00e3o digital dos seus clientes em toda a Am\u00e9rica Latina.<\/p>\n<p>Um dos pilares desse acordo est\u00e1 voltado para projetos no programa SAP Cloud ERP Private on AWS, com foco em atender aproximadamente 2.600 clientes. A proposta contempla a otimiza\u00e7\u00e3o de licen\u00e7as, op\u00e7\u00f5es flex\u00edveis de implanta\u00e7\u00e3o e automa\u00e7\u00e3o com intelig\u00eancia artificial. &#8220;Nossos clientes agora contam com uma proposta integrada: solu\u00e7\u00f5es SAP e inova\u00e7\u00e3o AWS, pensadas desde o desenho estrat\u00e9gico at\u00e9 a sustenta\u00e7\u00e3o em nuvem, com ganhos concretos de efici\u00eancia, flexibilidade e escala,&#8221; explica Luiz Sagretti, diretor de Alian\u00e7as e Parcerias Estrat\u00e9gicas da SEIDOR. O acordo tamb\u00e9m prev\u00ea a amplia\u00e7\u00e3o de solu\u00e7\u00f5es voltadas \u00e0 moderniza\u00e7\u00e3o de sistemas, expans\u00e3o da oferta no AWS marketplace e servi\u00e7os em outras \u00e1reas. &#8220;Temos um portf\u00f3lio de solu\u00e7\u00f5es por ind\u00fastrias j\u00e1 dispon\u00edveis na AWS e estamos avan\u00e7ando com ofertas em IA generativa, dados, moderniza\u00e7\u00e3o e seguran\u00e7a, sempre com foco em desafios reais das empresas,&#8221; completa Sagretti.<\/p>\n<p>Como exemplo de inova\u00e7\u00e3o e ganho de produtividade, a SEIDOR j\u00e1 conduziu a implementa\u00e7\u00e3o do SAP Cloud ERP Private na rede varejista de supermercados DIA Brasil, que conta com cerca de 200 lojas no pa\u00eds. &#8220;Estamos ainda mais pr\u00f3ximos dos nossos clientes, investindo n\u00e3o s\u00f3 em tecnologia, mas em relacionamento e presen\u00e7a ativa no ecossistema AWS. Assim, constru\u00edmos juntos solu\u00e7\u00f5es que geram valor para os neg\u00f3cios,&#8221; afirma Marcelo Coleta, CSO da SEIDOR Brasil.<\/p>\n<p>Este acordo refor\u00e7a o valor da SEIDOR e da AWS em oferecer flexibilidade e gerar maior valor de neg\u00f3cios para clientes de todos os setores.<\/p>\n<p id=\"PURL\">\n<img loading=\"lazy\" decoding=\"async\" title=\"Cision\" width=\"12\" height=\"12\" alt=\"Cision\" src=\"https:\/\/c212.net\/c\/img\/favicon.png?sn=PT48877&amp;sd=2025-08-11\" \/> View original content:<a id=\"PRNURL\" rel=\"nofollow\" href=\"https:\/\/www.prnewswire.com\/br\/comunicados-para-a-imprensa\/seidor-fechar-acordo-com-a-aws-302526929.html\" target=\"_blank\">https:\/\/www.prnewswire.com\/br\/comunicados-para-a-imprensa\/seidor-fechar-acordo-com-a-aws-302526929.html<\/a><\/p>\n<p>FONTE SEIDOR<\/p>\n<\/p><\/div>\n<p>  <img decoding=\"async\" alt=\"\" src=\"https:\/\/rt.prnewswire.com\/rt.gif?NewsItemId=PT48877&amp;Transmission_Id=202508111600PR_NEWS_LATAM____PT48877&amp;DateId=20250811\" style=\"border:0px;width:1px;height:1px\" \/><\/p>\n<p><strong>T\u00f3picos Relacionados:<\/strong> Acordos de Licenciamento\/Marketing, Computa\u00e7\u00e3o em Nuvem\/Internet das Coisas, Varejo, Contratos, Intelig\u00eancia Artificial<\/p>\n<p>A <b>OESP<\/b> n\u00e3o \u00e9(s\u00e3o) respons\u00e1vel(is) por erros, incorre\u00e7\u00f5es, atrasos ou quaisquer decis\u00f5es tomadas por seus clientes com base nos Conte\u00fados ora disponibilizados, bem como tais Conte\u00fados n\u00e3o representam a opini\u00e3o da <b>OESP<\/b> e s\u00e3o de inteira responsabilidade da <b>PR Newswire Ltda<\/b><\/p>\n","protected":false},"excerpt":{"rendered":"S\u00c3O PAULO, 11 de agosto de 2025 \/PRNewswire\/ &#8212; A SEIDOR, empresa global de consultoria em tecnologia, anunciou que firmou um Acordo de Colabora\u00e7\u00e3o Estrat\u00e9gica (SCA, na sigla em ingl\u00eas) com","protected":false},"author":1,"featured_media":114358,"comment_status":"open","ping_status":"closed","sticky":false,"template":"","format":"standard","meta":{"_acf_changed":false,"inline_featured_image":false,"_monsterinsights_skip_tracking":false,"_monsterinsights_sitenote_active":false,"_monsterinsights_sitenote_note":"","_monsterinsights_sitenote_category":0,"footnotes":""},"categories":[27],"tags":[1068,1070,1073,1069,1072,1071],"class_list":["post-114357","post","type-post","status-publish","format-standard","has-post-thumbnail","hentry","category-prnewswire","tag-a-seidor","tag-anunciou-que-firmou-um-acordo-de-colaboracao-estrategica-sca","tag-co","tag-empresa-global-de-consultoria-em-tecnologia","tag-inc-aws","tag-na-sigla-em-ingles-com-a-amazon-web-services"],"acf":[],"_links":{"self":[{"href":"https:\/\/bluestudio.estadao.com.br\/agencia-de-comunicacao\/wp-json\/wp\/v2\/posts\/114357","targetHints":{"allow":["GET"]}}],"collection":[{"href":"https:\/\/bluestudio.estadao.com.br\/agencia-de-comunicacao\/wp-json\/wp\/v2\/posts"}],"about":[{"href":"https:\/\/bluestudio.estadao.com.br\/agencia-de-comunicacao\/wp-json\/wp\/v2\/types\/post"}],"author":[{"embeddable":true,"href":"https:\/\/bluestudio.estadao.com.br\/agencia-de-comunicacao\/wp-json\/wp\/v2\/users\/1"}],"replies":[{"embeddable":true,"href":"https:\/\/bluestudio.estadao.com.br\/agencia-de-comunicacao\/wp-json\/wp\/v2\/comments?post=114357"}],"version-history":[{"count":0,"href":"https:\/\/bluestudio.estadao.com.br\/agencia-de-comunicacao\/wp-json\/wp\/v2\/posts\/114357\/revisions"}],"wp:featuredmedia":[{"embeddable":true,"href":"https:\/\/bluestudio.estadao.com.br\/agencia-de-comunicacao\/wp-json\/wp\/v2\/media\/114358"}],"wp:attachment":[{"href":"https:\/\/bluestudio.estadao.com.br\/agencia-de-comunicacao\/wp-json\/wp\/v2\/media?parent=114357"}],"wp:term":[{"taxonomy":"category","embeddable":true,"href":"https:\/\/bluestudio.estadao.com.br\/agencia-de-comunicacao\/wp-json\/wp\/v2\/categories?post=114357"},{"taxonomy":"post_tag","embeddable":true,"href":"https:\/\/bluestudio.estadao.com.br\/agencia-de-comunicacao\/wp-json\/wp\/v2\/tags?post=114357"}],"curies":[{"name":"wp","href":"https:\/\/api.w.org\/{rel}","templated":true}]}}