{"id":114355,"date":"2025-08-11T20:12:00","date_gmt":"2025-08-11T23:12:00","guid":{"rendered":"https:\/\/bluestudio.estadao.com.br\/agencia-de-comunicacao\/prnewswire\/natura-tem-lucro-liquido-de-r-445-milhoes-no-2-trimestre\/"},"modified":"2025-08-11T20:12:00","modified_gmt":"2025-08-11T23:12:00","slug":"natura-tem-lucro-liquido-de-r-445-milhoes-no-2-trimestre","status":"publish","type":"post","link":"https:\/\/bluestudio.estadao.com.br\/agencia-de-comunicacao\/prnewswire\/natura-tem-lucro-liquido-de-r-445-milhoes-no-2-trimestre\/","title":{"rendered":"Natura tem lucro l\u00edquido de R$ 445 milh\u00f5es no 2\u00b0 trimestre"},"content":{"rendered":"\n<div class=\"xn-content\">\n<ul type=\"disc\">\n<li>  <i>Simplifica\u00e7\u00e3o corporativa e prov\u00e1vel venda da Avon Internacional em at\u00e9 12 meses propiciam mais visibilidade dos resultados do neg\u00f3cio na Am\u00e9rica Latina<\/i><\/li>\n<li>  <i>Gera\u00e7\u00e3o de caixa positiva \u00e9 impulsionada pelos pa\u00edses com integra\u00e7\u00e3o mais madura entre as marcas Natura e Avon (Onda 2) e melhor din\u00e2mica do capital de giro<\/i><\/li>\n<li>  <i>Margem EBITDA recorrente na Am\u00e9rica Latina de 14,7% refor\u00e7a compromisso de expans\u00e3o de rentabilidade no ano completo de 2025<\/i><\/li>\n<\/ul>\n<p><span class=\"legendSpanClass\">S\u00c3O PAULO<\/span>, <span class=\"legendSpanClass\">11 de agosto de 2025<\/span> \/PRNewswire\/ &#8212; A Natura (B3: NATU3) fechou o segundo trimestre de 2025 com lucro l\u00edquido de R$ 445 milh\u00f5es na Am\u00e9rica Latina. Considerando tamb\u00e9m as opera\u00e7\u00f5es da Avon fora da Am\u00e9rica Latina, agora classificadas no balan\u00e7o como mantidas para venda, o lucro foi de 195 milh\u00f5es. O resultado positivo reflete a for\u00e7a da marca Natura nos mercados latinoamericanos, os avan\u00e7os da simplifica\u00e7\u00e3o corporativa da companhia, e o progresso da integra\u00e7\u00e3o das marcas Natura e Avon na regi\u00e3o, a chamada Onda 2, que ser\u00e1 conclu\u00edda at\u00e9 o fim deste ano.<\/p>\n<p>&#8220;Tivemos evolu\u00e7\u00f5es significativas em nossa estrat\u00e9gia de simplifica\u00e7\u00e3o e reestrutura\u00e7\u00e3o. Seguimos fortalecendo a ess\u00eancia do neg\u00f3cio e nossa lideran\u00e7a na Am\u00e9rica Latina. Ap\u00f3s um s\u00f3lido 1T-25, entregamos mais um trimestre de resultados saud\u00e1veis. A receita acelerou em nosso principal mercado, o Brasil, com a marca Natura apresentando desempenho acima do mercado, apesar dos desafios ainda enfrentados pela marca Avon. Olhando para frente, mesmo em um cen\u00e1rio de desacelera\u00e7\u00e3o do consumo, seguimos absolutamente confiantes de que manteremos a jornada de expans\u00e3o da rentabilidade anual&#8221;, destacou Jo\u00e3o Paulo Ferreira, CEO.<\/p>\n<p>A receita l\u00edquida do segundo trimestre foi de R$ 5,7 bilh\u00f5es, alta de +5,5% em moeda constante (+2% excluindo Argentina), impulsionada pelo desempenho da Natura Brasil (+10,3%) e crescimento da marca nos mercados hisp\u00e2nicos (+17,8% ou de um d\u00edgito excluindo Argentina). O resultado foi impactado pelo desempenho da Avon no Brasil (-12,9%), pelo in\u00edcio da integra\u00e7\u00e3o no M\u00e9xico ? conclu\u00eddo em maio ? e pelos preparativos para a Onda 2 na Argentina, ocorrida em julho.<\/p>\n<p>A margem EBITDA recorrente de 14,7% na Am\u00e9rica Latina teve alta de 10 bps em compara\u00e7\u00e3o com o mesmo per\u00edodo de 2024, impulsionada principalmente por melhora na margem bruta (+80 bps), devido \u00e0 maior efici\u00eancia nos mercados onde a integra\u00e7\u00e3o com a Avon j\u00e1 est\u00e1 mais madura. Em compara\u00e7\u00e3o com o 1T-25, a margem teve queda de 100 bps, oscila\u00e7\u00e3o tempor\u00e1ria decorrente, principalmente, da implementa\u00e7\u00e3o da Onda 2 no M\u00e9xico e na Argentina. Assim como no \u00faltimo trimestre, a rentabilidade apresentada no 2T-25 contribui para a expans\u00e3o de margem no ano completo, ao fim de 2025, quando cessam os custos de implementa\u00e7\u00e3o relacionados \u00e0 integra\u00e7\u00e3o das marcas na regi\u00e3o.<\/p>\n<p>Outro destaque foi a gera\u00e7\u00e3o de caixa de R$ 408 milh\u00f5es pela opera\u00e7\u00e3o da Am\u00e9rica Latina ao longo do primeiro semestre, mesmo com a sazonalidade t\u00edpica do per\u00edodo, que historicamente demanda consumo de caixa.<\/p>\n<p>Seguindo crit\u00e9rios cont\u00e1beis, Avon International e Avon na Am\u00e9rica Central (CARD) passaram a ser reportadas como ativos &#8220;mantidos para venda&#8221;, em raz\u00e3o da alta possibilidade de negocia\u00e7\u00e3o desses ativos em at\u00e9 12 meses. A Companhia j\u00e1 havia anunciado ao mercado que est\u00e1 explorando alternativas estrat\u00e9gicas para a Avon fora da Am\u00e9rica Latina, incluindo uma potencial separa\u00e7\u00e3o ou venda.<\/p>\n<p>A partir do 2T-25, portanto, as informa\u00e7\u00f5es financeiras refletem de maneira mais clara o neg\u00f3cio core na Am\u00e9rica Latina e a realidade operacional da Companhia.<\/p>\n<p><b>Impacto socioambiental<br \/><\/b>Al\u00e9m dos resultados financeiros saud\u00e1veis, a companhia tamb\u00e9m avan\u00e7ou em sua agenda de sustentabilidade. A Natura recebeu nota &#8220;A&#8221; em Clima e em Engajamento de Fornecedores pelo CDP, plataforma internacional que avalia a transpar\u00eancia e as a\u00e7\u00f5es de organiza\u00e7\u00f5es p\u00fablicas e privadas diante das mudan\u00e7as clim\u00e1ticas. A conquista coloca a Natura no seleto grupo de l\u00edderes globais que alcan\u00e7aram esse reconhecimento.<\/p>\n<p>Recentemente, a companhia anunciou compromissos socioambientais ainda mais ambiciosos em sua nova <u><a href=\"https:\/\/ri.natura.com.br\/sustentabilidade\/visao-2050\/\" target=\"_blank\" rel=\"nofollow\">Vis\u00e3o 2050<\/a><\/u>, com o objetivo de se tornar um neg\u00f3cio totalmente regenerativo nos pr\u00f3ximos 25 anos.<\/p>\n<p>O relat\u00f3rio de resultados completo e as demonstra\u00e7\u00f5es financeiras podem ser acessados em <u><a href=\"https:\/\/ri.natura.com.br\/\" target=\"_blank\" rel=\"nofollow\">https:\/\/ri.natura.com.br\/<\/a><\/u>.<\/p>\n<p><b>Sobre a Natura<br \/><\/b>Fundada em 1969, a Natura \u00e9 uma multinacional brasileira l\u00edder em beleza e cuidados pessoais na Am\u00e9rica Latina. \u00c9 a companhia de melhor reputa\u00e7\u00e3o do Brasil e a mais respons\u00e1vel em ESG pelo ranking Merco h\u00e1 11 anos consecutivos. H\u00e1 mais de 25 anos, por meio do relacionamento com comunidades extrativistas na Amaz\u00f4nia, a Natura \u00e9 pioneira no uso cosm\u00e9tico de bioativos da sociobiodiversidade brasileira. Hoje, essa atua\u00e7\u00e3o gera benef\u00edcios para milhares de fam\u00edlias e contribui para conservar 2,2 milh\u00f5es de hectares de floresta. A Natura foi a primeira companhia de capital aberto a receber, em 2014, a certifica\u00e7\u00e3o de Empresa B pelo B Lab, organiza\u00e7\u00e3o que reconhece globalmente neg\u00f3cios que combinam a gera\u00e7\u00e3o de lucro ao impacto socioambiental positivo. Com opera\u00e7\u00f5es em 14 pa\u00edses na Am\u00e9rica Latina, os produtos da marca podem ser adquiridos atrav\u00e9s das mais de 3 milh\u00f5es de consultoras na regi\u00e3o, via e-commerce, aplicativo Natura, ou nas mais de mil lojas. Para mais informa\u00e7\u00f5es, visite <a href=\"http:\/\/www.natura.com.br\" rel=\"nofollow\">www.natura.com.br<\/a> ou acesse os perfis da empresa nas redes sociais: LinkedIn, Facebook e Instagram.<\/p>\n<p id=\"PURL\">\n<img loading=\"lazy\" decoding=\"async\" title=\"Cision\" width=\"12\" height=\"12\" alt=\"Cision\" src=\"https:\/\/c212.net\/c\/img\/favicon.png?sn=PT49203&amp;sd=2025-08-11\" \/> View original content:<a id=\"PRNURL\" rel=\"nofollow\" href=\"https:\/\/www.prnewswire.com\/br\/comunicados-para-a-imprensa\/natura-tem-lucro-liquido-de-r-445-milhoes-no-2-trimestre-302526918.html\" target=\"_blank\">https:\/\/www.prnewswire.com\/br\/comunicados-para-a-imprensa\/natura-tem-lucro-liquido-de-r-445-milhoes-no-2-trimestre-302526918.html<\/a><\/p>\n<p>FONTE Natura &amp;Co<\/p>\n<\/p><\/div>\n<p>  <img decoding=\"async\" alt=\"\" src=\"https:\/\/rt.prnewswire.com\/rt.gif?NewsItemId=PT49203&amp;Transmission_Id=202508111840PR_NEWS_LATAM____PT49203&amp;DateId=20250811\" style=\"border:0px;width:1px;height:1px\" \/><\/p>\n<p><strong>T\u00f3picos Relacionados:<\/strong> Ganhos, Varejo, Dom\u00e9stico\/Consumidor\/Cosm\u00e9ticos, Cosm\u00e9ticos e Cuidados Pessoais<\/p>\n<p>A <b>OESP<\/b> n\u00e3o \u00e9(s\u00e3o) respons\u00e1vel(is) por erros, incorre\u00e7\u00f5es, atrasos ou quaisquer decis\u00f5es tomadas por seus clientes com base nos Conte\u00fados ora disponibilizados, bem como tais Conte\u00fados n\u00e3o representam a opini\u00e3o da <b>OESP<\/b> e s\u00e3o de inteira responsabilidade da <b>PR Newswire Ltda<\/b><\/p>\n","protected":false},"excerpt":{"rendered":"Simplifica\u00e7\u00e3o corporativa e prov\u00e1vel venda da Avon Internacional em at\u00e9 12 meses propiciam mais visibilidade dos resultados do neg\u00f3cio na Am\u00e9rica Latina Gera\u00e7\u00e3o de caixa positiva \u00e9","protected":false},"author":1,"featured_media":114356,"comment_status":"open","ping_status":"closed","sticky":false,"template":"","format":"standard","meta":{"_acf_changed":false,"inline_featured_image":false,"_monsterinsights_skip_tracking":false,"_monsterinsights_sitenote_active":false,"_monsterinsights_sitenote_note":"","_monsterinsights_sitenote_category":0,"footnotes":""},"categories":[27],"tags":[1066,1067],"class_list":["post-114355","post","type-post","status-publish","format-standard","has-post-thumbnail","hentry","category-prnewswire","tag-a-natura-b3-natu3-fechou-o-segundo-trimestre-de-2025-com-lucro-liquido-de-r-445-milhoes-na-america-latina-considerando-tambem-as-operacoes-da-avon-fora-da-america-latina","tag-ago"],"acf":[],"_links":{"self":[{"href":"https:\/\/bluestudio.estadao.com.br\/agencia-de-comunicacao\/wp-json\/wp\/v2\/posts\/114355","targetHints":{"allow":["GET"]}}],"collection":[{"href":"https:\/\/bluestudio.estadao.com.br\/agencia-de-comunicacao\/wp-json\/wp\/v2\/posts"}],"about":[{"href":"https:\/\/bluestudio.estadao.com.br\/agencia-de-comunicacao\/wp-json\/wp\/v2\/types\/post"}],"author":[{"embeddable":true,"href":"https:\/\/bluestudio.estadao.com.br\/agencia-de-comunicacao\/wp-json\/wp\/v2\/users\/1"}],"replies":[{"embeddable":true,"href":"https:\/\/bluestudio.estadao.com.br\/agencia-de-comunicacao\/wp-json\/wp\/v2\/comments?post=114355"}],"version-history":[{"count":0,"href":"https:\/\/bluestudio.estadao.com.br\/agencia-de-comunicacao\/wp-json\/wp\/v2\/posts\/114355\/revisions"}],"wp:featuredmedia":[{"embeddable":true,"href":"https:\/\/bluestudio.estadao.com.br\/agencia-de-comunicacao\/wp-json\/wp\/v2\/media\/114356"}],"wp:attachment":[{"href":"https:\/\/bluestudio.estadao.com.br\/agencia-de-comunicacao\/wp-json\/wp\/v2\/media?parent=114355"}],"wp:term":[{"taxonomy":"category","embeddable":true,"href":"https:\/\/bluestudio.estadao.com.br\/agencia-de-comunicacao\/wp-json\/wp\/v2\/categories?post=114355"},{"taxonomy":"post_tag","embeddable":true,"href":"https:\/\/bluestudio.estadao.com.br\/agencia-de-comunicacao\/wp-json\/wp\/v2\/tags?post=114355"}],"curies":[{"name":"wp","href":"https:\/\/api.w.org\/{rel}","templated":true}]}}