{"id":114181,"date":"2025-08-06T21:43:00","date_gmt":"2025-08-07T00:43:00","guid":{"rendered":"https:\/\/bluestudio.estadao.com.br\/agencia-de-comunicacao\/prnewswire\/general-motors-e-hyundai-motor-company-anunciam-os-primeiros-cinco-veiculos-com-desenvolvimento-compartilhado\/"},"modified":"2025-08-06T21:43:00","modified_gmt":"2025-08-07T00:43:00","slug":"general-motors-e-hyundai-motor-company-anunciam-os-primeiros-cinco-veiculos-com-desenvolvimento-compartilhado","status":"publish","type":"post","link":"https:\/\/bluestudio.estadao.com.br\/agencia-de-comunicacao\/prnewswire\/general-motors-e-hyundai-motor-company-anunciam-os-primeiros-cinco-veiculos-com-desenvolvimento-compartilhado\/","title":{"rendered":"General Motors e Hyundai Motor Company anunciam os primeiros cinco ve\u00edculos com desenvolvimento compartilhado"},"content":{"rendered":"\n<div class=\"xn-content\">\n<p class=\"prntac\"><i>Os modelos t\u00eam lan\u00e7amento previsto a partir de 2028, que inclui uma nova gera\u00e7\u00e3o de van comercial el\u00e9trica, que ser\u00e1 lan\u00e7ada na Am\u00e9rica do Norte<\/i>\n <\/p>\n<p><span class=\"legendSpanClass\">DETROIT e SEUL<\/span>, <span class=\"legendSpanClass\">6 de agosto de 2025<\/span> \/PRNewswire\/ &#8212; A General Motors e a Hyundai Motor Company anunciaram os planos para os primeiros cinco ve\u00edculos com desenvolvimento compartilhado, representando um marco significativo na colabora\u00e7\u00e3o estrat\u00e9gica previamente anunciada entre as duas empresas.<\/p>\n<p>As companhias v\u00e3o desenvolver em conjunto quatro ve\u00edculos destinados aos mercados da Am\u00e9rica Central e Am\u00e9rica do Sul, incluindo um SUV, um carro de passeio e uma picape, todos compactos, al\u00e9m de uma picape m\u00e9dia. Os ve\u00edculos ter\u00e3o arquitetura flex\u00edvel, com possibilidade de propuls\u00e3o a combust\u00e3o interna ou sistema h\u00edbrido. GM e Hyundai tamb\u00e9m ir\u00e3o codesenvolver uma van comercial el\u00e9trica para o mercado norte-americano.<\/p>\n<p>As empresas estimam que as vendas desses ve\u00edculos ultrapassem 800 mil unidades por ano quando a produ\u00e7\u00e3o estiver totalmente escalada.<\/p>\n<p>A GM vai liderar o desenvolvimento da plataforma da picape m\u00e9dia, enquanto a Hyundai ser\u00e1 respons\u00e1vel pelos ve\u00edculos compactos e da van el\u00e9trica. As duas companhias utilizar\u00e3o plataformas comuns, mas o design interno e externo ser\u00e1 exclusivo, refletindo a identidade de cada marca.<\/p>\n<p>O trabalho de design e engenharia ter\u00e1 in\u00edcio imediato para os ve\u00edculos destinados \u00e0 Am\u00e9rica Central e Am\u00e9rica do Sul, com lan\u00e7amento previsto para 2028. A van comercial el\u00e9trica ser\u00e1 fabricada nos Estados Unidos tamb\u00e9m em 2028.<\/p>\n<p>Shilpan Amin, vice-presidente s\u00eanior da GM e l\u00edder global de compras e cadeia de suprimentos, destacou que os ve\u00edculos anunciados hoje est\u00e3o focados nos maiores segmentos dos mercados da Am\u00e9rica Central e do Sul, al\u00e9m do segmento comercial na Am\u00e9rica do Norte.<\/p>\n<p>&#8220;Por meio dessa parceria, GM e Hyundai trar\u00e3o mais op\u00e7\u00f5es aos consumidores, com maior agilidade e menor custo,&#8221; afirmou Amin. &#8220;Esses primeiros ve\u00edculos codesenvolvidos demonstram claramente como vamos alavancar nossas for\u00e7as complementares e a escala combinada das duas empresas.&#8221;<\/p>\n<p>&#8220;A colabora\u00e7\u00e3o estrat\u00e9gica com a GM nos permitir\u00e1 continuar oferecendo valor e op\u00e7\u00f5es aos nossos clientes em diferentes segmentos e mercados,&#8221; afirma Jos\u00e9 Mu\u00f1oz, presidente e CEO da Hyundai Motor Company. &#8220;Nossa escala combinada na Am\u00e9rica do Norte e na Am\u00e9rica do Sul permitir\u00e1 atender com mais efici\u00eancia \u00e0s demandas dos consumidores ? com ve\u00edculos de design marcante, alta qualidade, foco em seguran\u00e7a e tecnologia relevante.&#8221;<\/p>\n<p>As companhias tamb\u00e9m planejam iniciativas conjuntas de compras no continente, abrangendo materiais, transporte e log\u00edstica. \u00c1reas adicionais de potencial colabora\u00e7\u00e3o incluem mat\u00e9rias-primas, componentes e sistemas complexos.<\/p>\n<p>Hyundai e GM tamb\u00e9m concordaram em explorar parcerias para o uso de a\u00e7o com baixa emiss\u00e3o de carbono, refor\u00e7ando o compromisso de ambas as empresas com pr\u00e1ticas de manufatura sustent\u00e1veis.<\/p>\n<p>Ap\u00f3s a assinatura do acordo de coopera\u00e7\u00e3o em setembro de 2024, as empresas continuam avaliando novas oportunidades de desenvolvimento conjunto de ve\u00edculos para mercados globais, al\u00e9m de potenciais colabora\u00e7\u00f5es em sistemas de propuls\u00e3o ? incluindo motores a combust\u00e3o, h\u00edbridos, el\u00e9tricos a bateria e c\u00e9lulas de combust\u00edvel de hidrog\u00eanio.<\/p>\n<p><b>Sobre a GM:<br \/><\/b>A General Motors est\u00e1 acelerando o futuro da mobilidade com tecnologias avan\u00e7adas que tornam carros, picapes e SUVs ainda mais seguros, inteligentes e sustent\u00e1veis. As marcas Buick, Cadillac, Chevrolet e GMC oferecem um amplo portf\u00f3lio global de ve\u00edculos a combust\u00e3o inovadores, al\u00e9m da linha mais abrangente de el\u00e9tricos da ind\u00fastria, \u00e0 medida que avan\u00e7amos rumo a um futuro totalmente el\u00e9trico. Saiba mais em gm.com.br<\/p>\n<p><b>Sobre a Hyundai Motor Company<br \/><\/b>Established in 1967, Hyundai Motor Company is present in over 200 countries with more than 120,000 employees dedicated to tackling real-world mobility challenges around the globe. Based on the brand vision &#8216;Progress for Humanity,&#8217; Hyundai Motor is accelerating its transformation into a Smart Mobility Solution Provider. The company invests in advanced technologies such as robotics and Advanced Air Mobility (AAM) to bring about revolutionary mobility solutions while pursuing open innovation to introduce future mobility services. In pursuit of a sustainable future for the world, Hyundai will continue its efforts to introduce zero-emission vehicles with industry-leading hydrogen fuel cell and EV technologies.<\/p>\n<p>More information about Hyundai Motor and its products can be found at:\u00a0<a href=\"https:\/\/c212.net\/c\/link\/?t=0&amp;l=pt&amp;o=4483469-1&amp;h=3562503238&amp;u=https%3A%2F%2Furldefense.com%2Fv3%2F__https%3A%2Fwww.hyundai.com%2Fworldwide%2Fen%2F__%3B!!N96JrnIq8IfO5w!igBR1-UORA8W-ynP9DfEJKH1WJyn3r3a-knXTqfhLzvnXdzyagg2UTTJMW1VO6VlMHkPC9FflpNW%24&amp;a=https%3A%2F%2Fwww.hyundai.com%2Fworldwide%2Fen%2F\" target=\"_blank\" rel=\"nofollow\">https:\/\/www.hyundai.com\/worldwide\/en\/<\/a> or <a href=\"https:\/\/c212.net\/c\/link\/?t=0&amp;l=pt&amp;o=4483469-1&amp;h=1176020890&amp;u=https%3A%2F%2Furldefense.com%2Fv3%2F__https%3A%2Fwww.hyundai.com%2Fworldwide%2Fen%2Fcompany%2Fnewsroom.release.all.latest__%3B!!N96JrnIq8IfO5w!igBR1-UORA8W-ynP9DfEJKH1WJyn3r3a-knXTqfhLzvnXdzyagg2UTTJMW1VO6VlMHkPC0FVXA-G%24&amp;a=Newsroom%3A+Media+Hub+by+Hyundai\" target=\"_blank\" rel=\"nofollow\">Newsroom: Media Hub by Hyundai<\/a><\/p>\n<p id=\"PURL\">\n<img loading=\"lazy\" decoding=\"async\" title=\"Cision\" width=\"12\" height=\"12\" alt=\"Cision\" src=\"https:\/\/c212.net\/c\/img\/favicon.png?sn=PT46190&amp;sd=2025-08-06\" \/> View original content:<a id=\"PRNURL\" rel=\"nofollow\" href=\"https:\/\/www.prnewswire.com\/br\/comunicados-para-a-imprensa\/general-motors-e-hyundai-motor-company-anunciam-os-primeiros-cinco-veiculos-com-desenvolvimento-compartilhado-302523843.html\" target=\"_blank\">https:\/\/www.prnewswire.com\/br\/comunicados-para-a-imprensa\/general-motors-e-hyundai-motor-company-anunciam-os-primeiros-cinco-veiculos-com-desenvolvimento-compartilhado-302523843.html<\/a><\/p>\n<p>FONTE Hyundai Motor Company<\/p>\n<\/p><\/div>\n<p>  <img decoding=\"async\" alt=\"\" src=\"https:\/\/rt.prnewswire.com\/rt.gif?NewsItemId=PT46190&amp;Transmission_Id=202508062027PR_NEWS_LATAM____PT46190&amp;DateId=20250806\" style=\"border:0px;width:1px;height:1px\" \/><\/p>\n<p><strong>T\u00f3picos Relacionados:<\/strong> Novos Produtos\/Servi\u00e7os, Transporte \/ Caminh\u00f5es \/ Ferrovias, Automotivo, Joint Ventures, Contratos<\/p>\n<p>A <b>OESP<\/b> n\u00e3o \u00e9(s\u00e3o) respons\u00e1vel(is) por erros, incorre\u00e7\u00f5es, atrasos ou quaisquer decis\u00f5es tomadas por seus clientes com base nos Conte\u00fados ora disponibilizados, bem como tais Conte\u00fados n\u00e3o representam a opini\u00e3o da <b>OESP<\/b> e s\u00e3o de inteira responsabilidade da <b>PR Newswire Ltda<\/b><\/p>\n","protected":false},"excerpt":{"rendered":"Os modelos t\u00eam lan\u00e7amento previsto a partir de 2028, que inclui uma nova gera\u00e7\u00e3o de van comercial el\u00e9trica, que ser\u00e1 lan\u00e7ada na Am\u00e9rica do Norte DETROIT e SEUL, 6 de agosto de 2025","protected":false},"author":1,"featured_media":114182,"comment_status":"open","ping_status":"closed","sticky":false,"template":"","format":"standard","meta":{"_acf_changed":false,"inline_featured_image":false,"_monsterinsights_skip_tracking":false,"_monsterinsights_sitenote_active":false,"_monsterinsights_sitenote_note":"","_monsterinsights_sitenote_category":0,"footnotes":""},"categories":[27],"tags":[962,963],"class_list":["post-114181","post","type-post","status-publish","format-standard","has-post-thumbnail","hentry","category-prnewswire","tag-a-general-motors-e-a-hyundai-motor-company-anunciaram-os-planos-para-os-primeiros-cinco-veiculos-com-desenvolvimento-compartilhado","tag-representando-um-marco-significativo-na-colabor"],"acf":[],"_links":{"self":[{"href":"https:\/\/bluestudio.estadao.com.br\/agencia-de-comunicacao\/wp-json\/wp\/v2\/posts\/114181","targetHints":{"allow":["GET"]}}],"collection":[{"href":"https:\/\/bluestudio.estadao.com.br\/agencia-de-comunicacao\/wp-json\/wp\/v2\/posts"}],"about":[{"href":"https:\/\/bluestudio.estadao.com.br\/agencia-de-comunicacao\/wp-json\/wp\/v2\/types\/post"}],"author":[{"embeddable":true,"href":"https:\/\/bluestudio.estadao.com.br\/agencia-de-comunicacao\/wp-json\/wp\/v2\/users\/1"}],"replies":[{"embeddable":true,"href":"https:\/\/bluestudio.estadao.com.br\/agencia-de-comunicacao\/wp-json\/wp\/v2\/comments?post=114181"}],"version-history":[{"count":0,"href":"https:\/\/bluestudio.estadao.com.br\/agencia-de-comunicacao\/wp-json\/wp\/v2\/posts\/114181\/revisions"}],"wp:featuredmedia":[{"embeddable":true,"href":"https:\/\/bluestudio.estadao.com.br\/agencia-de-comunicacao\/wp-json\/wp\/v2\/media\/114182"}],"wp:attachment":[{"href":"https:\/\/bluestudio.estadao.com.br\/agencia-de-comunicacao\/wp-json\/wp\/v2\/media?parent=114181"}],"wp:term":[{"taxonomy":"category","embeddable":true,"href":"https:\/\/bluestudio.estadao.com.br\/agencia-de-comunicacao\/wp-json\/wp\/v2\/categories?post=114181"},{"taxonomy":"post_tag","embeddable":true,"href":"https:\/\/bluestudio.estadao.com.br\/agencia-de-comunicacao\/wp-json\/wp\/v2\/tags?post=114181"}],"curies":[{"name":"wp","href":"https:\/\/api.w.org\/{rel}","templated":true}]}}