{"id":114079,"date":"2025-08-05T08:57:00","date_gmt":"2025-08-05T11:57:00","guid":{"rendered":"https:\/\/bluestudio.estadao.com.br\/agencia-de-comunicacao\/releases\/releases-geral\/primeiros-cidadaos-do-clima-aprovados-por-nauru-em-programa-inedito-no-mundo\/"},"modified":"2025-08-05T08:57:00","modified_gmt":"2025-08-05T11:57:00","slug":"primeiros-cidadaos-do-clima-aprovados-por-nauru-em-programa-inedito-no-mundo","status":"publish","type":"post","link":"https:\/\/bluestudio.estadao.com.br\/agencia-de-comunicacao\/releases\/releases-geral\/primeiros-cidadaos-do-clima-aprovados-por-nauru-em-programa-inedito-no-mundo\/","title":{"rendered":"Primeiros cidad\u00e3os do clima aprovados por Nauru em programa in\u00e9dito no mundo"},"content":{"rendered":"<p>AUCKLAND, Nova Zel\u00e2ndia, Aug.  05, 2025  (GLOBE NEWSWIRE) &#8212; A Rep\u00fablica de Nauru deu as boas-vindas aos seus primeiros novos cidad\u00e3os no \u00e2mbito do Programa de Cidadania de Resili\u00eancia Econ\u00f4mica e Clim\u00e1tica do governo, anunciado na COP29 no final do ano passado.<\/p>\n<p>Nauru, classificada como a quinta na\u00e7\u00e3o mais vulner\u00e1vel do mundo no \u00cdndice de Vulnerabilidade Multidimensional (MVI) das Na\u00e7\u00f5es Unidas, por sua maior exposi\u00e7\u00e3o a choques econ\u00f4micos e ambientais, lan\u00e7ou o programa como uma forma de investidores conscientes adquirirem uma cidadania adicional enquanto contribuem para projetos de adapta\u00e7\u00e3o clim\u00e1tica e desenvolvimento sustent\u00e1vel na regi\u00e3o do Pac\u00edfico Sul.<\/p>\n<p>O CEO do programa, Edward Clark, revelou que o primeiro candidato aprovado \u00e9 uma fam\u00edlia alem\u00e3 de quatro pessoas que recentemente vendeu sua empresa familiar de longa data  uma empresa alem\u00e3 bem conhecida e respeit\u00e1vel  e atualmente mora em Dubai.<\/p>\n<p>&#8220;Eles estavam procurando uma segunda cidadania para lhes fornecer um Plano B, dada a atual volatilidade pol\u00edtica global, e escolheram o Programa de Cidadania de Resili\u00eancia Econ\u00f4mica e Clim\u00e1tica de Nauru porque a contribui\u00e7\u00e3o estava indo para combater os impactos das mudan\u00e7as clim\u00e1ticas na ilha&#8221;, explicou.<\/p>\n<p>Sr. Clark, que tem uma extensa experi\u00eancia em bancos internacionais, crimes financeiros e conformidade, disse que demorou menos de quatro meses desde o recebimento do pedido at\u00e9 a concess\u00e3o da cidadania, e que processos rigorosos de due diligence foram seguidos.<\/p>\n<p>Este \u00e9 um pilar fundamental do nosso programa e uma salvaguarda para a reputa\u00e7\u00e3o e seguran\u00e7a de Nauru, declarou ele.<\/p>\n<p>&#8220;Todos os candidatos passam por verifica\u00e7\u00f5es com ag\u00eancias internacionais de aplica\u00e7\u00e3o da lei e est\u00e3o sujeitos a uma verifica\u00e7\u00e3o aprofundada de antecedentes. Todo o nosso processo de inscri\u00e7\u00e3o \u00e9 consistente com as melhores pr\u00e1ticas internacionais.<\/p>\n<p>Segundo ele, somente indiv\u00edduos altamente capacitados, aptos a participar da constru\u00e7\u00e3o do futuro de Nauru, receber\u00e3o a cidadania.<\/p>\n<p>&#8220;A concess\u00e3o da cidadania nauruana a esta fam\u00edlia \u00e9 um marco importante para o programa e proporciona ainda mais confian\u00e7a para aqueles que est\u00e3o atualmente explorando a cidadania nauru por investimento.<\/p>\n<p>Nauru est\u00e1 embarcando em um projeto de longo prazo que reformar\u00e1 a na\u00e7\u00e3o diante dos desafios econ\u00f4micos e das mudan\u00e7as clim\u00e1ticas, que, al\u00e9m de lidar com quest\u00f5es como seguran\u00e7a alimentar e h\u00eddrica, inclui a Iniciativa de Terrenos Mais Elevados, realocando quase toda a popula\u00e7\u00e3o da costa para terrenos mais altos.<\/p>\n<p>Os novos cidad\u00e3os da Alemanha se inscreveram por meio dos agentes internacionais de migra\u00e7\u00e3o Henley &amp; Partners, que em um comunicado disseram que a empresa est\u00e1 &#8220;incrivelmente orgulhosa de representar o primeiro candidato a receber com sucesso a cidadania sob o Programa de Cidadania de Resili\u00eancia Econ\u00f4mica e Clim\u00e1tica da Rep\u00fablica de Nauru.<\/p>\n<p>Para nossa empresa, isso vai al\u00e9m da mobilidade; trata-se de direcionar capital para um pequeno estado insular em desenvolvimento que enfrenta riscos clim\u00e1ticos reais.<\/p>\n<p>&#8220;Este \u00e9 um exemplo claro de como a migra\u00e7\u00e3o de investimentos, quando adequadamente projetada e governada, pode canalizar capital para medidas de resili\u00eancia econ\u00f4mica e clim\u00e1tica e criar um futuro mais sustent\u00e1vel&#8221;, concluiu o comunicado.<\/p>\n<p> <img decoding=\"async\" alt=\"\" class=\"__GNW8366DE3E__IMG\" src=\"https:\/\/www.globenewswire.com\/newsroom\/ti?nf=OTUwNjMyMiM3MDc5NzI0IzIyOTYzOTU=\" \/> <br \/><img decoding=\"async\" alt=\"\" src=\"https:\/\/ml.globenewswire.com\/media\/ODgxZDQyOTUtNTkzNS00YjFkLTgwMWYtZGM2NWQ0MzY3YjQwLTEzMDc5NDUtMjAyNS0wOC0wNS1wdA==\/tiny\/Nauru-Economic-and-Climate-Res.png\" \/><\/p>\n<pre>Contato com a imprensa:\nbarbara@crcpr.com.au<\/pre>\n<p><a href=\"https:\/\/www.globenewswire.com\/NewsRoom\/AttachmentNg\/b51b1e98-7dca-44fd-94a8-c306a5a0ec2a\"><img loading=\"lazy\" decoding=\"async\" src=\"https:\/\/ml.globenewswire.com\/media\/b51b1e98-7dca-44fd-94a8-c306a5a0ec2a\/small\/necrcp-png.png\" border=\"0\" width=\"150\" height=\"42\" alt=\"Primary Logo\" \/><\/a><\/p>\n<p>A <b>OESP<\/b> nao e(sao) responsavel(is) por erros, incorrecoes, atrasos ou quaisquer decisoes tomadas por seus clientes com base nos Conteudos ora disponibilizados, bem como tais Conteudos nao representam a opiniao da <b>OESP<\/b> e sao de inteira responsabilidade da <b>GlobeNewswire<\/b><\/p>\n","protected":false},"excerpt":{"rendered":"AUCKLAND, Nova Zel\u00e2ndia, Aug.  05, 2025  (GLOBE NEWSWIRE) &#8212; A Rep\u00fablica de Nauru deu as boas-vindas aos seus primeiros novos cidad\u00e3os no \u00e2mbito do Programa de Cidadania de","protected":false},"author":1,"featured_media":0,"comment_status":"open","ping_status":"closed","sticky":false,"template":"","format":"standard","meta":{"_acf_changed":false,"inline_featured_image":false,"_monsterinsights_skip_tracking":false,"_monsterinsights_sitenote_active":false,"_monsterinsights_sitenote_note":"","_monsterinsights_sitenote_category":0,"footnotes":""},"categories":[34],"tags":[],"class_list":["post-114079","post","type-post","status-publish","format-standard","hentry","category-releases-geral"],"acf":[],"_links":{"self":[{"href":"https:\/\/bluestudio.estadao.com.br\/agencia-de-comunicacao\/wp-json\/wp\/v2\/posts\/114079","targetHints":{"allow":["GET"]}}],"collection":[{"href":"https:\/\/bluestudio.estadao.com.br\/agencia-de-comunicacao\/wp-json\/wp\/v2\/posts"}],"about":[{"href":"https:\/\/bluestudio.estadao.com.br\/agencia-de-comunicacao\/wp-json\/wp\/v2\/types\/post"}],"author":[{"embeddable":true,"href":"https:\/\/bluestudio.estadao.com.br\/agencia-de-comunicacao\/wp-json\/wp\/v2\/users\/1"}],"replies":[{"embeddable":true,"href":"https:\/\/bluestudio.estadao.com.br\/agencia-de-comunicacao\/wp-json\/wp\/v2\/comments?post=114079"}],"version-history":[{"count":0,"href":"https:\/\/bluestudio.estadao.com.br\/agencia-de-comunicacao\/wp-json\/wp\/v2\/posts\/114079\/revisions"}],"wp:attachment":[{"href":"https:\/\/bluestudio.estadao.com.br\/agencia-de-comunicacao\/wp-json\/wp\/v2\/media?parent=114079"}],"wp:term":[{"taxonomy":"category","embeddable":true,"href":"https:\/\/bluestudio.estadao.com.br\/agencia-de-comunicacao\/wp-json\/wp\/v2\/categories?post=114079"},{"taxonomy":"post_tag","embeddable":true,"href":"https:\/\/bluestudio.estadao.com.br\/agencia-de-comunicacao\/wp-json\/wp\/v2\/tags?post=114079"}],"curies":[{"name":"wp","href":"https:\/\/api.w.org\/{rel}","templated":true}]}}