{"id":113974,"date":"2025-08-01T13:27:00","date_gmt":"2025-08-01T16:27:00","guid":{"rendered":"https:\/\/bluestudio.estadao.com.br\/agencia-de-comunicacao\/prnewswire\/acon-investments-anuncia-venda-da-amfora\/"},"modified":"2025-08-01T13:27:00","modified_gmt":"2025-08-01T16:27:00","slug":"acon-investments-anuncia-venda-da-amfora","status":"publish","type":"post","link":"https:\/\/bluestudio.estadao.com.br\/agencia-de-comunicacao\/prnewswire\/acon-investments-anuncia-venda-da-amfora\/","title":{"rendered":"ACON Investments anuncia venda da Amfora"},"content":{"rendered":"\n<div class=\"xn-content\">\n<p><span class=\"legendSpanClass\">WASHINGTON e BOGOT\u00c1, Col\u00f4mbia<\/span>, <span class=\"legendSpanClass\">1\u00ba de agosto de 2025<\/span> \/PRNewswire\/ &#8212;\u00a0Um fundo administrado pela ACON Investments, L.L.C. (&#8220;<b> ACON<\/b>&#8220;), uma empresa de investimento de capital privado de m\u00e9dio porte com sede em Washington, D.C., anunciou hoje a celebra\u00e7\u00e3o de um acordo para a venda de sua participa\u00e7\u00e3o majorit\u00e1ria na Amfora Packaging S.A.S. (&#8220;<b> Amfora<\/b>&#8221; ou a &#8220;<b> Empresa<\/b>&#8220;) para o Grupo Alb\u00e9a, l\u00edder global em embalagens de cosm\u00e9ticos sustent\u00e1veis (&#8220;<b> Alb\u00e9a<\/b>&#8220;).<\/p>\n<div id=\"prni_dvprnejpg0920left\" dir=\"ltr\" style=\"width: 100%;text-align: left\"><img decoding=\"async\" id=\"prnejpg0920left\" title=\"ACON Investments\" src=\"https:\/\/mma.prnewswire.com\/media\/1872634\/ACON_Logo.jpg\" alt=\"ACON Investments\" align=\"middle\" \/> <\/div>\n<p>Formada pela ACON em 2015 por meio da aquisi\u00e7\u00e3o e fus\u00e3o simult\u00e2neas de duas empresas familiares, a Intecplast, de Bogot\u00e1, e a Pieriplast, de Lima, a Amfora \u00e9 uma empresa inovadora de embalagens voltada para o segmento de beleza e cuidados pessoais. Sob a propriedade da ACON, a plataforma combinada experimentou um crescimento significativo, tornando-se uma oportunidade atraente para a Alb\u00e9a expandir sua oferta em cosm\u00e9ticos coloridos, cuidados com a pele, cuidados pessoais e fragr\u00e2ncias.<\/p>\n<p>&#8220;Estamos muito orgulhosos de como a equipe da Amfora transformou e transformou duas empresas familiares diversificadas e gerenciadas de forma independente em uma empresa institucionalizada e voltada para a exporta\u00e7\u00e3o, atendendo clientes de primeira linha em toda a Am\u00e9rica Latina, Am\u00e9rica do Norte e Europa. Como resultado, acreditamos que a Empresa est\u00e1 bem posicionada para seu pr\u00f3ximo cap\u00edtulo de crescimento sob a administra\u00e7\u00e3o de Alb\u00e9a &#8220;, disse Alberto Hernandez, S\u00f3cio da ACON. O Sr. Hernandez continuou. &#8220;Nosso investimento na Amfora ilustra a estrat\u00e9gia da ACON de identificar e gerenciar com sucesso empresas de alto potencial e apoi\u00e1-las em ciclos de neg\u00f3cios complexos para gerar valor a longo prazo.&#8221;<\/p>\n<p>Esta transa\u00e7\u00e3o segue a sa\u00edda bem-sucedida da ACON da Vitalis S.A.C.I., outro investimento de portf\u00f3lio de fundos da ACON na Col\u00f4mbia, que saiu no in\u00edcio deste ano. A ACON tem 29 anos de experi\u00eancia na Am\u00e9rica Latina, onde investiu em 44 empresas em 10 pa\u00edses diferentes.<\/p>\n<p>Os termos da opera\u00e7\u00e3o n\u00e3o foram divulgados. Brigard Urrutia, Hogan Lovells e Grant Thornton eram consultores de transa\u00e7\u00f5es da ACON.<\/p>\n<p><b>Sobre a ACON Investments<\/b>\n <\/p>\n<p>A ACON Investments, L.L.C. \u00e9 uma empresa internacional de investimento em private equity com sede em Washington, D.C. que administra fundos de private equity e parcerias de prop\u00f3sito espec\u00edfico que fazem investimentos nos Estados Unidos, Am\u00e9rica Latina e Europa. Com profissionais em Washington, DC, Dallas, Los Angeles, Nova York, Bogot\u00e1, Madri, Cidade do M\u00e9xico e S\u00e3o Paulo, a ACON administrou US $ 7,2 bilh\u00f5es em ativos desde o in\u00edcio e tem um hist\u00f3rico de 29 anos. Para mais informa\u00e7\u00f5es, visite <a href=\"https:\/\/c212.net\/c\/link\/?t=0&amp;l=pt&amp;o=4479780-1&amp;h=514092232&amp;u=https%3A%2F%2Fc212.net%2Fc%2Flink%2F%3Ft%3D0%26l%3Den%26o%3D4479780-1%26h%3D1739269867%26u%3Dhttps%253A%252F%252Faconinvestments.com%252F%26a%3Dwww.aconinvestments.com&amp;a=www.aconinvestments.com\" target=\"_blank\" rel=\"nofollow\">www.aconinvestments.com<\/a>.<\/p>\n<p><b> CONTATOS DE M\u00cdDIA:<\/b><br \/><b> ACON<\/b>\n <\/p>\n<p>Meena Thever<br \/>S\u00f3cia, Chefe de forma\u00e7\u00e3o de capital e rela\u00e7\u00f5es com investidores<br \/><a href=\"mailto:mthever@aconinvestments.com\" target=\"_blank\" rel=\"nofollow\">mthever@aconinvestments.com<\/a><\/p>\n<p>Logo &#8211; <a href=\"https:\/\/c212.net\/c\/link\/?t=0&amp;l=pt&amp;o=4479780-1&amp;h=662534376&amp;u=https%3A%2F%2Fc212.net%2Fc%2Flink%2F%3Ft%3D0%26l%3Den%26o%3D4479780-1%26h%3D3896712584%26u%3Dhttps%253A%252F%252Fmma.prnewswire.com%252Fmedia%252F1872634%252FACON_Logo.jpg%26a%3Dhttps%253A%252F%252Fmma.prnewswire.com%252Fmedia%252F1872634%252FACON_Logo.jpg&amp;a=https%3A%2F%2Fmma.prnewswire.com%2Fmedia%2F1872634%2FACON_Logo.jpg\" target=\"_blank\" rel=\"nofollow\">https:\/\/mma.prnewswire.com\/media\/1872634\/ACON_Logo.jpg<\/a><\/p>\n<p id=\"PURL\">\n<img loading=\"lazy\" decoding=\"async\" title=\"Cision\" width=\"12\" height=\"12\" alt=\"Cision\" src=\"https:\/\/c212.net\/c\/img\/favicon.png?sn=PT42311&amp;sd=2025-08-01\" \/> View original content:<a id=\"PRNURL\" rel=\"nofollow\" href=\"https:\/\/www.prnewswire.com\/br\/comunicados-para-a-imprensa\/acon-investments-anuncia-venda-da-amfora-302519796.html\" target=\"_blank\">https:\/\/www.prnewswire.com\/br\/comunicados-para-a-imprensa\/acon-investments-anuncia-venda-da-amfora-302519796.html<\/a><\/p>\n<p>FONTE ACON Investments, L.L.C.<\/p>\n<\/p><\/div>\n<p>  <img decoding=\"async\" alt=\"\" src=\"https:\/\/rt.prnewswire.com\/rt.gif?NewsItemId=PT42311&amp;Transmission_Id=202508011221PR_NEWS_LATAM____PT42311&amp;DateId=20250801\" style=\"border:0px;width:1px;height:1px\" \/><\/p>\n<p><strong>T\u00f3picos Relacionados:<\/strong> Aquisi\u00e7\u00f5es, Fus\u00f5es, Incorpora\u00e7\u00f5es, Servi\u00e7os Banc\u00e1rios\/Financeiros<\/p>\n<p>A <b>OESP<\/b> n\u00e3o \u00e9(s\u00e3o) respons\u00e1vel(is) por erros, incorre\u00e7\u00f5es, atrasos ou quaisquer decis\u00f5es tomadas por seus clientes com base nos Conte\u00fados ora disponibilizados, bem como tais Conte\u00fados n\u00e3o representam a opini\u00e3o da <b>OESP<\/b> e s\u00e3o de inteira responsabilidade da <b>PR Newswire Ltda<\/b><\/p>\n","protected":false},"excerpt":{"rendered":"WASHINGTON e BOGOT\u00c1, Col\u00f4mbia, 1\u00ba de agosto de 2025 \/PRNewswire\/ &#8212;\u00a0Um fundo administrado pela ACON Investments, L.L.C. (&#8220; ACON&#8220;), uma empresa de investimento de capital privado","protected":false},"author":1,"featured_media":113975,"comment_status":"open","ping_status":"closed","sticky":false,"template":"","format":"standard","meta":{"_acf_changed":false,"inline_featured_image":false,"_monsterinsights_skip_tracking":false,"_monsterinsights_sitenote_active":false,"_monsterinsights_sitenote_note":"","_monsterinsights_sitenote_category":0,"footnotes":""},"categories":[27],"tags":[804,808,807,805,806],"class_list":["post-113974","post","type-post","status-publish","format-standard","has-post-thumbnail","hentry","category-prnewswire","tag-um-fundo-administrado-pela-acon-investments","tag-anunciou-hoje-a-c","tag-d-c","tag-l-l-c-acon","tag-uma-empresa-de-investimento-de-capital-privado-de-medio-porte-com-sede-em-washington"],"acf":[],"_links":{"self":[{"href":"https:\/\/bluestudio.estadao.com.br\/agencia-de-comunicacao\/wp-json\/wp\/v2\/posts\/113974","targetHints":{"allow":["GET"]}}],"collection":[{"href":"https:\/\/bluestudio.estadao.com.br\/agencia-de-comunicacao\/wp-json\/wp\/v2\/posts"}],"about":[{"href":"https:\/\/bluestudio.estadao.com.br\/agencia-de-comunicacao\/wp-json\/wp\/v2\/types\/post"}],"author":[{"embeddable":true,"href":"https:\/\/bluestudio.estadao.com.br\/agencia-de-comunicacao\/wp-json\/wp\/v2\/users\/1"}],"replies":[{"embeddable":true,"href":"https:\/\/bluestudio.estadao.com.br\/agencia-de-comunicacao\/wp-json\/wp\/v2\/comments?post=113974"}],"version-history":[{"count":0,"href":"https:\/\/bluestudio.estadao.com.br\/agencia-de-comunicacao\/wp-json\/wp\/v2\/posts\/113974\/revisions"}],"wp:featuredmedia":[{"embeddable":true,"href":"https:\/\/bluestudio.estadao.com.br\/agencia-de-comunicacao\/wp-json\/wp\/v2\/media\/113975"}],"wp:attachment":[{"href":"https:\/\/bluestudio.estadao.com.br\/agencia-de-comunicacao\/wp-json\/wp\/v2\/media?parent=113974"}],"wp:term":[{"taxonomy":"category","embeddable":true,"href":"https:\/\/bluestudio.estadao.com.br\/agencia-de-comunicacao\/wp-json\/wp\/v2\/categories?post=113974"},{"taxonomy":"post_tag","embeddable":true,"href":"https:\/\/bluestudio.estadao.com.br\/agencia-de-comunicacao\/wp-json\/wp\/v2\/tags?post=113974"}],"curies":[{"name":"wp","href":"https:\/\/api.w.org\/{rel}","templated":true}]}}