{"id":113733,"date":"2025-07-29T09:12:00","date_gmt":"2025-07-29T12:12:00","guid":{"rendered":"https:\/\/bluestudio.estadao.com.br\/agencia-de-comunicacao\/prnewswire\/scala-data-centers-fecha-acordo-internacional-de-us-328-milhoes-garantindo-recursos-para-tres-data-centers-e-uma-subestacao-de-energia-no-chile\/"},"modified":"2025-07-29T09:12:00","modified_gmt":"2025-07-29T12:12:00","slug":"scala-data-centers-fecha-acordo-internacional-de-us-328-milhoes-garantindo-recursos-para-tres-data-centers-e-uma-subestacao-de-energia-no-chile","status":"publish","type":"post","link":"https:\/\/bluestudio.estadao.com.br\/agencia-de-comunicacao\/prnewswire\/scala-data-centers-fecha-acordo-internacional-de-us-328-milhoes-garantindo-recursos-para-tres-data-centers-e-uma-subestacao-de-energia-no-chile\/","title":{"rendered":"Scala Data Centers fecha acordo internacional de US$ 328 milh\u00f5es, garantindo recursos para tr\u00eas data centers e uma subesta\u00e7\u00e3o de energia no Chile"},"content":{"rendered":"\n<div class=\"xn-content\">\n<i>O financiamento garantido ser\u00e1 estrategicamente direcionado para acelerar a constru\u00e7\u00e3o de tr\u00eas data centers em hiperescala e da subesta\u00e7\u00e3o Nova Lampa no Chile, refor\u00e7ando o compromisso da Scala em posicionar o pa\u00eds como um polo importante de infraestrutura digital sustent\u00e1vel na regi\u00e3o<\/i>\n <\/p>\n<p><span class=\"legendSpanClass\">S\u00c3O PAULO<\/span>, <span class=\"legendSpanClass\">29 de julho de 2025<\/span> \/PRNewswire\/ &#8212; A Scala Data Centers, principal plataforma da Am\u00e9rica Latina de infraestrutura digital sustent\u00e1vel voltada para o mercado de hiperescala, assegurou sua primeira transa\u00e7\u00e3o internacional de financiamento de projeto, liberando <b>US$ 254 milh\u00f5es<\/b> em financiamento de longo prazo para apoiar a constru\u00e7\u00e3o de <b>tr\u00eas data centers em hiperescala e uma importante subesta\u00e7\u00e3o de energia<\/b> no Chile. Combinado com uma <b>linha de cr\u00e9dito para IVA<\/b>, o pacote total de financiamento atinge <b>US$ 328 milh\u00f5es<\/b>, refor\u00e7ando a capacidade da Scala de estruturar solu\u00e7\u00f5es financeiras complexas e em m\u00faltiplas camadas. Essa conquista n\u00e3o apenas promove a estrat\u00e9gia de expans\u00e3o regional da empresa e seu compromisso com o crescimento sustent\u00e1vel e de alto impacto, mas tamb\u00e9m representa o <b>maior acordo de financiamento de projeto j\u00e1 executado para uma iniciativa de data center em um \u00fanico pa\u00eds na Am\u00e9rica Latina<\/b>.<\/p>\n<div id=\"prni_dvprnejpg466cleft\" dir=\"ltr\" style=\"width: 100%;text-align: left\"><img decoding=\"async\" id=\"prnejpg466cleft\" title=\" \" src=\"https:\/\/mma.prnewswire.com\/media\/2739227\/scala_light_01_cmyk_Logo.jpg\" alt=\" \" align=\"middle\" \/> <\/div>\n<p>O acordo foi respaldado por um cons\u00f3rcio de quatro bancos globais de primeira linha ? <b>MUFG<\/b>, <b>SMBC<\/b>, <b>BNP Paribas<\/b> e <b>Natixis<\/b> ? com a MUFG atuando tamb\u00e9m como assessora da empresa. Esta \u00e9 a primeira opera\u00e7\u00e3o de financiamento estruturado da Scala realizada fora do Brasil e sua primeira d\u00edvida internacional com selo sustent\u00e1vel. A opera\u00e7\u00e3o foi desenvolvida em conformidade com o Green Bond Framework da empresa, refletindo sua lideran\u00e7a cont\u00ednua em padr\u00f5es ESG e infraestrutura pronta para o futuro.<\/p>\n<p>Diferentemente das opera\u00e7\u00f5es t\u00edpicas estruturadas por meio de ve\u00edculos de prop\u00f3sito espec\u00edfico (SPVs), a Scala inovou ao utilizar sua estrutura corporativa chilena j\u00e1 existente, elevando o padr\u00e3o de conformidade, transpar\u00eancia e disciplina na execu\u00e7\u00e3o. A transa\u00e7\u00e3o passou por rigorosos processos de devida dilig\u00eancia em diversas jurisdi\u00e7\u00f5es legais, incluindo as leis dos EUA e do Chile. Esse n\u00edvel de an\u00e1lise rigorosa validou a for\u00e7a do modelo de governan\u00e7a da Scala e seus padr\u00f5es operacionais, al\u00e9m de destacar o grau de desenvolvimento da empresa como uma plataforma de infraestrutura de alto desempenho. Isso representa um claro endosso da credibilidade, da vis\u00e3o de longo prazo e dos s\u00f3lidos fundamentos comerciais da Scala.<\/p>\n<p>Este projeto inclui a expans\u00e3o da presen\u00e7a da Scala em <b>Curauma<\/b> (j\u00e1 em opera\u00e7\u00e3o), <b>Lampa<\/b> e <b>Huechuraba 2<\/b>, juntamente com a constru\u00e7\u00e3o da <b>subesta\u00e7\u00e3o Nova Lampa<\/b>, essencial para garantir o fornecimento confi\u00e1vel de energia renov\u00e1vel. Com <b>23 megawatts de capacidade de TI contratada<\/b> e outros 30 MW j\u00e1 reservados contratualmente para uma expans\u00e3o significativa sob acordos previamente estabelecidos com hiperescaladores, o acordo oferece flexibilidade estrat\u00e9gica e escalabilidade financeira.\u00a0Isso tamb\u00e9m estabelece um forte precedente para um crescimento replic\u00e1vel em outros mercados da Am\u00e9rica Latina.<\/p>\n<p class=\"prnml40\">&#8220;Esta transa\u00e7\u00e3o representa uma evolu\u00e7\u00e3o estrat\u00e9gica na forma como financiamos e ampliamos a infraestrutura digital na regi\u00e3o. N\u00e3o se trata apenas de um acordo de financiamento, \u00e9 um sinal para o mercado de que a Scala entrega excel\u00eancia com transpar\u00eancia e sustentabilidade&#8221;, disse <b>Clayton Malheiros<\/b>, CFO da Scala Data Centers. &#8220;Constru\u00edmos com sucesso uma estrutura robusta e sustent\u00e1vel, capaz de sustentar o crescimento de longo prazo, mantendo efici\u00eancia de custos e altos padr\u00f5es operacionais.&#8221;<\/p>\n<p class=\"prnml40\">&#8220;A MUFG tem orgulho de ter atuado como assessora e financiadora nesta transa\u00e7\u00e3o hist\u00f3rica. O compromisso da Scala com a sustentabilidade e a execu\u00e7\u00e3o disciplinada tornou este financiamento um exemplo ideal de gera\u00e7\u00e3o de valor a longo prazo no setor de infraestrutura digital. Acreditamos que esse acordo estabelece um precedente para um crescimento respons\u00e1vel na Am\u00e9rica Latina e em outras regi\u00f5es&#8221;, disse <b>Tatiana Preta<\/b>, Diretora de Financiamento de Projeto para a Am\u00e9rica Latina da MUFG.<\/p>\n<p>Essa conquista j\u00e1 recebeu reconhecimento internacional. Recentemente, o projeto foi premiado como <b>&#8220;Neg\u00f3cio do ano em infraestrutura digital ? Am\u00e9rica Latina&#8221;<\/b> pela <b>IJGlobal<\/b>, durante sua cerim\u00f4nia anual de premia\u00e7\u00e3o em Nova York, destacando a complexidade, inova\u00e7\u00e3o e impacto do acordo.<\/p>\n<p>De acordo com os compromissos ESG da Scala, os novos centros no Chile operar\u00e3o com <b>100% de energia renov\u00e1vel certificada<\/b>, <b>reutiliza\u00e7\u00e3o total da \u00e1gua<\/b>, e <b>os melhores \u00edndices de efici\u00eancia energ\u00e9tica<\/b>, com <b>PUEs projetados abaixo de 1,45<\/b>. O projeto tamb\u00e9m cumpre os requisitos locais de RCA, incluindo mandatos de contrata\u00e7\u00e3o local e programas de engajamento comunit\u00e1rio, contribuindo para o desenvolvimento econ\u00f4mico nas regi\u00f5es onde a Scala atua.<\/p>\n<p>Espera-se que a fase de constru\u00e7\u00e3o gere <b>milhares de empregos diretos e indiretos<\/b>, e a nova infraestrutura desempenhar\u00e1 um papel crucial para elevar a posi\u00e7\u00e3o do Chile como um portal digital estrat\u00e9gico entre a Am\u00e9rica Latina e a regi\u00e3o \u00c1sia-Pac\u00edfico, especialmente com a crescente demanda global por intelig\u00eancia artificial e servi\u00e7os em nuvem.<\/p>\n<p>Como parte de sua estrat\u00e9gia financeira de longo prazo para atender \u00e0s demandas de um setor que exige alto investimento, a Scala continua a diversificar suas fontes de financiamento por meio de instrumentos inovadores. Al\u00e9m da transa\u00e7\u00e3o de financiamento de projeto no Chile, a empresa realizou <b>duas opera\u00e7\u00f5es bem-sucedidas de sale-leaseback (SLB)<\/b> com <b>Alianza<\/b> em 2024, liberando mais de <b>US$ 70 milh\u00f5es<\/b> para centros no Brasil em 2025. A Scala tamb\u00e9m garantiu um empr\u00e9stimo de R$ 180 milh\u00f5es junto ao BNDES (Banco Nacional de Desenvolvimento Econ\u00f4mico e Social) para apoiar a aquisi\u00e7\u00e3o e instala\u00e7\u00e3o de componentes cr\u00edticos de infraestrutura, marcando o primeiro financiamento concedido pelo BNDES especificamente ao setor de data centers. Al\u00e9m disso, a Scala tornou-se uma refer\u00eancia regional em financiamentos sustent\u00e1veis, emitindo mais de <b>US$ 803 milh\u00f5es em deb\u00eantures sustent\u00e1veis<\/b> no Brasil, <b>um dos maiores volumes acumulados de t\u00edtulos vinculados a ESG<\/b> no setor de data centers da Am\u00e9rica Latina. Essas emiss\u00f5es foram distribu\u00eddas em <b>tr\u00eas opera\u00e7\u00f5es<\/b>, sendo a mais recente realizada em <b>setembro de 2024<\/b>.<\/p>\n<p>Acesse <a href=\"https:\/\/scaladatacenters.com\/en\/\" target=\"_blank\" rel=\"nofollow\">https:\/\/scaladatacenters.com\/en\/<\/a>.\u00a0\u00a0<\/p>\n<p>Logo &#8211; <a href=\"https:\/\/mma.prnewswire.com\/media\/2739227\/scala_light_01_cmyk_Logo.jpg\" target=\"_blank\" rel=\"nofollow\">https:\/\/mma.prnewswire.com\/media\/2739227\/scala_light_01_cmyk_Logo.jpg<\/a>\u00a0<\/p>\n<p id=\"PURL\">\n<img loading=\"lazy\" decoding=\"async\" title=\"Cision\" width=\"12\" height=\"12\" alt=\"Cision\" src=\"https:\/\/c212.net\/c\/img\/favicon.png?sn=PT38579&amp;sd=2025-07-28\" \/> View original content:<a id=\"PRNURL\" rel=\"nofollow\" href=\"https:\/\/www.prnewswire.com\/br\/comunicados-para-a-imprensa\/scala-data-centers-fecha-acordo-internacional-de-us-328-milhoes-garantindo-recursos-para-tres-data-centers-e-uma-subestacao-de-energia-no-chile-302516069.html\" target=\"_blank\">https:\/\/www.prnewswire.com\/br\/comunicados-para-a-imprensa\/scala-data-centers-fecha-acordo-internacional-de-us-328-milhoes-garantindo-recursos-para-tres-data-centers-e-uma-subestacao-de-energia-no-chile-302516069.html<\/a><\/p>\n<p>FONTE Scala Data Centers<\/p>\n<\/p><\/div>\n<p>  <img decoding=\"async\" alt=\"\" src=\"https:\/\/rt.prnewswire.com\/rt.gif?NewsItemId=PT38579&amp;Transmission_Id=202507281000PR_NEWS_LATAM____PT38579&amp;DateId=20250729\" style=\"border:0px;width:1px;height:1px\" \/><\/p>\n<p><strong>T\u00f3picos Relacionados:<\/strong> Telecomunica\u00e7\u00f5es, Produtos e Servi\u00e7os Ambientais, Computador\/Eletr\u00f4nica, Tecnologia de Internet, Acordos de Financiamento, Ambiental, Social e Governan\u00e7a, Expans\u00e3o Corporativa<\/p>\n<p>A <b>OESP<\/b> n\u00e3o \u00e9(s\u00e3o) respons\u00e1vel(is) por erros, incorre\u00e7\u00f5es, atrasos ou quaisquer decis\u00f5es tomadas por seus clientes com base nos Conte\u00fados ora disponibilizados, bem como tais Conte\u00fados n\u00e3o representam a opini\u00e3o da <b>OESP<\/b> e s\u00e3o de inteira responsabilidade da <b>PR Newswire Ltda<\/b><\/p>\n","protected":false},"excerpt":{"rendered":"O financiamento garantido ser\u00e1 estrategicamente direcionado para acelerar a constru\u00e7\u00e3o de tr\u00eas data centers em hiperescala e da subesta\u00e7\u00e3o Nova Lampa no Chile, refor\u00e7ando o compromisso da Scala","protected":false},"author":1,"featured_media":113734,"comment_status":"open","ping_status":"closed","sticky":false,"template":"","format":"standard","meta":{"_acf_changed":false,"inline_featured_image":false,"_monsterinsights_skip_tracking":false,"_monsterinsights_sitenote_active":false,"_monsterinsights_sitenote_note":"","_monsterinsights_sitenote_category":0,"footnotes":""},"categories":[27],"tags":[628,630,629],"class_list":["post-113733","post","type-post","status-publish","format-standard","has-post-thumbnail","hentry","category-prnewswire","tag-a-scala-data-centers","tag-assegurou-sua-primeira-transacao-internac","tag-principal-plataforma-da-america-latina-de-infraestrutura-digital-sustentavel-voltada-para-o-mercado-de-hiperescala"],"acf":[],"_links":{"self":[{"href":"https:\/\/bluestudio.estadao.com.br\/agencia-de-comunicacao\/wp-json\/wp\/v2\/posts\/113733","targetHints":{"allow":["GET"]}}],"collection":[{"href":"https:\/\/bluestudio.estadao.com.br\/agencia-de-comunicacao\/wp-json\/wp\/v2\/posts"}],"about":[{"href":"https:\/\/bluestudio.estadao.com.br\/agencia-de-comunicacao\/wp-json\/wp\/v2\/types\/post"}],"author":[{"embeddable":true,"href":"https:\/\/bluestudio.estadao.com.br\/agencia-de-comunicacao\/wp-json\/wp\/v2\/users\/1"}],"replies":[{"embeddable":true,"href":"https:\/\/bluestudio.estadao.com.br\/agencia-de-comunicacao\/wp-json\/wp\/v2\/comments?post=113733"}],"version-history":[{"count":0,"href":"https:\/\/bluestudio.estadao.com.br\/agencia-de-comunicacao\/wp-json\/wp\/v2\/posts\/113733\/revisions"}],"wp:featuredmedia":[{"embeddable":true,"href":"https:\/\/bluestudio.estadao.com.br\/agencia-de-comunicacao\/wp-json\/wp\/v2\/media\/113734"}],"wp:attachment":[{"href":"https:\/\/bluestudio.estadao.com.br\/agencia-de-comunicacao\/wp-json\/wp\/v2\/media?parent=113733"}],"wp:term":[{"taxonomy":"category","embeddable":true,"href":"https:\/\/bluestudio.estadao.com.br\/agencia-de-comunicacao\/wp-json\/wp\/v2\/categories?post=113733"},{"taxonomy":"post_tag","embeddable":true,"href":"https:\/\/bluestudio.estadao.com.br\/agencia-de-comunicacao\/wp-json\/wp\/v2\/tags?post=113733"}],"curies":[{"name":"wp","href":"https:\/\/api.w.org\/{rel}","templated":true}]}}