{"id":113712,"date":"2025-07-28T14:42:00","date_gmt":"2025-07-28T17:42:00","guid":{"rendered":"https:\/\/bluestudio.estadao.com.br\/agencia-de-comunicacao\/prnewswire\/minha-loja-tena-apoia-empreendedorismo-digital-como-plataforma-de-venda-direta\/"},"modified":"2025-07-28T14:42:00","modified_gmt":"2025-07-28T17:42:00","slug":"minha-loja-tena-apoia-empreendedorismo-digital-como-plataforma-de-venda-direta","status":"publish","type":"post","link":"https:\/\/bluestudio.estadao.com.br\/agencia-de-comunicacao\/prnewswire\/minha-loja-tena-apoia-empreendedorismo-digital-como-plataforma-de-venda-direta\/","title":{"rendered":"Minha Loja TENA apoia empreendedorismo digital como plataforma de venda direta"},"content":{"rendered":"<div class=\"xn-content\">\n<i>Marca da Essity e l\u00edder em produtos para incontin\u00eancia, empresa disponibiliza canal gratuito que permite a pessoas f\u00edsicas e empresas revenderem itens on-line, sem estoque e com comissionamento direto.<\/i><\/p>\n<div class=\"PRN_ImbeddedAssetReference\" id=\"DivAssetPlaceHolder6609\">\n<a href=\"https:\/\/mma.prnewswire.com\/media\/2739327\/Minha_Loja_TENA.html\" target=\"_blank\" rel=\"nofollow\"><img decoding=\"async\" src=\"https:\/\/mma.prnewswire.com\/media\/2739327\/Minha_Loja_TENA.jpg\" title=\"Minha Loja TENA permite venda direta de produtos da marca com o suporte estrutural do site TENA \/ DIVULGA\u00c7\u00c3O\" alt=\"Minha Loja TENA permite venda direta de produtos da marca com o suporte estrutural do site TENA \/ DIVULGA\u00c7\u00c3O\" \/><\/a><\/p>\n<\/div>\n<p><span class=\"legendSpanClass\">S\u00c3O PAULO<\/span>, <span class=\"legendSpanClass\">28 de julho de 2025<\/span> \/PRNewswire\/ &#8212; O com\u00e9rcio digital se consolidou como uma realidade entre os donos de pequenos neg\u00f3cios no Brasil. Segundo a pesquisa &#8220;Transforma\u00e7\u00e3o Digital nos Pequenos Neg\u00f3cios&#8221;, realizada pelo Sebrae, mais de 70% das micro e pequenas empresas brasileiras utilizam ferramentas digitais para realizar vendas. Nesse cen\u00e1rio que\u00a0TENA, marca n\u00famero 1 mundial em produtos para incontin\u00eancia urin\u00e1ria adulta, que faz parte da Essity, l\u00edder global em higiene e sa\u00fade, aposta em solu\u00e7\u00f5es de plataforma de venda direta como a Minha Loja TENA, uma alternativa para pessoas f\u00edsicas e jur\u00eddicas que desejam empreender com praticidade, apoio e sem a necessidade de investimento inicial.<\/p>\n<p>O canal permite que qualquer pessoa com mais de 18 anos ou empresas formalizadas criem sua pr\u00f3pria loja virtual para revender produtos da marca, com o suporte estrutural do site TENA. &#8220;O projeto Minha Loja TENA conecta a for\u00e7a da marca \u00e0 oportunidade de gera\u00e7\u00e3o de renda, seja como renda principal ou complementar&#8221;, afirma Carla Gir\u00f3lamo, gerente de Marketing de TENA. &#8220;Os parceiros contam com o respaldo de uma marca l\u00edder e comissionamento direto, sem necessidade de estoque ou capital inicial. Nosso objetivo \u00e9 facilitar o acesso ao empreendedorismo digital&#8221;, completa.<\/p>\n<p>Com o avan\u00e7o da digitaliza\u00e7\u00e3o, especialmente entre os microempreendedores individuais, ferramentas como WhatsApp (56%), Instagram (43%) e Facebook (23%) j\u00e1 s\u00e3o as mais utilizadas para impulsionar vendas, segundo o Sebrae. E \u00e9 justamente nesse ecossistema que a Minha Loja TENA se insere: os vendedores divulgam seus links personalizados nas redes, recebem comiss\u00f5es sobre cada transa\u00e7\u00e3o e t\u00eam um painel exclusivo para acompanhar o desempenho das vendas.<\/p>\n<p>Ao longo de 2025, mais de 300 pessoas se tornaram novas afiliadas do programa e, atualmente, 89% dos participantes s\u00e3o pessoas f\u00edsicas. O cadastro como afiliado \u00e9 gratuito e pode ser feito pelo site\u00a0<a href=\"https:\/\/minhaloja.tena.com.br\/\" target=\"_blank\" rel=\"nofollow\">Minha\u00a0Loja\u00a0TENA<\/a>. Ap\u00f3s o preenchimento do formul\u00e1rio e aprova\u00e7\u00e3o da inscri\u00e7\u00e3o, os parceiros podem customizar sua loja e iniciar as vendas. Todas as etapas log\u00edsticas ? incluindo pagamento, entrega, atendimento e troca ? ficam sob responsabilidade de TENA, o que permite que os lojistas foquem na divulga\u00e7\u00e3o e relacionamento com seus contatos.<\/p>\n<p>A combina\u00e7\u00e3o entre tecnologia acess\u00edvel e produtos de alta qualidade tem atra\u00eddo cada vez mais vendedores e empreendedores interessados em diversificar fontes de renda. Estima-se que 40% dos brasileiros que buscam renda extra utilizam a internet como canal de venda, muitos deles criando suas pr\u00f3prias lojas virtuais, segundo levantamento nacional de comportamento digital.<\/p>\n<p><b>Sobre a Essity<\/b><\/p>\n<p>A Essity \u00e9 uma empresa l\u00edder global em higiene e sa\u00fade. Todos os dias, nossos produtos, servi\u00e7os e solu\u00e7\u00f5es s\u00e3o usados por um bilh\u00e3o de pessoas em todo o mundo. Nosso objetivo \u00e9 quebrar barreiras pelo bem-estar dos consumidores, pacientes, cuidadores, clientes e da sociedade. Estamos presentes em aproximadamente 150 pa\u00edses com as marcas l\u00edderes globais TENA e Tork, e outras marcas fortes, como Actimove, Cutimed, JOBST, Knix, Leukoplast, Libero, Libresse, Lotus, Modibodi, Nosotras, Saba, Tempo, TOM Organic e Zewa. Em 2024, a Essity teve vendas de aproximadamente 146 bilh\u00f5es de coroas suecas (13 bilh\u00f5es de euros) e empregou 36.000 pessoas. A sede da empresa est\u00e1 localizada em Estocolmo, na Su\u00e9cia, e a Essity est\u00e1 listada na Nasdaq Stockholm. Saiba mais no <a href=\"https:\/\/essity.com\/\" target=\"_blank\" rel=\"nofollow\">site da Essity<\/a>.<\/p>\n<p>Foto &#8211; <a href=\"https:\/\/mma.prnewswire.com\/media\/2739327\/Minha_Loja_TENA.jpg\" target=\"_blank\" rel=\"nofollow\">https:\/\/mma.prnewswire.com\/media\/2739327\/Minha_Loja_TENA.jpg<\/a><\/p>\n<div class=\"PRN_ImbeddedAssetReference\" id=\"DivAssetPlaceHolder0\"><\/div>\n<p id=\"PURL\"><img loading=\"lazy\" decoding=\"async\" title=\"Cision\" width=\"12\" height=\"12\" alt=\"Cision\" src=\"https:\/\/c212.net\/c\/img\/favicon.png?sn=PT38719&amp;sd=2025-07-28\" \/> View original content to download multimedia:<a id=\"PRNURL\" rel=\"nofollow\" href=\"https:\/\/www.prnewswire.com\/br\/comunicados-para-a-imprensa\/minha-loja-tena-apoia-empreendedorismo-digital-como-plataforma-de-venda-direta-302515104.html\" target=\"_blank\">https:\/\/www.prnewswire.com\/br\/comunicados-para-a-imprensa\/minha-loja-tena-apoia-empreendedorismo-digital-como-plataforma-de-venda-direta-302515104.html<\/a><\/p>\n<p><span class=\"xn-person\">FONTE  TENA<\/span><\/p>\n<\/div>\n<p><img decoding=\"async\" alt=\"\" src=\"https:\/\/rt.prnewswire.com\/rt.gif?NewsItemId=PT38719&amp;Transmission_Id=202507281328PR_NEWS_LATAM____PT38719&amp;DateId=20250728\" style=\"border:0px;width:1px;height:1px\" \/><\/p>\n<p><strong>T\u00f3picos Relacionados:<\/strong> Pesquisa, Enquetes e Estudos, Com\u00e9rcio Eletr\u00f4nico, Produtos Dom\u00e9sticos, Servi\u00e7os para Pequenas Empresas, Varejo, Dom\u00e9stico\/Consumidor\/Cosm\u00e9ticos, Computador\/Eletr\u00f4nica<\/p>\n<p>A <b>OESP<\/b> n\u00e3o \u00e9(s\u00e3o) respons\u00e1vel(is) por erros, incorre\u00e7\u00f5es, atrasos ou quaisquer decis\u00f5es tomadas por seus clientes com base nos Conte\u00fados ora disponibilizados, bem como tais Conte\u00fados n\u00e3o representam a opini\u00e3o da <b>OESP<\/b> e s\u00e3o de inteira responsabilidade da <b>PR Newswire Ltda<\/b><\/p>\n","protected":false},"excerpt":{"rendered":"Marca da Essity e l\u00edder em produtos para incontin\u00eancia, empresa disponibiliza canal gratuito que permite a pessoas f\u00edsicas e empresas revenderem itens on-line, sem estoque e com comissionamento","protected":false},"author":1,"featured_media":113713,"comment_status":"open","ping_status":"closed","sticky":false,"template":"","format":"standard","meta":{"_acf_changed":false,"inline_featured_image":false,"_monsterinsights_skip_tracking":false,"_monsterinsights_sitenote_active":false,"_monsterinsights_sitenote_note":"","_monsterinsights_sitenote_category":0,"footnotes":""},"categories":[27],"tags":[614,615],"class_list":["post-113712","post","type-post","status-publish","format-standard","has-post-thumbnail","hentry","category-prnewswire","tag-o-comercio-digital-se-consolidou-como-uma-realidade-entre-os-donos-de-pequenos-negocios-no-brasil-segundo-a-pesquisa-transformacao-digital-nos-pequenos-negocios","tag-realizada-pelo"],"acf":[],"_links":{"self":[{"href":"https:\/\/bluestudio.estadao.com.br\/agencia-de-comunicacao\/wp-json\/wp\/v2\/posts\/113712","targetHints":{"allow":["GET"]}}],"collection":[{"href":"https:\/\/bluestudio.estadao.com.br\/agencia-de-comunicacao\/wp-json\/wp\/v2\/posts"}],"about":[{"href":"https:\/\/bluestudio.estadao.com.br\/agencia-de-comunicacao\/wp-json\/wp\/v2\/types\/post"}],"author":[{"embeddable":true,"href":"https:\/\/bluestudio.estadao.com.br\/agencia-de-comunicacao\/wp-json\/wp\/v2\/users\/1"}],"replies":[{"embeddable":true,"href":"https:\/\/bluestudio.estadao.com.br\/agencia-de-comunicacao\/wp-json\/wp\/v2\/comments?post=113712"}],"version-history":[{"count":0,"href":"https:\/\/bluestudio.estadao.com.br\/agencia-de-comunicacao\/wp-json\/wp\/v2\/posts\/113712\/revisions"}],"wp:featuredmedia":[{"embeddable":true,"href":"https:\/\/bluestudio.estadao.com.br\/agencia-de-comunicacao\/wp-json\/wp\/v2\/media\/113713"}],"wp:attachment":[{"href":"https:\/\/bluestudio.estadao.com.br\/agencia-de-comunicacao\/wp-json\/wp\/v2\/media?parent=113712"}],"wp:term":[{"taxonomy":"category","embeddable":true,"href":"https:\/\/bluestudio.estadao.com.br\/agencia-de-comunicacao\/wp-json\/wp\/v2\/categories?post=113712"},{"taxonomy":"post_tag","embeddable":true,"href":"https:\/\/bluestudio.estadao.com.br\/agencia-de-comunicacao\/wp-json\/wp\/v2\/tags?post=113712"}],"curies":[{"name":"wp","href":"https:\/\/api.w.org\/{rel}","templated":true}]}}