{"id":113537,"date":"2025-07-24T06:42:00","date_gmt":"2025-07-24T09:42:00","guid":{"rendered":"https:\/\/bluestudio.estadao.com.br\/agencia-de-comunicacao\/prnewswire\/relatorio-de-sustentabilidade-2024-do-grupo-ferrero-mostra-compromisso-com-inovacao-e-impacto-positivo-diante-dos-desafios-globais\/"},"modified":"2025-07-24T06:42:00","modified_gmt":"2025-07-24T09:42:00","slug":"relatorio-de-sustentabilidade-2024-do-grupo-ferrero-mostra-compromisso-com-inovacao-e-impacto-positivo-diante-dos-desafios-globais","status":"publish","type":"post","link":"https:\/\/bluestudio.estadao.com.br\/agencia-de-comunicacao\/prnewswire\/relatorio-de-sustentabilidade-2024-do-grupo-ferrero-mostra-compromisso-com-inovacao-e-impacto-positivo-diante-dos-desafios-globais\/","title":{"rendered":"RELAT\u00d3RIO DE SUSTENTABILIDADE 2024 DO GRUPO FERRERO MOSTRA COMPROMISSO COM INOVA\u00c7\u00c3O E IMPACTO POSITIVO DIANTE DOS DESAFIOS GLOBAIS"},"content":{"rendered":"<div class=\"xn-content\">\n<span class=\"legendSpanClass\">LUXEMBURGO<\/span>, <span class=\"legendSpanClass\">24 de julho de 2025<\/span> \/PRNewswire\/ &#8212; O Grupo\u00a0Ferrero anunciou hoje o progresso de sua jornada sustent\u00e1vel, com o lan\u00e7amento de seu 16\u00ba Relat\u00f3rio de Sustentabilidade. Guiado pelo compromisso de longa data do Grupo em ter um impacto positivo em toda a sua cadeia de valor, o relat\u00f3rio mostra o avan\u00e7o significativo e cont\u00ednuo que a empresa fez em suas principais prioridades de sustentabilidade.<\/p>\n<p><i>&#8220;A sustentabilidade est\u00e1 profundamente incorporada na estrat\u00e9gia de longo prazo da Ferrero. \u00c9 um fator fundamental para a resili\u00eancia dos neg\u00f3cios e orienta as decis\u00f5es que tomamos, \u00e0 medida que crescemos de forma respons\u00e1vel. Diante dos desafios globais, especialmente das mudan\u00e7as clim\u00e1ticas, nosso compromisso permanece claro: obter ingredientes de forma respons\u00e1vel, inovar com ousadia e proteger a natureza para as futuras gera\u00e7\u00f5es. Esse progresso \u00e9 poss\u00edvel gra\u00e7as \u00e0 a\u00e7\u00e3o coletiva, ao aproveitamento da inova\u00e7\u00e3o, da pesquisa e do desenvolvimento, e ao aprendizado cont\u00ednuo com a experi\u00eancia para gerar um impacto mensur\u00e1vel e significativo,&#8221;<\/i>\u00a0disse <b><span class=\"xn-person\">Giovanni Ferrero<\/span>, Executive Chairman do <span class=\"xn-person\">Grupo Ferrero<\/span><\/b>.<\/p>\n<p><i>&#8220;Avan\u00e7amos de forma constante em nossa agenda de sustentabilidade durante o ano fiscal de 2023\/2024. Estou particularmente orgulhoso dos passos cont\u00ednuos que estamos dando para alcan\u00e7ar nossos compromissos de longo prazo. Conseguimos avan\u00e7ar em nossa jornada de sustentabilidade enquanto mantemos uma gest\u00e3o financeira s\u00f3lida em toda a empresa. Temos feito grandes esfor\u00e7os na rastreabilidade de nossos principais ingredientes e na melhoria da visibilidade da cadeia de suprimentos, ao mesmo tempo em que avan\u00e7amos em nossos compromissos com a promo\u00e7\u00e3o dos direitos humanos e continuamos nosso trabalho de descarboniza\u00e7\u00e3o em toda a opera\u00e7\u00e3o,&#8221;\u00a0<\/i><b>disse <span class=\"xn-person\">Lapo Civiletti<\/span>, Chief Executive Officer do <span class=\"xn-person\">Grupo Ferrero<\/span><\/b>.<\/p>\n<p><b>O Relat\u00f3rio de Sustentabilidade da Ferrero destaca uma evolu\u00e7\u00e3o cont\u00ednua na rastreabilidade de suas cadeias de suprimento globais, com mais de 90% dos principais ingredientes sendo mapeados desde a origem. <\/b>Parcerias estrat\u00e9gicas com a Sourcemap e a Starling t\u00eam fortalecido o rastreamento preciso das principais <i>commodities<\/i>, alcan\u00e7ando 97% de rastreabilidade para o cacau e o \u00f3leo de palma, e 94% para as avel\u00e3s.<\/p>\n<p><b>A Ferrero avan\u00e7ou significativamente rumo \u00e0 sua meta de reduzir pela metade as emiss\u00f5es de gases de efeito estufa at\u00e9 2030, com redu\u00e7\u00f5es significativas j\u00e1 alcan\u00e7adas em compara\u00e7\u00e3o com a linha de base de 2017\/18.<\/b><\/p>\n<ul type=\"disc\">\n<li>As emiss\u00f5es dos\u00a0Escopos 1 e 2 foram reduzidas em 21,7%.<\/li>\n<li>Para o Escopo 3, as emiss\u00f5es\u00a0FLAG (Floresta, Terra e Agricultura) e n\u00e3o-FLAG foram desagregadas para melhorar a contagem de carbono, aumentar a confiabilidade e a precis\u00e3o dos dados.<\/li>\n<li>90% da eletricidade para fabrica\u00e7\u00e3o e armazenamento agora \u00e9 proveniente de fontes renov\u00e1veis.<\/li>\n<\/ul>\n<p><b>Com 92,1% de suas embalagens projetadas para serem recicl\u00e1veis<\/b>, a empresa manteve seu compromisso de garantir que mais de 90% dos materiais de embalagem sejam reutiliz\u00e1veis, recicl\u00e1veis ou compost\u00e1veis.<\/p>\n<ul type=\"disc\">\n<li>Houve um aumento not\u00e1vel na redu\u00e7\u00e3o de pl\u00e1stico virgem, com uma diminui\u00e7\u00e3o de 13% na propor\u00e7\u00e3o de pl\u00e1stico por produto. Isso inclui a convers\u00e3o das caixas de\u00a0Ferrero Rocher de poliestireno para polipropileno na Am\u00e9rica do Norte e na <span class=\"xn-location\">China<\/span>, resultando em uma economia estimada de aproximadamente 11.000 toneladas de pl\u00e1stico.<\/li>\n<li>Outros destaques incluem o lan\u00e7amento da\u00a0Nutella Plant-Based em potes feitos com 60% de vidro reciclado e o lan\u00e7amento da colher de papel de <span class=\"xn-person\">Kinder Joy<\/span>.<\/li>\n<\/ul>\n<p>Outros destaques do Relat\u00f3rio de Sustentabilidade do <span class=\"xn-person\">Grupo Ferrero<\/span> incluem:<\/p>\n<ul type=\"disc\">\n<li><b>Seguran\u00e7a e qualidade dos alimentos<\/b>: 100% das f\u00e1bricas da Ferrero s\u00e3o certificadas de acordo com o padr\u00e3o da Global Food Safety Initiative (GFSI).\n<\/li>\n<li><b>Consumo respons\u00e1vel:<\/b>\u00a0Foi mantido o foco em tamanhos de por\u00e7\u00f5es cuidadosamente definidos. 85% dos produtos comercializados tinham um tamanho de por\u00e7\u00e3o de 130 kcal ou menos, 63% tinham 100 kcal ou menos e 91% tinham menos de 150 kcal por por\u00e7\u00e3o.\n<\/li>\n<li><b>Empoderamento das pessoas:<br \/><\/b>&#8211; Impacto positivo cont\u00ednuo nas comunidades dos pa\u00edses fornecedores por meio de parcerias de longo prazo com organiza\u00e7\u00f5es internacionais e locais, como a Organiza\u00e7\u00e3o Internacional do Trabalho (OIT) e a Save the Children.<br \/>&#8211; O programa <span class=\"xn-person\">Kinder Joy<\/span> of Moving impactou mais de 3,7 milh\u00f5es de crian\u00e7as em 35 pa\u00edses, com investimentos superiores a 13 milh\u00f5es de euros. Em 2024, a Ferrero fez uma parceria com a Organiza\u00e7\u00e3o dos Estados Americanos (OEA) para promover a inclus\u00e3o, a equidade e o acesso aos direitos por meio do esporte e da atividade f\u00edsica, especialmente para crian\u00e7as, adolescentes e mulheres nas Am\u00e9ricas.<\/li>\n<\/ul>\n<p>Para obter mais detalhes, consulte o <a href=\"https:\/\/www.ferrero.com\/int\/en\/people-planet\/sustainability-reporting\" target=\"_blank\" rel=\"nofollow\">Relat\u00f3rio de Sustentabilidade<\/a> completo.<\/p>\n<p id=\"PURL\"><img loading=\"lazy\" decoding=\"async\" title=\"Cision\" width=\"12\" height=\"12\" alt=\"Cision\" src=\"https:\/\/c212.net\/c\/img\/favicon.png?sn=PT34989&amp;sd=2025-07-24\" \/> View original content:<a id=\"PRNURL\" rel=\"nofollow\" href=\"https:\/\/www.prnewswire.com\/br\/comunicados-para-a-imprensa\/relatorio-de-sustentabilidade-2024-do-grupo-ferrero-mostra-compromisso-com-inovacao-e-impacto-positivo-diante-dos-desafios-globais-302513004.html\" target=\"_blank\">https:\/\/www.prnewswire.com\/br\/comunicados-para-a-imprensa\/relatorio-de-sustentabilidade-2024-do-grupo-ferrero-mostra-compromisso-com-inovacao-e-impacto-positivo-diante-dos-desafios-globais-302513004.html<\/a><\/p>\n<p>FONTE  Ferrero Group<\/p>\n<\/div>\n<p><img decoding=\"async\" alt=\"\" src=\"https:\/\/rt.prnewswire.com\/rt.gif?NewsItemId=PT34989&amp;Transmission_Id=202507240531PR_NEWS_LATAM____PT34989&amp;DateId=20250724\" style=\"border:0px;width:1px;height:1px\" \/><\/p>\n<p><strong>T\u00f3picos Relacionados:<\/strong> Papel\/Produtos Florestais\/Cont\u00eaineres, Alimentos, Varejo, Responsabilidade Social Corporativa, Agricultura, Ambiental, Social e Governan\u00e7a<\/p>\n<p>A <b>OESP<\/b> n\u00e3o \u00e9(s\u00e3o) respons\u00e1vel(is) por erros, incorre\u00e7\u00f5es, atrasos ou quaisquer decis\u00f5es tomadas por seus clientes com base nos Conte\u00fados ora disponibilizados, bem como tais Conte\u00fados n\u00e3o representam a opini\u00e3o da <b>OESP<\/b> e s\u00e3o de inteira responsabilidade da <b>PR Newswire Ltda<\/b><\/p>\n","protected":false},"excerpt":{"rendered":"LUXEMBURGO, 24 de julho de 2025 \/PRNewswire\/ &#8212; O Grupo\u00a0Ferrero anunciou hoje o progresso de sua jornada sustent\u00e1vel, com o lan\u00e7amento de seu 16\u00ba Relat\u00f3rio de Sustentabilidade. Guiado pelo","protected":false},"author":1,"featured_media":0,"comment_status":"open","ping_status":"closed","sticky":false,"template":"","format":"standard","meta":{"_acf_changed":false,"inline_featured_image":false,"_monsterinsights_skip_tracking":false,"_monsterinsights_sitenote_active":false,"_monsterinsights_sitenote_note":"","_monsterinsights_sitenote_category":0,"footnotes":""},"categories":[27],"tags":[],"class_list":["post-113537","post","type-post","status-publish","format-standard","hentry","category-prnewswire"],"acf":[],"_links":{"self":[{"href":"https:\/\/bluestudio.estadao.com.br\/agencia-de-comunicacao\/wp-json\/wp\/v2\/posts\/113537","targetHints":{"allow":["GET"]}}],"collection":[{"href":"https:\/\/bluestudio.estadao.com.br\/agencia-de-comunicacao\/wp-json\/wp\/v2\/posts"}],"about":[{"href":"https:\/\/bluestudio.estadao.com.br\/agencia-de-comunicacao\/wp-json\/wp\/v2\/types\/post"}],"author":[{"embeddable":true,"href":"https:\/\/bluestudio.estadao.com.br\/agencia-de-comunicacao\/wp-json\/wp\/v2\/users\/1"}],"replies":[{"embeddable":true,"href":"https:\/\/bluestudio.estadao.com.br\/agencia-de-comunicacao\/wp-json\/wp\/v2\/comments?post=113537"}],"version-history":[{"count":0,"href":"https:\/\/bluestudio.estadao.com.br\/agencia-de-comunicacao\/wp-json\/wp\/v2\/posts\/113537\/revisions"}],"wp:attachment":[{"href":"https:\/\/bluestudio.estadao.com.br\/agencia-de-comunicacao\/wp-json\/wp\/v2\/media?parent=113537"}],"wp:term":[{"taxonomy":"category","embeddable":true,"href":"https:\/\/bluestudio.estadao.com.br\/agencia-de-comunicacao\/wp-json\/wp\/v2\/categories?post=113537"},{"taxonomy":"post_tag","embeddable":true,"href":"https:\/\/bluestudio.estadao.com.br\/agencia-de-comunicacao\/wp-json\/wp\/v2\/tags?post=113537"}],"curies":[{"name":"wp","href":"https:\/\/api.w.org\/{rel}","templated":true}]}}