{"id":113518,"date":"2025-07-23T15:12:00","date_gmt":"2025-07-23T18:12:00","guid":{"rendered":"https:\/\/bluestudio.estadao.com.br\/agencia-de-comunicacao\/prnewswire\/gartner-preve-que-gastos-mundiais-com-ti-crescerao-79-em-2025\/"},"modified":"2025-07-23T15:12:00","modified_gmt":"2025-07-23T18:12:00","slug":"gartner-preve-que-gastos-mundiais-com-ti-crescerao-79-em-2025","status":"publish","type":"post","link":"https:\/\/bluestudio.estadao.com.br\/agencia-de-comunicacao\/prnewswire\/gartner-preve-que-gastos-mundiais-com-ti-crescerao-79-em-2025\/","title":{"rendered":"Gartner prev\u00ea que gastos mundiais com TI crescer\u00e3o 7,9% em 2025"},"content":{"rendered":"<div class=\"xn-content\">\n<p class=\"prntac\"><i>&#8211; Chief Information Officers (CIOs) fazem uma pausa em novos gastos devido \u00e0s incertezas<\/i><\/p>\n<p class=\"prntac\"><i>&#8211; 62% dos Chief Executive Officers (CEOs) e executivos seniores identificam a IA como o fator que definir\u00e1 o futuro da competitividade nos pr\u00f3ximos 10 anos<\/i><\/p>\n<p class=\"prntac\"><i>&#8211; 61% das empresas come\u00e7aram 2025 em uma posi\u00e7\u00e3o melhor do que no mesmo per\u00edodo do ano passado; apenas 24% esperam terminar o ano \u00e0 frente de seus planos para 2025<\/i><\/p>\n<p><span class=\"legendSpanClass\">S\u00c3O PAULO<\/span>, <span class=\"legendSpanClass\">23 de julho de 2025<\/span> \/PRNewswire\/ &#8212; Espera-se que os gastos mundiais com TI totalizem <span class=\"xn-money\">US$ 5,43<\/span> trilh\u00f5es em 2025, um aumento de 7,9% em rela\u00e7\u00e3o a 2024, de acordo com a \u00faltima previs\u00e3o do\u00a0<b><a href=\"https:\/\/www.gartner.com.br\/pt-br\" target=\"_blank\" rel=\"nofollow\">Gartner, Inc<\/a><\/b>.<\/p>\n<p>&#8220;Embora haja uma pausa nos neg\u00f3cios em rela\u00e7\u00e3o a novos gastos devido ao aumento da incerteza global, o efeito \u00e9 compensado por iniciativas cont\u00ednuas de digitaliza\u00e7\u00e3o com Intelig\u00eancia Artificial (IA) e <a href=\"https:\/\/www.gartner.com\/en\/insights\/generative-ai-for-business\" target=\"_blank\" rel=\"nofollow\">Intelig\u00eancia Artificial Generativa (GenAI)<\/a>&#8220;, diz <a href=\"https:\/\/www.gartner.com\/en\/experts\/john-lovelock\" target=\"_blank\" rel=\"nofollow\"><span class=\"xn-person\">John-David Lovelock<\/span><\/a>, Vice-Presidente Analista Distinto do Gartner. &#8220;Por exemplo, espera-se que o crescimento dos gastos com software e servi\u00e7os em 2025 diminua devido a essa &#8216;pausa por incerteza&#8217;, mas os gastos com <a href=\"https:\/\/www.gartner.com\/en\/infrastructure-and-it-operations-leaders\/topics\/i-and-o-strategy\" target=\"_blank\" rel=\"nofollow\">infraestrutura relacionada \u00e0 IA<\/a>, como sistemas de Data Center, continuam a aumentar.&#8221;<\/p>\n<p><b>Previs\u00e3o de Gastos Mundiais com TI (Milh\u00f5es de D\u00f3lares Americanos)<\/b><\/p>\n<div>\n<table border=\"0\" cellspacing=\"0\" cellpadding=\"1\" class=\"prnbcc\">\n<tr>\n<td class=\"prnpr2 prnpl2 prnvab prncbts prnbrbrs prnbbbs prnbsbls\" colspan=\"1\" rowspan=\"1\"><\/td>\n<td class=\"prngen3\" colspan=\"1\" rowspan=\"1\">\n<p class=\"prnml4\">\u00a0<\/p>\n<p class=\"prnml4\"><span class=\"prnews_span\"><b>Gastos de 2024 <\/b><\/span><\/p>\n<\/td>\n<td class=\"prngen3\" colspan=\"1\" rowspan=\"1\">\n<p class=\"prnml4\">\u00a0<\/p>\n<p class=\"prnml4\"><span class=\"prnews_span\"><b>Crescimento de 2024 (%)<\/b><\/span><\/p>\n<\/td>\n<td class=\"prngen3\" colspan=\"1\" rowspan=\"1\">\n<p class=\"prnml4\">\u00a0<\/p>\n<p class=\"prnml4\"><span class=\"prnews_span\"><b>Gastos de 2025 <\/b><\/span><\/p>\n<\/td>\n<td class=\"prngen3\" colspan=\"1\" rowspan=\"1\">\n<p class=\"prnml4\">\u00a0<\/p>\n<p class=\"prnml4\"><span class=\"prnews_span\"><b>Crescimento de 2025 (%)<\/b><\/span><\/p>\n<\/td>\n<\/tr>\n<tr>\n<td class=\"prngen4\" colspan=\"1\" rowspan=\"1\">\n<p class=\"prnml4\"><span class=\"prnews_span\">Sistemas de Data Center <\/span><\/p>\n<\/td>\n<td class=\"prngen5\" colspan=\"1\" rowspan=\"1\">\n<p class=\"prnml4\"><span class=\"prnews_span\">333.372<\/span><\/p>\n<\/td>\n<td class=\"prngen5\" colspan=\"1\" rowspan=\"1\">\n<p class=\"prnml4\"><span class=\"prnews_span\">40,3<\/span><\/p>\n<\/td>\n<td class=\"prngen5\" colspan=\"1\" rowspan=\"1\">\n<p class=\"prnml4\"><span class=\"prnews_span\">474.883<\/span><\/p>\n<\/td>\n<td class=\"prngen5\" colspan=\"1\" rowspan=\"1\">\n<p class=\"prnml4\"><span class=\"prnews_span\">42,4<\/span><\/p>\n<\/td>\n<\/tr>\n<tr>\n<td class=\"prngen4\" colspan=\"1\" rowspan=\"1\">\n<p class=\"prnml4\"><span class=\"prnews_span\">Dispositivos<\/span><\/p>\n<\/td>\n<td class=\"prngen5\" colspan=\"1\" rowspan=\"1\">\n<p class=\"prnml4\"><span class=\"prnews_span\">720.681<\/span><\/p>\n<\/td>\n<td class=\"prngen5\" colspan=\"1\" rowspan=\"1\">\n<p class=\"prnml4\"><span class=\"prnews_span\">4,6<\/span><\/p>\n<\/td>\n<td class=\"prngen5\" colspan=\"1\" rowspan=\"1\">\n<p class=\"prnml4\"><span class=\"prnews_span\">759.615<\/span><\/p>\n<\/td>\n<td class=\"prngen5\" colspan=\"1\" rowspan=\"1\">\n<p class=\"prnml4\"><span class=\"prnews_span\">5,4<\/span><\/p>\n<\/td>\n<\/tr>\n<tr>\n<td class=\"prngen4\" colspan=\"1\" rowspan=\"1\">\n<p class=\"prnml4\"><span class=\"prnews_span\">Software<\/span><\/p>\n<\/td>\n<td class=\"prngen5\" colspan=\"1\" rowspan=\"1\">\n<p class=\"prnml4\"><span class=\"prnews_span\">1.114.604<\/span><\/p>\n<\/td>\n<td class=\"prngen5\" colspan=\"1\" rowspan=\"1\">\n<p class=\"prnml4\"><span class=\"prnews_span\">11,9<\/span><\/p>\n<\/td>\n<td class=\"prngen5\" colspan=\"1\" rowspan=\"1\">\n<p class=\"prnml4\"><span class=\"prnews_span\">1,232.145<\/span><\/p>\n<\/td>\n<td class=\"prngen5\" colspan=\"1\" rowspan=\"1\">\n<p class=\"prnml4\"><span class=\"prnews_span\">10,5<\/span><\/p>\n<\/td>\n<\/tr>\n<tr>\n<td class=\"prngen4\" colspan=\"1\" rowspan=\"1\">\n<p class=\"prnml4\"><span class=\"prnews_span\">Servi\u00e7os de TI<\/span><\/p>\n<\/td>\n<td class=\"prngen5\" colspan=\"1\" rowspan=\"1\">\n<p class=\"prnml4\"><span class=\"prnews_span\">1.614.756<\/span><\/p>\n<\/td>\n<td class=\"prngen5\" colspan=\"1\" rowspan=\"1\">\n<p class=\"prnml4\"><span class=\"prnews_span\">4,8<\/span><\/p>\n<\/td>\n<td class=\"prngen5\" colspan=\"1\" rowspan=\"1\">\n<p class=\"prnml4\"><span class=\"prnews_span\">1.686.321<\/span><\/p>\n<\/td>\n<td class=\"prngen5\" colspan=\"1\" rowspan=\"1\">\n<p class=\"prnml4\"><span class=\"prnews_span\">4,4<\/span><\/p>\n<\/td>\n<\/tr>\n<tr>\n<td class=\"prngen4\" colspan=\"1\" rowspan=\"1\">\n<p class=\"prnml4\"><span class=\"prnews_span\">Servi\u00e7os de Comunica\u00e7\u00e3o<\/span><\/p>\n<\/td>\n<td class=\"prngen5\" colspan=\"1\" rowspan=\"1\">\n<p class=\"prnml4\"><span class=\"prnews_span\">\u00a0<\/span><\/p>\n<p class=\"prnml4\"><span class=\"prnews_span\">1.256.287<\/span><\/p>\n<\/td>\n<td class=\"prngen5\" colspan=\"1\" rowspan=\"1\">\n<p class=\"prnml4\">\u00a0<\/p>\n<p class=\"prnml4\"><span class=\"prnews_span\">2,2<\/span><\/p>\n<\/td>\n<td class=\"prngen5\" colspan=\"1\" rowspan=\"1\">\n<p class=\"prnml4\"><span class=\"prnews_span\">\u00a0<\/span><\/p>\n<p class=\"prnml4\"><span class=\"prnews_span\">1.282.592<\/span><\/p>\n<\/td>\n<td class=\"prngen5\" colspan=\"1\" rowspan=\"1\">\n<p class=\"prnml4\">\u00a0<\/p>\n<p class=\"prnml4\"><span class=\"prnews_span\">2,1<\/span><\/p>\n<\/td>\n<\/tr>\n<tr>\n<td class=\"prngen4\" colspan=\"1\" rowspan=\"1\">\n<p class=\"prnml4\"><span class=\"prnews_span\"><b>TI no Geral\u00a0<\/b>\u00a0<\/span><\/p>\n<\/td>\n<td class=\"prngen5\" colspan=\"1\" rowspan=\"1\">\n<p class=\"prnml4\"><span class=\"prnews_span\"><b>5.039.699 <\/b><\/span><\/p>\n<\/td>\n<td class=\"prngen5\" colspan=\"1\" rowspan=\"1\">\n<p class=\"prnml4\"><span class=\"prnews_span\"><b>7,4<\/b><\/span><\/p>\n<\/td>\n<td class=\"prngen5\" colspan=\"1\" rowspan=\"1\">\n<p class=\"prnml4\"><span class=\"prnews_span\"><b>5.435.555 <\/b><\/span><\/p>\n<\/td>\n<td class=\"prngen5\" colspan=\"1\" rowspan=\"1\">\n<p class=\"prnml4\"><span class=\"prnews_span\"><b>7,9<\/b><\/span><\/p>\n<\/td>\n<\/tr>\n<\/table>\n<\/div>\n<p>Fonte: Gartner (Julho 2025)<\/p>\n<p>&#8220;Os Data Centers est\u00e3o experimentando um aumento impulsionado pela GenAI, com gastos em servidores otimizados para IA, que eram praticamente inexistentes em 2021, esperados para triplicar em rela\u00e7\u00e3o aos servidores tradicionais at\u00e9 2027&#8221;, diz Lovelock.<\/p>\n<p>Isso se alinha com uma pesquisa do Gartner com 252 l\u00edderes seniores de v\u00e1rios setores na Am\u00e9rica do Norte e na Europa Ocidental com receita de <span class=\"xn-money\">US$ 500<\/span> milh\u00f5es ou mais em toda a empresa, feita de mar\u00e7o a maio de 2025, em que 62% dos entrevistados identificaram a IA como fator que definir\u00e1 a competitividade nos pr\u00f3ximos 10 anos. A competitividade \u00e9 o principal motivo pelo qual as empresas investir\u00e3o em tecnologia e mudan\u00e7as nos neg\u00f3cios (64%) em um ambiente em eros\u00e3o.<\/p>\n<p>&#8220;Com a <a href=\"https:\/\/www.gartner.com\/en\/information-technology\/topics\/ai-readiness\" target=\"_blank\" rel=\"nofollow\">GenAI<\/a> caminhando em dire\u00e7\u00e3o ao Vale da Desilus\u00e3o, mais tempo e gastos est\u00e3o sendo concentrados na funcionalidade j\u00e1 entregue por fornecedores de software tradicionais&#8221;, diz Lovelock. &#8220;Os <a href=\"https:\/\/www.gartner.com\/en\/articles\/cio-challenges?utm_medium=press-release&amp;utm_campaign=RM_GB_2025_ITCIO_NPP_PR1_CIOREPORTQ12025&amp;utm_term=ebook\" target=\"_blank\" rel=\"nofollow\">CIOs<\/a> est\u00e3o buscando casos de uso mais simples, do tipo &#8216;plug and play&#8217;, pois est\u00e3o vendendo a funcionalidade da GenAI, mas n\u00e3o necessariamente comprando a funcionalidade.<\/p>\n<p><b>Impactos da pausa por incerteza<\/b><\/p>\n<p>A partir do in\u00edcio do segundo trimestre de 2025, houve uma &#8220;pausa por incerteza&#8221;, que abrangeu uma suspens\u00e3o estrat\u00e9gica de novas iniciativas em v\u00e1rios departamentos, incluindo TI. Essa pausa \u00e9 motivada pelo aumento da incerteza e dos riscos geopol\u00edticos. Em resposta, o setor corporativo global est\u00e1 adotando maior cautela \u00e0 medida que as empresas buscam mitigar os impactos negativos desses desafios multifacetados.<\/p>\n<p>A mesma pesquisa do Gartner constatou que 61% das empresas come\u00e7aram 2025 em uma posi\u00e7\u00e3o melhor do que no mesmo per\u00edodo do ano passado, mas apenas 24% esperam terminar o ano \u00e0 frente de seus planos para 2025. Esse sentimento foi consistente em todos os setores, em graus variados.<\/p>\n<p><b>Sentimento Econ\u00f4mico dos Executivos Corporativos<\/b><\/p>\n<div class=\"PRN_ImbeddedAssetReference\" id=\"DivAssetPlaceHolder5046\">\n<a href=\"https:\/\/mma.prnewswire.com\/media\/2737029\/IMG_Gartner_2307.html\" target=\"_blank\" rel=\"nofollow\"><img decoding=\"async\" src=\"https:\/\/mma.prnewswire.com\/media\/2737029\/IMG_Gartner_2307.jpg\" title=\"Fonte: Gartner (Julho 2025)\" alt=\"Fonte: Gartner (Julho 2025)\" \/><\/a><\/p>\n<\/div>\n<p>&#8220;Essa pausa n\u00e3o decorre de cortes or\u00e7ament\u00e1rios, pois os or\u00e7amentos continuam totalmente alocados&#8221;, diz Lovelock. &#8220;Em vez disso, trata-se de uma decis\u00e3o estrat\u00e9gica de adiar novos gastos. Os setores de hardware e infraestrutura de TI s\u00e3o particularmente afetados devido a aumentos de pre\u00e7os e interrup\u00e7\u00f5es na cadeia de suprimentos. Em contrapartida, os gastos cont\u00ednuos ou recorrentes, como servi\u00e7os gerenciados e em Nuvem, est\u00e3o mantendo maior estabilidade.&#8221;<\/p>\n<p>Os choques econ\u00f4micos (41%) e geopol\u00edticos (32%) representam os maiores riscos, de acordo com os l\u00edderes empresariais. Eles acreditam estar preparados para lidar com a press\u00e3o dos clientes, da concorr\u00eancia e da regulamenta\u00e7\u00e3o com sucesso.<\/p>\n<p>A metodologia da previs\u00e3o de gastos com TI do Gartner se baseia fortemente em uma an\u00e1lise rigorosa das vendas de mais de mil fornecedores em toda a gama de produtos e servi\u00e7os de TI. O Gartner usa t\u00e9cnicas de pesquisa prim\u00e1ria, complementadas por fontes de pesquisa secund\u00e1ria, para criar um banco de dados abrangente sobre o tamanho do mercado no qual baseia sua previs\u00e3o.<\/p>\n<p>A previs\u00e3o trimestral de gastos com TI do Gartner oferece uma perspectiva \u00fanica sobre os gastos com TI nos segmentos de hardware, software, servi\u00e7os de TI e telecomunica\u00e7\u00f5es. Esses relat\u00f3rios ajudam os clientes do Gartner a entender as oportunidades e os desafios do mercado. A mais recente pesquisa de previs\u00e3o de gastos com TI est\u00e1 dispon\u00edvel para os clientes do Gartner no &#8220;<a href=\"https:\/\/www.gartner.com\/document-reader\/document\/6650634?ref=solrResearch&amp;refval=478522874\" target=\"_blank\" rel=\"nofollow\">Gartner Market Databook, 2T25 Update<\/a>&#8220;.<\/p>\n<p>T\u00f3picos como esses e outros voltados a CIOs (Chief Information Officers) e l\u00edderes de TI e neg\u00f3cios, incluindo insights e tend\u00eancias que moldam o futuro, como acelera\u00e7\u00e3o da transforma\u00e7\u00e3o empresarial, moderniza\u00e7\u00e3o de aplica\u00e7\u00f5es, infraestrutura e opera\u00e7\u00f5es, ser\u00e3o destaque na <b><a href=\"https:\/\/www.gartner.com\/pt-br\/conferences\/la\/cio-brazil\" target=\"_blank\" rel=\"nofollow\">Confer\u00eancia Gartner CIO &amp; IT Executive 2025<\/a><\/b>. O evento, que ser\u00e1 realizado de 22 a 24 de setembro em S\u00e3o Paulo (SP), mostrar\u00e1 como a lideran\u00e7a e a inova\u00e7\u00e3o, combinadas com a ado\u00e7\u00e3o de tecnologias de ponta, exercem um papel fundamental nos resultados das empresas. Mais informa\u00e7\u00f5es est\u00e3o dispon\u00edveis em: <a href=\"https:\/\/www.gartner.com\/pt-br\/conferences\/la\/cio-brazil\" target=\"_blank\" rel=\"nofollow\">https:\/\/www.gartner.com\/pt-br\/conferences\/la\/cio-brazil<\/a>\u00a0<\/p>\n<p>Mais informa\u00e7\u00f5es sobre a previs\u00e3o podem ser encontradas no webinar gratuito do Gartner, &#8220;<a href=\"https:\/\/www.gartner.com\/en\/webinar\/741598\/1675405-it-spending-forecast-2q25-update-navigate-the-complexities-of-the-current-it-landscape\" target=\"_blank\" rel=\"nofollow\">IT Spending Forecast, 2Q25 Update: Navigate the Complexities of the Current IT Landscape<\/a>&#8220;.<\/p>\n<p>Os clientes do Gartner podem ler mais em &#8220;<a href=\"https:\/\/www.gartner.com\/document-reader\/document\/6616602\" target=\"_blank\" rel=\"nofollow\">Competitiveness Will Drive Tech Investment as Enterprise Economic Confidence Erodes in 2Q25<\/a>&#8220;.<\/p>\n<p><b>Sobre a Confer\u00eancia Gartner CIO &amp; IT Executive<br \/><\/b>Os analistas do Gartner fornecer\u00e3o an\u00e1lises adicionais sobre insights e tend\u00eancias que moldam o futuro da TI e dos neg\u00f3cios, incluindo a acelera\u00e7\u00e3o da transforma\u00e7\u00e3o empresarial, moderniza\u00e7\u00e3o de aplica\u00e7\u00f5es, infraestrutura e opera\u00e7\u00f5es, durante a Confer\u00eancia Gartner CIO &amp; IT Executive, que ser\u00e1 realizada de 22 a 24 de setembro em <a href=\"https:\/\/www.gartner.com\/en\/conferences\/la\/cio-brazil\" target=\"_blank\" rel=\"nofollow\">S\u00e3o Paulo<\/a> e de 6 a 8 de outubro em <a href=\"https:\/\/www.gartner.com\/en\/conferences\/emea\/cio-uae\" target=\"_blank\" rel=\"nofollow\"><span class=\"xn-location\">Dubai<\/span><\/a>. Acompanhe as not\u00edcias e atualiza\u00e7\u00f5es da confer\u00eancia no X usando <a href=\"https:\/\/twitter.com\/hashtag\/GartnerCIO?src=hashtag_click\" target=\"_blank\" rel=\"nofollow\">#GartnerCIO<\/a>.?\u00a0<\/p>\n<p><b>Sobre o Gartner for High Tech<br \/><\/b>O Gartner <i>for High Tech<\/i> ajuda l\u00edderes de tecnologia e suas equipes com melhores pr\u00e1ticas baseadas em fun\u00e7\u00f5es, insights da ind\u00fastria e vis\u00f5es estrat\u00e9gicas sobre tend\u00eancias emergentes e mudan\u00e7as de mercado para que alcancem suas prioridades de miss\u00e3o cr\u00edtica e construam as empresas de sucesso do amanh\u00e3. Para informa\u00e7\u00f5es adicionais, acesse: <a href=\"http:\/\/www.gartner.com\/en\/industries\/high-tech\" target=\"_blank\" rel=\"nofollow\">www.gartner.com\/en\/industries\/high-tech<\/a>. Acompanhe as not\u00edcias e atualiza\u00e7\u00f5es do Gartner for High Tech no <a href=\"https:\/\/twitter.com\/Gartner_inc\" target=\"_blank\" rel=\"nofollow\">X<\/a> e no <a href=\"https:\/\/www.linkedin.com\/showcase\/gartner-for-high-tech\" target=\"_blank\" rel=\"nofollow\">LinkedIn<\/a> usando #GartnerHT.\u00a0<\/p>\n<p><b>Sobre o Gartner<br \/><\/b>O <a href=\"https:\/\/www.gartner.com\/en\" target=\"_blank\" rel=\"nofollow\"><b>Gartner, Inc.<\/b><\/a>\u00a0fornece insights objetivos e acion\u00e1veis que impulsionam decis\u00f5es mais inteligentes e um melhor desempenho para as prioridades de miss\u00e3o cr\u00edtica das empresas. Para saber mais, visite <a href=\"http:\/\/www.gartner.com\/\" target=\"_blank\" rel=\"nofollow\">www.gartner.com<\/a>.??\u00a0<\/p>\n<p>Foto &#8211; <a href=\"https:\/\/mma.prnewswire.com\/media\/2737029\/IMG_Gartner_2307.jpg\" target=\"_blank\" rel=\"nofollow\">https:\/\/mma.prnewswire.com\/media\/2737029\/IMG_Gartner_2307.jpg<\/a><\/p>\n<div class=\"PRN_ImbeddedAssetReference\" id=\"DivAssetPlaceHolder0\"><\/div>\n<p id=\"PURL\"><img loading=\"lazy\" decoding=\"async\" title=\"Cision\" width=\"12\" height=\"12\" alt=\"Cision\" src=\"https:\/\/c212.net\/c\/img\/favicon.png?sn=PT36402&amp;sd=2025-07-23\" \/> View original content to download multimedia:<a id=\"PRNURL\" rel=\"nofollow\" href=\"https:\/\/www.prnewswire.com\/br\/comunicados-para-a-imprensa\/gartner-preve-que-gastos-mundiais-com-ti-crescerao-7-9-em-2025--302512274.html\" target=\"_blank\">https:\/\/www.prnewswire.com\/br\/comunicados-para-a-imprensa\/gartner-preve-que-gastos-mundiais-com-ti-crescerao-7-9-em-2025&#8211;302512274.html<\/a><\/p>\n<p>FONTE  Gartner<\/p>\n<\/div>\n<p><img decoding=\"async\" alt=\"\" src=\"https:\/\/rt.prnewswire.com\/rt.gif?NewsItemId=PT36402&amp;Transmission_Id=202507231400PR_NEWS_LATAM____PT36402&amp;DateId=20250723\" style=\"border:0px;width:1px;height:1px\" \/><\/p>\n<p><strong>T\u00f3picos Relacionados:<\/strong> Pesquisa, Enquetes e Estudos, Eventos Futuros, Servi\u00e7os Banc\u00e1rios\/Financeiros, Computador\/Eletr\u00f4nica<\/p>\n<p>A <b>OESP<\/b> n\u00e3o \u00e9(s\u00e3o) respons\u00e1vel(is) por erros, incorre\u00e7\u00f5es, atrasos ou quaisquer decis\u00f5es tomadas por seus clientes com base nos Conte\u00fados ora disponibilizados, bem como tais Conte\u00fados n\u00e3o representam a opini\u00e3o da <b>OESP<\/b> e s\u00e3o de inteira responsabilidade da <b>PR Newswire Ltda<\/b><\/p>\n","protected":false},"excerpt":{"rendered":"&#8211; Chief Information Officers (CIOs) fazem uma pausa em novos gastos devido \u00e0s incertezas &#8211; 62% dos Chief Executive Officers (CEOs) e executivos seniores identificam a IA como o fator que","protected":false},"author":1,"featured_media":0,"comment_status":"open","ping_status":"closed","sticky":false,"template":"","format":"standard","meta":{"_acf_changed":false,"inline_featured_image":false,"_monsterinsights_skip_tracking":false,"_monsterinsights_sitenote_active":false,"_monsterinsights_sitenote_note":"","_monsterinsights_sitenote_category":0,"footnotes":""},"categories":[27],"tags":[],"class_list":["post-113518","post","type-post","status-publish","format-standard","hentry","category-prnewswire"],"acf":[],"_links":{"self":[{"href":"https:\/\/bluestudio.estadao.com.br\/agencia-de-comunicacao\/wp-json\/wp\/v2\/posts\/113518","targetHints":{"allow":["GET"]}}],"collection":[{"href":"https:\/\/bluestudio.estadao.com.br\/agencia-de-comunicacao\/wp-json\/wp\/v2\/posts"}],"about":[{"href":"https:\/\/bluestudio.estadao.com.br\/agencia-de-comunicacao\/wp-json\/wp\/v2\/types\/post"}],"author":[{"embeddable":true,"href":"https:\/\/bluestudio.estadao.com.br\/agencia-de-comunicacao\/wp-json\/wp\/v2\/users\/1"}],"replies":[{"embeddable":true,"href":"https:\/\/bluestudio.estadao.com.br\/agencia-de-comunicacao\/wp-json\/wp\/v2\/comments?post=113518"}],"version-history":[{"count":0,"href":"https:\/\/bluestudio.estadao.com.br\/agencia-de-comunicacao\/wp-json\/wp\/v2\/posts\/113518\/revisions"}],"wp:attachment":[{"href":"https:\/\/bluestudio.estadao.com.br\/agencia-de-comunicacao\/wp-json\/wp\/v2\/media?parent=113518"}],"wp:term":[{"taxonomy":"category","embeddable":true,"href":"https:\/\/bluestudio.estadao.com.br\/agencia-de-comunicacao\/wp-json\/wp\/v2\/categories?post=113518"},{"taxonomy":"post_tag","embeddable":true,"href":"https:\/\/bluestudio.estadao.com.br\/agencia-de-comunicacao\/wp-json\/wp\/v2\/tags?post=113518"}],"curies":[{"name":"wp","href":"https:\/\/api.w.org\/{rel}","templated":true}]}}