{"id":113415,"date":"2025-07-18T11:12:00","date_gmt":"2025-07-18T14:12:00","guid":{"rendered":"https:\/\/bluestudio.estadao.com.br\/agencia-de-comunicacao\/prnewswire\/brasilcenter-realiza-feira-de-empregos-com-oportunidades-para-candidatos-de-belo-horizonte-e-regiao-metropolitana\/"},"modified":"2025-07-18T11:12:00","modified_gmt":"2025-07-18T14:12:00","slug":"brasilcenter-realiza-feira-de-empregos-com-oportunidades-para-candidatos-de-belo-horizonte-e-regiao-metropolitana","status":"publish","type":"post","link":"https:\/\/bluestudio.estadao.com.br\/agencia-de-comunicacao\/prnewswire\/brasilcenter-realiza-feira-de-empregos-com-oportunidades-para-candidatos-de-belo-horizonte-e-regiao-metropolitana\/","title":{"rendered":"BrasilCenter realiza feira de empregos com oportunidades para candidatos de Belo Horizonte e regi\u00e3o metropolitana"},"content":{"rendered":"<div class=\"xn-content\">\n<p class=\"prntac\"><i>Feira &#8220;Vem trabalhar na BCC!&#8221; acontece em 22 de julho e conta com mais de 20 vagas para consultores de vendas, com benef\u00edcios como plano de sa\u00fade, vale-refei\u00e7\u00e3o, vale-transporte<\/i>\u00a0<i>e participa\u00e7\u00e3o nos lucros<\/i><\/p>\n<p><span class=\"legendSpanClass\">S\u00c3O PAULO<\/span>, <span class=\"legendSpanClass\">18 de julho de 2025<\/span> \/PRNewswire\/ &#8212; A\u00a0<b><a href=\"https:\/\/www.brasilcenter.com.br\/\" target=\"_blank\" rel=\"nofollow\">BrasilCenter<\/a><\/b>, empresa especializada na gest\u00e3o de solu\u00e7\u00f5es de atendimento aos clientes, anuncia a\u00e7\u00e3o com foco na amplia\u00e7\u00e3o de sua equipe comercial em Minas Gerais. A companhia ir\u00e1 promover a feira de empregos &#8220;Vem trabalhar na BCC!&#8221;, no dia 22 de julho, das 10h \u00e0s 14h, na Rua Esp\u00edrito Santo, 1000 &#8211; Centro &#8211; <span class=\"xn-location\">Belo Horizonte<\/span>. <span class=\"xn-person\">Mais de<\/span> 20 vagas para consultores de vendas estar\u00e3o abertas para candidatos que morem em <span class=\"xn-location\">Belo Horizonte<\/span> e na regi\u00e3o metropolitana, para atua\u00e7\u00e3o na capital e na cidade de Contagem. Os interessados n\u00e3o precisam fazer inscri\u00e7\u00e3o pr\u00e9via, basta comparecer ao local. As oportunidades tamb\u00e9m estar\u00e3o dispon\u00edveis para pessoas com defici\u00eancia (PCD).<\/p>\n<p>As vagas s\u00e3o voltadas para a comercializa\u00e7\u00e3o de um extenso portf\u00f3lio de produtos e servi\u00e7os de telecomunica\u00e7\u00f5es em tr\u00eas frente diferentes: porta a porta em casas, condom\u00ednios, al\u00e9m de pequenas e m\u00e9dias empresas (PMEs). Durante a feira, os candidatos passar\u00e3o por uma triagem inicial e, de acordo com seu perfil profissional, ser\u00e3o direcionados pelos recrutadores para um desses canais de vendas.<\/p>\n<p>Ap\u00f3s os processos seletivos, os novos colaboradores receber\u00e3o treinamento para ambienta\u00e7\u00e3o e capacita\u00e7\u00e3o do trabalho. As vagas contam pacote completo de benef\u00edcios, que inclui assist\u00eancia m\u00e9dica e odontol\u00f3gica, vale-refei\u00e7\u00e3o, vale-transporte, seguro de vida, aux\u00edlio-creche e participa\u00e7\u00e3o nos lucros.<\/p>\n<p>&#8220;Estamos buscando profissionais com boa comunica\u00e7\u00e3o, proatividade e foco em resultados. Ter facilidade para lidar com o p\u00fablico e interesse pela \u00e1rea comercial s\u00e3o diferenciais valorizados. N\u00e3o \u00e9 necess\u00e1rio ter experi\u00eancia pr\u00e9via com vendas, mas \u00e9 importante ter perfil din\u00e2mico e vontade de aprender&#8221;, afirma Jucineide Sousa, Gerente de RH da BrasilCenter. De acordo com a executiva, a feira ser\u00e1 realizada em estrutura preparada para agilizar o processo seletivo e tirar d\u00favidas dos interessados no momento da abordagem. &#8220;Queremos oferecer uma experi\u00eancia mais acess\u00edvel e direta para quem deseja ingressar na equipe da BrasilCenter&#8221;.<\/p>\n<p>Com um ambiente din\u00e2mico, estrutura de treinamento cont\u00ednuo e plano de carreira, a BrasilCenter refor\u00e7a seu compromisso com o desenvolvimento de equipes de vendas preparadas para atender com excel\u00eancia os clientes residenciais e corporativos.<\/p>\n<p><b>Feira de empregos &#8220;Vem trabalhar na BCC!&#8221;<br \/><\/b><b>Data<\/b>: 22 de julho &#8211; ter\u00e7a-feira<br \/><b>Hor\u00e1rio:<\/b> das 10h \u00e0s 14h<br \/><b>Local<\/b>: Rua Esp\u00edrito Santo, 1000 &#8211; Centro &#8211; <span class=\"xn-location\">Belo Horizonte<\/span> (MG)<\/p>\n<p><b>Sobre a?<a href=\"https:\/\/www.brasilcenter.com.br\/\" target=\"_blank\" rel=\"nofollow\">BrasilCenter<\/a>????<\/b> <br \/>A?<b><a href=\"https:\/\/www.brasilcenter.com.br\/\" target=\"_blank\" rel=\"nofollow\">BrasilCenter\u00a0<\/a><\/b>\u00e9 uma empresa de Call Center,?com mais de 9.500 funcion\u00e1rios pelo Pa\u00eds, que atua no mercado de Call Center, PDV e Comercial. A empresa possui um ambiente de trabalho jovem, que valoriza a diversidade, motiva\u00e7\u00e3o e o aprendizado.?Criada em 1998, a companhia tem como compromisso investir na qualifica\u00e7\u00e3o de seus funcion\u00e1rios e na busca constante por solu\u00e7\u00f5es \u00e1geis e modernas, adequadas \u00e0s necessidades dos clientes, para oferecer sempre m\u00e1xima qualidade \u00e0 presta\u00e7\u00e3o de seus servi\u00e7os.?????\u00a0<\/p>\n<p id=\"PURL\"><img loading=\"lazy\" decoding=\"async\" title=\"Cision\" width=\"12\" height=\"12\" alt=\"Cision\" src=\"https:\/\/c212.net\/c\/img\/favicon.png?sn=PT33190&amp;sd=2025-07-18\" \/> View original content:<a id=\"PRNURL\" rel=\"nofollow\" href=\"https:\/\/www.prnewswire.com\/br\/comunicados-para-a-imprensa\/brasilcenter-realiza-feira-de-empregos-com-oportunidades-para-candidatos-de-belo-horizonte-e-regiao-metropolitana-302508717.html\" target=\"_blank\">https:\/\/www.prnewswire.com\/br\/comunicados-para-a-imprensa\/brasilcenter-realiza-feira-de-empregos-com-oportunidades-para-candidatos-de-belo-horizonte-e-regiao-metropolitana-302508717.html<\/a><\/p>\n<p>FONTE  BrasilCenter<\/p>\n<\/div>\n<p><img decoding=\"async\" alt=\"\" src=\"https:\/\/rt.prnewswire.com\/rt.gif?NewsItemId=PT33190&amp;Transmission_Id=202507181000PR_NEWS_LATAM____PT33190&amp;DateId=20250718\" style=\"border:0px;width:1px;height:1px\" \/><\/p>\n<p><strong>T\u00f3picos Relacionados:<\/strong> Eventos Futuros, Gest\u00e3o de For\u00e7a de Trabalho\/RH, Computador\/Eletr\u00f4nica<\/p>\n<p>A <b>OESP<\/b> n\u00e3o \u00e9(s\u00e3o) respons\u00e1vel(is) por erros, incorre\u00e7\u00f5es, atrasos ou quaisquer decis\u00f5es tomadas por seus clientes com base nos Conte\u00fados ora disponibilizados, bem como tais Conte\u00fados n\u00e3o representam a opini\u00e3o da <b>OESP<\/b> e s\u00e3o de inteira responsabilidade da <b>PR Newswire Ltda<\/b><\/p>\n","protected":false},"excerpt":{"rendered":"Feira &#8220;Vem trabalhar na BCC!&#8221; acontece em 22 de julho e conta com mais de 20 vagas para consultores de vendas, com benef\u00edcios como plano de sa\u00fade, vale-refei\u00e7\u00e3o, vale-transporte\u00a0e","protected":false},"author":1,"featured_media":0,"comment_status":"open","ping_status":"closed","sticky":false,"template":"","format":"standard","meta":{"_acf_changed":false,"inline_featured_image":false,"_monsterinsights_skip_tracking":false,"_monsterinsights_sitenote_active":false,"_monsterinsights_sitenote_note":"","_monsterinsights_sitenote_category":0,"footnotes":""},"categories":[27],"tags":[],"class_list":["post-113415","post","type-post","status-publish","format-standard","hentry","category-prnewswire"],"acf":[],"_links":{"self":[{"href":"https:\/\/bluestudio.estadao.com.br\/agencia-de-comunicacao\/wp-json\/wp\/v2\/posts\/113415","targetHints":{"allow":["GET"]}}],"collection":[{"href":"https:\/\/bluestudio.estadao.com.br\/agencia-de-comunicacao\/wp-json\/wp\/v2\/posts"}],"about":[{"href":"https:\/\/bluestudio.estadao.com.br\/agencia-de-comunicacao\/wp-json\/wp\/v2\/types\/post"}],"author":[{"embeddable":true,"href":"https:\/\/bluestudio.estadao.com.br\/agencia-de-comunicacao\/wp-json\/wp\/v2\/users\/1"}],"replies":[{"embeddable":true,"href":"https:\/\/bluestudio.estadao.com.br\/agencia-de-comunicacao\/wp-json\/wp\/v2\/comments?post=113415"}],"version-history":[{"count":0,"href":"https:\/\/bluestudio.estadao.com.br\/agencia-de-comunicacao\/wp-json\/wp\/v2\/posts\/113415\/revisions"}],"wp:attachment":[{"href":"https:\/\/bluestudio.estadao.com.br\/agencia-de-comunicacao\/wp-json\/wp\/v2\/media?parent=113415"}],"wp:term":[{"taxonomy":"category","embeddable":true,"href":"https:\/\/bluestudio.estadao.com.br\/agencia-de-comunicacao\/wp-json\/wp\/v2\/categories?post=113415"},{"taxonomy":"post_tag","embeddable":true,"href":"https:\/\/bluestudio.estadao.com.br\/agencia-de-comunicacao\/wp-json\/wp\/v2\/tags?post=113415"}],"curies":[{"name":"wp","href":"https:\/\/api.w.org\/{rel}","templated":true}]}}