{"id":113398,"date":"2025-07-17T15:12:00","date_gmt":"2025-07-17T18:12:00","guid":{"rendered":"https:\/\/bluestudio.estadao.com.br\/agencia-de-comunicacao\/prnewswire\/gartner-anuncia-destaques-da-conferencia-cio-it-executive-2025-com-foco-em-inovacao-e-lideranca-estrategica\/"},"modified":"2025-07-17T15:12:00","modified_gmt":"2025-07-17T18:12:00","slug":"gartner-anuncia-destaques-da-conferencia-cio-it-executive-2025-com-foco-em-inovacao-e-lideranca-estrategica","status":"publish","type":"post","link":"https:\/\/bluestudio.estadao.com.br\/agencia-de-comunicacao\/prnewswire\/gartner-anuncia-destaques-da-conferencia-cio-it-executive-2025-com-foco-em-inovacao-e-lideranca-estrategica\/","title":{"rendered":"Gartner anuncia destaques da Confer\u00eancia CIO &amp; IT Executive 2025 com foco em inova\u00e7\u00e3o e lideran\u00e7a estrat\u00e9gica"},"content":{"rendered":"<div class=\"xn-content\">\n<p class=\"prntac\"><i>Evento ir\u00e1 explorar os principais temas e tend\u00eancias para CIOs e l\u00edderes de tecnologia e neg\u00f3cios conseguirem superar com sucesso os desafios de miss\u00e3o cr\u00edtica de suas empresas<\/i><\/p>\n<p><span class=\"legendSpanClass\">S\u00c3O PAULO<\/span>, <span class=\"legendSpanClass\">17 de julho de 2025<\/span> \/PRNewswire\/ &#8212; O <a href=\"https:\/\/www.gartner.com\/en\" target=\"_blank\" rel=\"nofollow\"><b>Gartner, Inc.<\/b><\/a>\u00a0anuncia diversas novidades da <a href=\"https:\/\/www.gartner.com\/pt-br\/conferences\/la\/cio-brazil\" target=\"_blank\" rel=\"nofollow\"><b>Confer\u00eancia CIO &amp; IT Executive 2025<\/b><\/a>, que ser\u00e1 realizada de 22 a 24 de setembro no Sheraton S\u00e3o Paulo WTC Hotel (SP). O evento ir\u00e1 reunir CIOs (<i>Chief Information Officers<\/i>) e l\u00edderes de TI e neg\u00f3cios para discutir as principais tend\u00eancias, temas e melhores pr\u00e1ticas voltadas para a ado\u00e7\u00e3o estrat\u00e9gica de tecnologias, e para mostrar o papel cr\u00edtico da lideran\u00e7a e da inova\u00e7\u00e3o nos resultados das empresas.<\/p>\n<p>Para o Gartner, liderar com agilidade e de forma inteligente em um mundo guiado por tecnologia exige mais do que conhecer tend\u00eancias. \u00c9 preciso saber como aplic\u00e1-las com efic\u00e1cia. Na confer\u00eancia, analistas do Gartner ir\u00e3o mostrar como transformar inova\u00e7\u00e3o em a\u00e7\u00e3o, com orienta\u00e7\u00f5es precisas sobre como adotar tecnologias emergentes, seja para alavancar a Intelig\u00eancia Artificial (IA), otimizar estrat\u00e9gias de Nuvem ou aprimorar a seguran\u00e7a digital, por exemplo. O evento ir\u00e1 oferecer etapas concretas e acion\u00e1veis que ajudar\u00e3o as companhias a gerar impactos reais nos neg\u00f3cios e a construir um futuro resiliente.<\/p>\n<p>Os participantes ter\u00e3o acesso a insights cr\u00edticos sobre investimentos, aconselhamentos estrat\u00e9gicos para a tomada de decis\u00f5es e melhores pr\u00e1ticas baseadas em pesquisas e intera\u00e7\u00f5es do Gartner com milhares de clientes de todos os segmentos ao redor mundo por meio de workshops, reuni\u00f5es individuais, mesas-redondas, sess\u00f5es especiais, momentos de networking e mais.\u00a0<\/p>\n<p>&#8220;Os CIOs e l\u00edderes de tecnologia e neg\u00f3cios precisam fomentar a mudan\u00e7a em suas organiza\u00e7\u00f5es para que sejam capazes de construir um futuro tech-driven. Em um cen\u00e1rio de constante disrup\u00e7\u00e3o, eles precisam exercer uma lideran\u00e7a inteligente e adaptativa, apoiada por tecnologias que permitam navegar com seguran\u00e7a pela volatilidade dos mercados&#8221;, afirma <a href=\"https:\/\/www.gartner.com\/en\/experts\/luis-mangi\" target=\"_blank\" rel=\"nofollow\"><span class=\"xn-person\">Luis Mangi<\/span><\/a>, Vice-Presidente do Gartner e <i>chairman<\/i> da confer\u00eancia. &#8220;Para enfrentar os desafios complexos do momento atual, \u00e9 fundamental cultivar uma cultura organizacional aberta \u00e0 mudan\u00e7a, preparar a for\u00e7a de trabalho para o futuro e tomar decis\u00f5es estrat\u00e9gicas em \u00e1reas cr\u00edticas como Intelig\u00eancia Artificial. A Confer\u00eancia Gartner CIO &amp; IT Executive busca justamente apoiar esses l\u00edderes com as tend\u00eancias mais relevantes e orienta\u00e7\u00f5es que os ajudem a gerar impacto positivo e duradouro em seus neg\u00f3cios.&#8221;<\/p>\n<p>Para inspirar essa jornada de transforma\u00e7\u00e3o, o evento contar\u00e1 com keynotes convidadas que representam, cada uma \u00e0 sua maneira, o poder da inova\u00e7\u00e3o e da supera\u00e7\u00e3o. Entre as palestrantes de destaque est\u00e1 <b><span class=\"xn-person\">Kate Darling<\/span><\/b>, Especialista em Rob\u00f3tica Social e Cientista Pesquisadora do\u00a0MIT\u00a0Media\u00a0Lab, que abordar\u00e1 o futuro da intera\u00e7\u00e3o humanos-rob\u00f4s. Darling compartilhar\u00e1 por que as pessoas temem alguns rob\u00f4s e simpatizam com outros, ao mesmo tempo em que provoca ? e responde ? perguntas sobre como o relacionamento da sociedade com essas tecnologias pode ser no futuro. J\u00e1 <b><span class=\"xn-person\">Rebeca Andrade<\/span><\/b>, primeira brasileira a conquistar o ouro ol\u00edmpico na gin\u00e1stica art\u00edstica e a maior medalhista ol\u00edmpica da hist\u00f3ria do pa\u00eds, ir\u00e1 contar sua jornada de conquistas e determina\u00e7\u00e3o, e como a perseveran\u00e7a e a paix\u00e3o impulsionaram seu sucesso.<\/p>\n<p>Al\u00e9m das sess\u00f5es inspiradoras com essas as convidadas especiais, o evento contar\u00e1 com uma programa\u00e7\u00e3o ampla e estrat\u00e9gica. Estruturada em seis vertentes, ela foi desenvolvida para apoiar os l\u00edderes nos principais desafios da atualidade.<\/p>\n<p><b>\u00a0&#8211; Lideran\u00e7a Estrat\u00e9gica<\/b>: trar\u00e1 estrat\u00e9gias eficazes para CIOs e executivos de TI e neg\u00f3cios, com foco em inspirar equipes, impulsionar a inova\u00e7\u00e3o, liderar a transforma\u00e7\u00e3o digital e desenvolver novos modelos operacionais para o futuro emergente.<\/p>\n<p><b>\u00a0&#8211; Tecnologias e Tend\u00eancias Emergentes<\/b>: abordar\u00e1 tecnologias e tend\u00eancias emergentes, como IA, novas fronteiras da computa\u00e7\u00e3o e sinergia homem-m\u00e1quina, que est\u00e3o moldando o futuro.<\/p>\n<p><b>\u00a0&#8211; Aplica\u00e7\u00f5es Inteligentes: <\/b>mostrar\u00e1 como essas aplica\u00e7\u00f5es aprimoram os processos e de que forma a integra\u00e7\u00e3o de an\u00e1lises avan\u00e7adas, automa\u00e7\u00e3o e tecnologias inovadoras resultam em mais efici\u00eancia e melhoram as experi\u00eancias do usu\u00e1rio.<\/p>\n<p><b>\u00a0&#8211; Infraestrutura e Opera\u00e7\u00f5es: <\/b>trar\u00e1 as melhores pr\u00e1ticas e estrat\u00e9gias para gerenciar opera\u00e7\u00f5es de Nuvem, infraestrutura e TI, garantindo efici\u00eancia organizacional, escalabilidade e resili\u00eancia.<\/p>\n<p><b>\u00a0&#8211; Dados e Analytics<\/b>: mostrar\u00e1 como aproveitar o poder dos dados e analytics para insights de neg\u00f3cios, inova\u00e7\u00e3o e vantagem competitiva, construindo uma cultura data-driven que capacite as empresas a inovar e prosperar em um cen\u00e1rio em r\u00e1pida mudan\u00e7a.<\/p>\n<p><b>\u00a0&#8211; Ciberseguran\u00e7a:<\/b> ir\u00e1 explorar as \u00faltimas amea\u00e7as cibern\u00e9ticas e estrat\u00e9gias de defesa, mostrando como construir estruturas de seguran\u00e7a resilientes e responder efetivamente aos riscos cibern\u00e9ticos em evolu\u00e7\u00e3o.<\/p>\n<p>Pesquisas tamb\u00e9m ser\u00e3o compartilhadas, incluindo sess\u00f5es sobre o Gartner Hype Cicle?, que apresenta como uma tecnologia ou aplica\u00e7\u00e3o ir\u00e1 evoluir ao longo do tempo, e sobre o Gartner Magic Quadrant?, para ajudar na visualiza\u00e7\u00e3o do posicionamento dos fornecedores de tecnologia e na indica\u00e7\u00e3o dos que est\u00e3o mais avan\u00e7ados sob o ponto de vista da estrat\u00e9gia e da inova\u00e7\u00e3o disponibilizada.<\/p>\n<p>Mais detalhes sobre a agenda j\u00e1 est\u00e3o dispon\u00edveis. Para saber mais sobre a Confer\u00eancia Gartner CIO &amp; IT Executive 2025, acesse: <a href=\"https:\/\/www.gartner.com\/pt-br\/conferences\/la\/cio-brazil\" target=\"_blank\" rel=\"nofollow\">https:\/\/www.gartner.com\/pt-br\/conferences\/la\/cio-brazil<\/a>. Inscri\u00e7\u00f5es com pre\u00e7o antecipado podem ser realizadas at\u00e9 08 de agosto.<\/p>\n<p><b>Sobre o Gartner<br \/><\/b>O <a href=\"https:\/\/www.gartner.com\/en\" target=\"_blank\" rel=\"nofollow\"><b>Gartner, Inc.<\/b><\/a>\u00a0fornece insights objetivos e acion\u00e1veis que impulsionam decis\u00f5es mais inteligentes e um melhor desempenho para as prioridades de miss\u00e3o cr\u00edtica das empresas. Para saber mais, visite <a href=\"http:\/\/www.gartner.com\/\" target=\"_blank\" rel=\"nofollow\">www.gartner.com<\/a>.??\u00a0<\/p>\n<p id=\"PURL\"><img loading=\"lazy\" decoding=\"async\" title=\"Cision\" width=\"12\" height=\"12\" alt=\"Cision\" src=\"https:\/\/c212.net\/c\/img\/favicon.png?sn=PT32663&amp;sd=2025-07-17\" \/> View original content:<a id=\"PRNURL\" rel=\"nofollow\" href=\"https:\/\/www.prnewswire.com\/br\/comunicados-para-a-imprensa\/gartner-anuncia-destaques-da-conferencia-cio--it-executive-2025-com-foco-em-inovacao-e-lideranca-estrategica-302508209.html\" target=\"_blank\">https:\/\/www.prnewswire.com\/br\/comunicados-para-a-imprensa\/gartner-anuncia-destaques-da-conferencia-cio&#8211;it-executive-2025-com-foco-em-inovacao-e-lideranca-estrategica-302508209.html<\/a><\/p>\n<p>FONTE  Gartner<\/p>\n<\/div>\n<p><img decoding=\"async\" alt=\"\" src=\"https:\/\/rt.prnewswire.com\/rt.gif?NewsItemId=PT32663&amp;Transmission_Id=202507171400PR_NEWS_LATAM____PT32663&amp;DateId=20250717\" style=\"border:0px;width:1px;height:1px\" \/><\/p>\n<p><strong>T\u00f3picos Relacionados:<\/strong> Eventos Futuros, Seguran\u00e7a de Alta Tecnologia, Computador\/Eletr\u00f4nica, Intelig\u00eancia Artificial<\/p>\n<p>A <b>OESP<\/b> n\u00e3o \u00e9(s\u00e3o) respons\u00e1vel(is) por erros, incorre\u00e7\u00f5es, atrasos ou quaisquer decis\u00f5es tomadas por seus clientes com base nos Conte\u00fados ora disponibilizados, bem como tais Conte\u00fados n\u00e3o representam a opini\u00e3o da <b>OESP<\/b> e s\u00e3o de inteira responsabilidade da <b>PR Newswire Ltda<\/b><\/p>\n","protected":false},"excerpt":{"rendered":"Evento ir\u00e1 explorar os principais temas e tend\u00eancias para CIOs e l\u00edderes de tecnologia e neg\u00f3cios conseguirem superar com sucesso os desafios de miss\u00e3o cr\u00edtica de suas empresas S\u00c3O PAULO, 17 de","protected":false},"author":1,"featured_media":0,"comment_status":"open","ping_status":"closed","sticky":false,"template":"","format":"standard","meta":{"_acf_changed":false,"inline_featured_image":false,"_monsterinsights_skip_tracking":false,"_monsterinsights_sitenote_active":false,"_monsterinsights_sitenote_note":"","_monsterinsights_sitenote_category":0,"footnotes":""},"categories":[27],"tags":[],"class_list":["post-113398","post","type-post","status-publish","format-standard","hentry","category-prnewswire"],"acf":[],"_links":{"self":[{"href":"https:\/\/bluestudio.estadao.com.br\/agencia-de-comunicacao\/wp-json\/wp\/v2\/posts\/113398","targetHints":{"allow":["GET"]}}],"collection":[{"href":"https:\/\/bluestudio.estadao.com.br\/agencia-de-comunicacao\/wp-json\/wp\/v2\/posts"}],"about":[{"href":"https:\/\/bluestudio.estadao.com.br\/agencia-de-comunicacao\/wp-json\/wp\/v2\/types\/post"}],"author":[{"embeddable":true,"href":"https:\/\/bluestudio.estadao.com.br\/agencia-de-comunicacao\/wp-json\/wp\/v2\/users\/1"}],"replies":[{"embeddable":true,"href":"https:\/\/bluestudio.estadao.com.br\/agencia-de-comunicacao\/wp-json\/wp\/v2\/comments?post=113398"}],"version-history":[{"count":0,"href":"https:\/\/bluestudio.estadao.com.br\/agencia-de-comunicacao\/wp-json\/wp\/v2\/posts\/113398\/revisions"}],"wp:attachment":[{"href":"https:\/\/bluestudio.estadao.com.br\/agencia-de-comunicacao\/wp-json\/wp\/v2\/media?parent=113398"}],"wp:term":[{"taxonomy":"category","embeddable":true,"href":"https:\/\/bluestudio.estadao.com.br\/agencia-de-comunicacao\/wp-json\/wp\/v2\/categories?post=113398"},{"taxonomy":"post_tag","embeddable":true,"href":"https:\/\/bluestudio.estadao.com.br\/agencia-de-comunicacao\/wp-json\/wp\/v2\/tags?post=113398"}],"curies":[{"name":"wp","href":"https:\/\/api.w.org\/{rel}","templated":true}]}}