{"id":113354,"date":"2025-07-17T04:12:00","date_gmt":"2025-07-17T07:12:00","guid":{"rendered":"https:\/\/bluestudio.estadao.com.br\/agencia-de-comunicacao\/releases\/releases-geral\/lideranca-da-eaaci-reflete-sobre-o-congresso-recorde-de-2025-um-momento-crucial-para-as-areas-de-alergia-e-imunologia\/"},"modified":"2025-07-17T04:12:00","modified_gmt":"2025-07-17T07:12:00","slug":"lideranca-da-eaaci-reflete-sobre-o-congresso-recorde-de-2025-um-momento-crucial-para-as-areas-de-alergia-e-imunologia","status":"publish","type":"post","link":"https:\/\/bluestudio.estadao.com.br\/agencia-de-comunicacao\/releases\/releases-geral\/lideranca-da-eaaci-reflete-sobre-o-congresso-recorde-de-2025-um-momento-crucial-para-as-areas-de-alergia-e-imunologia\/","title":{"rendered":"Lideran\u00e7a da EAACI reflete sobre o Congresso Recorde de 2025: um momento crucial para as \u00e1reas de Alergia e Imunologia"},"content":{"rendered":"<p>ZURIQUE, July  17, 2025  (GLOBE NEWSWIRE) &#8212; Com mais de 7.600 delegados presentes, o Congresso da EAACI 2025 foi manchete n\u00e3o apenas por sua magnitude, mas pela mensagem poderosa transmitida por sua lideran\u00e7a. Agora, um m\u00eas ap\u00f3s a conclus\u00e3o do Congresso em Glasgow, as principais figuras da EAACI est\u00e3o compartilhando suas reflex\u00f5es sobre o que eles chamam de um divisor de \u00e1guas para o campo. Realizado de 13 a 16 de junho no Scottish Event Campus, o evento defendeu o tema: Rompendo fronteiras nas \u00e1reas de alergia, asma e imunologia cl\u00ednica: integra\u00e7\u00e3o da sa\u00fade planet\u00e1ria para um futuro sustent\u00e1vel.<\/p>\n<p style=\"padding-left:30px\"><em>O Congresso deste ano foi um divisor de \u00e1guas, declarou a Profa. Maria Torres, Presidente da EAACI. Estamos entrando em uma era na qual a inova\u00e7\u00e3o cient\u00edfica, a equidade no atendimento e a sa\u00fade ambiental devem avan\u00e7ar de maneira conjunta.<\/em><\/p>\n<p>O programa contou com mais de 250 horas de palestras, workshops e simp\u00f3sios, abordando avan\u00e7os inovadores em alergia a medicamentos, inflama\u00e7\u00e3o tipo 2 (T2), asma pedi\u00e1trica e angioedema heredit\u00e1rio. O Simp\u00f3sio Presidencial abordou a resist\u00eancia antimicrobiana pela perspectiva da Sa\u00fade \u00danica, enquanto uma sess\u00e3o oportuna sobre as mudan\u00e7as clim\u00e1ticas e a alergia a insetos chamou a aten\u00e7\u00e3o global para os impactos ecol\u00f3gicos no atendimento aos pacientes.<\/p>\n<p>Muito al\u00e9m dos muros da SEC, o Congresso da EAACI 2025 movimentou toda a cidade com iniciativas que levaram a ci\u00eancia \u00e0s ruas. A <strong>Vila Cl\u00ednica<\/strong>, localizada no <strong>Centro de Ci\u00eancias de Glasgow<\/strong>, recebeu o p\u00fablico para uma atividade educacional pr\u00e1tica sobre alergias, enquanto a caminhada e corrida <strong>Beat Allergy Walk &amp; Run<\/strong> arrecadou fundos para a <strong>Organiza\u00e7\u00e3o Beneficente do Hospital Infantil de Glasgow<\/strong>, refor\u00e7ando o compromisso da EAACI com o impacto social e o engajamento comunit\u00e1rio.<\/p>\n<p style=\"padding-left:30px\"><em>O esp\u00edrito de colabora\u00e7\u00e3o que testemunhamos em Glasgow foi extraordin\u00e1rio, declarou o Prof. Andr\u00e9 Moreira, Vice-Presidente de Congressos da EAACI. Essa energia agora se traduz em iniciativas reais e parcerias globais.<\/em><\/p>\n<p>O Congresso tamb\u00e9m destacou a dedica\u00e7\u00e3o da EAACI \u00e0 mentoria, \u00e0 inova\u00e7\u00e3o em sa\u00fade digital e \u00e0 amplifica\u00e7\u00e3o das vozes dos pacientes.<\/p>\n<p>A contagem regressiva para o Congresso da EAACI 2026 em Istambul come\u00e7ou oficialmente, mas voc\u00ea n\u00e3o precisar\u00e1 esperar at\u00e9 l\u00e1 para mergulhar outra vez na ci\u00eancia de ponta. De reuni\u00f5es para tratar temas espec\u00edficos a cursos pr\u00e1ticos, a EAACI tem uma agenda repleta de op\u00e7\u00f5es para mant\u00ea-lo inspirado o ano todo. Confira o que vem por a\u00ed em <a href=\"https:\/\/www.globenewswire.com\/Tracker?data=-tKJRjY5rAYnbpj7pvqoijrrQHtqGgwyZzcu540IT_Q3azhB3xJFC30rYDkUEDuwNtfkG6eLPqxJDX6Hf23uIg==\" rel=\"nofollow\" target=\"_blank\">https:\/\/eaaci.org<\/a>.<\/p>\n<p><strong>Sobre a EAACI<\/strong><br \/>A Academia Europeia de Alergia e Imunologia Cl\u00ednica (EAACI) \u00e9 a maior associa\u00e7\u00e3o profissional da Europa na \u00e1rea, comprometida em promover a pesquisa e o tratamento de pessoas afetadas por doen\u00e7as al\u00e9rgicas.<\/p>\n<p>Saiba mais em <a href=\"https:\/\/www.globenewswire.com\/Tracker?data=-tKJRjY5rAYnbpj7pvqoisIdXr1g1ZsE0M1AjfOVz47AJw81Y2-RN09rxWuMaBZ4mm9neJOtw6xik7-My_5Gbg==\" rel=\"nofollow\" target=\"_blank\">https:\/\/eaaci.org<\/a><\/p>\n<p>Contato: communications@eaaci.org \/ +41 44 205 55 33<\/p>\n<p>Uma foto que acompanha este an\u00fancio est\u00e1 dispon\u00edvel em <a href=\"https:\/\/www.globenewswire.com\/Tracker?data=-tKJRjY5rAYnbpj7pvqoipEVvvWCuMQkGscyl7WTkSb--Cois7AvWjM3IABadw2qYFUUKOLXm6-xJp9vUjrIHmARtt36v0pSYOK2RhN0gS664CwB652-OZ-hTeyoxFLYjcgbZ1FsjpfohWTKYIeZmDiFHtaATlDGbB1R2lOOCdueK1j5JGr3IZeNiu8uohv6zkMM6JF-qYWX7_lgJSqUZ_5Jb6NwZOTO-Vq3ryrjTTM63hj33BZLYVNY8B5VcakYG0trV-AqmYiH8sLWS4HSQg==\" rel=\"nofollow\" target=\"_blank\">http:\/\/www.globenewswire.com\/NewsRoom\/AttachmentNg\/60c21700-f7c9-486c-a72f-f699174a926a<\/a><\/p>\n<p> <img decoding=\"async\" alt=\"\" class=\"__GNW8366DE3E__IMG\" src=\"https:\/\/www.globenewswire.com\/newsroom\/ti?nf=MTAwMTExODI1NiM0MDIxODMzMjcjMjI2MTMzNw==\" \/> <br \/><img decoding=\"async\" alt=\"\" src=\"https:\/\/ml-eu.globenewswire.com\/media\/ZTdhYTJiOTgtNzg2MC00NWZmLTk5MjctZjVlNDU1YjNlY2I4LTEyNzI4ODctMjAyNS0wNy0xNy1wdA==\/tiny\/European-Academy-of-Allergy-an.png\" \/><br \/>\n<a href=\"https:\/\/www.globenewswire.com\/NewsRoom\/AttachmentNg\/f4b92ae8-0022-43fa-b8a3-bbe4246a45cd\"><img loading=\"lazy\" decoding=\"async\" src=\"https:\/\/ml-eu.globenewswire.com\/media\/f4b92ae8-0022-43fa-b8a3-bbe4246a45cd\/small\/eaaci-logo-png.png\" border=\"0\" width=\"150\" height=\"34\" alt=\"Primary Logo\" \/><\/a><\/p>\n<div style=\"padding:0px;width: 100%\">\n<div style=\"clear:both\" \/>\n<div style=\"float: right;padding-left:20px\">\n<div>\n<h5>Entrance of the EAACI Congress 2025, SEC in Glasgow<\/h5>\n<\/div>\n<div> <a target=\"_blank\" href=\"https:\/\/www.globenewswire.com\/NewsRoom\/AttachmentNg\/60c21700-f7c9-486c-a72f-f699174a926a\/pt\"><img decoding=\"async\" src=\"https:\/\/ml-eu.globenewswire.com\/media\/60c21700-f7c9-486c-a72f-f699174a926a\/medium\/entrance-of-the-eaaci-congress-2025-sec-in-glasgow.jpg\" \/> <\/a><\/div>\n<p \/>\n<div>\n<h5>Entrance of the EAACI Congress in the SEC located in Glasgow<\/h5>\n<\/div>\n<\/div>\n<\/div>\n<p>A <b>OESP<\/b> nao e(sao) responsavel(is) por erros, incorrecoes, atrasos ou quaisquer decisoes tomadas por seus clientes com base nos Conteudos ora disponibilizados, bem como tais Conteudos nao representam a opiniao da <b>OESP<\/b> e sao de inteira responsabilidade da <b>GlobeNewswire<\/b><\/p>\n","protected":false},"excerpt":{"rendered":"ZURIQUE, July  17, 2025  (GLOBE NEWSWIRE) &#8212; Com mais de 7.600 delegados presentes, o Congresso da EAACI 2025 foi manchete n\u00e3o apenas por sua magnitude, mas pela mensagem p","protected":false},"author":1,"featured_media":0,"comment_status":"open","ping_status":"closed","sticky":false,"template":"","format":"standard","meta":{"_acf_changed":false,"inline_featured_image":false,"_monsterinsights_skip_tracking":false,"_monsterinsights_sitenote_active":false,"_monsterinsights_sitenote_note":"","_monsterinsights_sitenote_category":0,"footnotes":""},"categories":[34],"tags":[],"class_list":["post-113354","post","type-post","status-publish","format-standard","hentry","category-releases-geral"],"acf":[],"_links":{"self":[{"href":"https:\/\/bluestudio.estadao.com.br\/agencia-de-comunicacao\/wp-json\/wp\/v2\/posts\/113354","targetHints":{"allow":["GET"]}}],"collection":[{"href":"https:\/\/bluestudio.estadao.com.br\/agencia-de-comunicacao\/wp-json\/wp\/v2\/posts"}],"about":[{"href":"https:\/\/bluestudio.estadao.com.br\/agencia-de-comunicacao\/wp-json\/wp\/v2\/types\/post"}],"author":[{"embeddable":true,"href":"https:\/\/bluestudio.estadao.com.br\/agencia-de-comunicacao\/wp-json\/wp\/v2\/users\/1"}],"replies":[{"embeddable":true,"href":"https:\/\/bluestudio.estadao.com.br\/agencia-de-comunicacao\/wp-json\/wp\/v2\/comments?post=113354"}],"version-history":[{"count":0,"href":"https:\/\/bluestudio.estadao.com.br\/agencia-de-comunicacao\/wp-json\/wp\/v2\/posts\/113354\/revisions"}],"wp:attachment":[{"href":"https:\/\/bluestudio.estadao.com.br\/agencia-de-comunicacao\/wp-json\/wp\/v2\/media?parent=113354"}],"wp:term":[{"taxonomy":"category","embeddable":true,"href":"https:\/\/bluestudio.estadao.com.br\/agencia-de-comunicacao\/wp-json\/wp\/v2\/categories?post=113354"},{"taxonomy":"post_tag","embeddable":true,"href":"https:\/\/bluestudio.estadao.com.br\/agencia-de-comunicacao\/wp-json\/wp\/v2\/tags?post=113354"}],"curies":[{"name":"wp","href":"https:\/\/api.w.org\/{rel}","templated":true}]}}