{"id":113348,"date":"2025-07-16T15:12:00","date_gmt":"2025-07-16T18:12:00","guid":{"rendered":"https:\/\/bluestudio.estadao.com.br\/agencia-de-comunicacao\/prnewswire\/gartner-preve-que-gastos-mundiais-de-usuarios-finais-com-modelos-de-genai-totalizarao-us-142-bilhoes-em-2025\/"},"modified":"2025-07-16T15:12:00","modified_gmt":"2025-07-16T18:12:00","slug":"gartner-preve-que-gastos-mundiais-de-usuarios-finais-com-modelos-de-genai-totalizarao-us-142-bilhoes-em-2025","status":"publish","type":"post","link":"https:\/\/bluestudio.estadao.com.br\/agencia-de-comunicacao\/prnewswire\/gartner-preve-que-gastos-mundiais-de-usuarios-finais-com-modelos-de-genai-totalizarao-us-142-bilhoes-em-2025\/","title":{"rendered":"Gartner prev\u00ea que gastos mundiais de usu\u00e1rios finais com modelos de GenAI totalizar\u00e3o US$ 14,2 bilh\u00f5es em 2025"},"content":{"rendered":"<div class=\"xn-content\">\n<p class=\"prntac\"><i>Gastos de usu\u00e1rios finais com modelos especializados de GenAI chegar\u00e3o a <span class=\"xn-money\">US$ 1,1<\/span> bilh\u00e3o em 2025<\/i><\/p>\n<p><span class=\"legendSpanClass\">S\u00c3O PAULO<\/span>, <span class=\"legendSpanClass\">16 de julho de 2025<\/span> \/PRNewswire\/ &#8212; Os gastos mundiais dos usu\u00e1rios finais com modelos de\u00a0<a href=\"https:\/\/www.gartner.com\/en\/insights\/generative-ai-for-business\" target=\"_blank\" rel=\"nofollow\">Intelig\u00eancia Artificial Generativa (GenAI)<\/a> est\u00e3o projetados para totalizar <span class=\"xn-money\">US$ 14,2<\/span> bilh\u00f5es em 2025, de acordo com o <a href=\"https:\/\/www.gartner.com.br\/pt-br\" target=\"_blank\" rel=\"nofollow\"><b>Gartner, Inc<\/b><\/a>. Estima-se que os gastos de usu\u00e1rios finais com modelos especializados de GenAI, que incluem modelos de linguagem espec\u00edficos do dom\u00ednio (<i>domain-specific language models<\/i>\u00a0&#8211; DSLMs), totalizem <span class=\"xn-money\">US$ 1,1<\/span> bilh\u00e3o em 2025.<\/p>\n<p>Os modelos especializados de GenAI s\u00e3o treinados ou passam por ajustes finos com base em dados espec\u00edficos de um setor ou do processo de neg\u00f3cios. A maneira como os DSLMs s\u00e3o desenvolvidos e implementados resulta em um impacto que excede os gastos diretos que eles geram. O Gartner prev\u00ea que, at\u00e9 2027, mais da metade dos modelos de GenAI usados pelas empresas ser\u00e3o espec\u00edficos do dom\u00ednio (ou seja, espec\u00edficos para um setor ou fun\u00e7\u00e3o de neg\u00f3cio), em compara\u00e7\u00e3o com 1% em 2024.<\/p>\n<p>&#8220;Os modelos de base de GenAI, incluindo Grandes Modelos de Linguagem (LLMs), s\u00e3o treinados em grandes quantidades de dados e usados para muitas tarefas diferentes. Eles s\u00e3o os primeiros modelos a fornecer suporte \u00e0 <a href=\"https:\/\/www.gartner.com\/en\/newsroom\/press-releases\/2025-03-31-gartner-forecasts-worldwide-genai-spending-to-reach-644-billion-in-2025\" target=\"_blank\" rel=\"nofollow\">GenAI<\/a>\u00a0e continuar\u00e3o a representar a maior \u00e1rea de gastos das empresas nos pr\u00f3ximos anos&#8221;, diz <a href=\"https:\/\/www.gartner.com\/en\/experts\/arunasree-cheparthi\" target=\"_blank\" rel=\"nofollow\">Arunasree Cheparthi<\/a>, Analista S\u00eanior Principal de Pesquisa do Gartner. &#8220;No entanto, as empresas tamb\u00e9m est\u00e3o se voltando para modelos de GenAI mais espec\u00edficos do dom\u00ednio ou verticais, porque eles oferecem melhor desempenho, custo, confiabilidade e relev\u00e2ncia em casos de uso corporativos espec\u00edficos em rela\u00e7\u00e3o aos modelos de base.&#8221;<\/p>\n<div>\n<table border=\"0\" cellspacing=\"0\" cellpadding=\"1\" class=\"prnbcc\">\n<tr>\n<td class=\"prnpr2 prnpl2 prnvat prntal prnsbtb1 prnrbrb1 prnbbbs prnsblb1\" colspan=\"5\" rowspan=\"1\">\n<p class=\"prnml4\"><span class=\"prnews_span\"><b>Gastos de Usu\u00e1rios Finais com Modelos de GenAI por Subsegmento, 2024 -2025, Mundial (em milh\u00f5es de d\u00f3lares americanos)<\/b><\/span><\/p>\n<\/td>\n<\/tr>\n<tr>\n<td class=\"prnpr2 prnpl2 prnvat prntal prncbts prnbrbrs prnbbbs prnbsbls\" colspan=\"1\" rowspan=\"1\">\n<p class=\"prnml4\"><span class=\"prnews_span\">\u00a0<b>Mercado<\/b><\/span><\/p>\n<\/td>\n<td class=\"prngen4\" colspan=\"1\" rowspan=\"1\">\n<p class=\"prnml4\"><span class=\"prnews_span\"><b>Gastos em 2024<\/b><\/span><\/p>\n<\/td>\n<td class=\"prngen4\" colspan=\"1\" rowspan=\"1\">\n<p class=\"prnml4\"><span class=\"prnews_span\"><b>Crescimento em 2024 (%)<\/b><\/span><\/p>\n<\/td>\n<td class=\"prngen4\" colspan=\"1\" rowspan=\"1\">\n<p class=\"prnml4\"><span class=\"prnews_span\"><b>Gastos em 2025 <\/b><\/span><\/p>\n<p class=\"prnml4\">\u00a0<\/p>\n<\/td>\n<td class=\"prngen4\" colspan=\"1\" rowspan=\"1\">\n<p class=\"prnml4\"><span class=\"prnews_span\"><b>Crescimento de 2025 (%)<\/b><\/span><\/p>\n<\/td>\n<\/tr>\n<tr>\n<td class=\"prngen5\" colspan=\"1\" rowspan=\"1\">\n<p class=\"prnml4\"><span class=\"prnews_span\">Modelos de base de GenAI<\/span><\/p>\n<\/td>\n<td class=\"prngen6\" colspan=\"1\" rowspan=\"1\">\n<p class=\"prnml4\"><span class=\"prnews_span\">5.416<\/span><\/p>\n<\/td>\n<td class=\"prngen6\" colspan=\"1\" rowspan=\"1\">\n<p class=\"prnml4\"><span class=\"prnews_span\">306,3<\/span><\/p>\n<\/td>\n<td class=\"prngen6\" colspan=\"1\" rowspan=\"1\">\n<p class=\"prnml4\"><span class=\"prnews_span\">13.053<\/span><\/p>\n<\/td>\n<td class=\"prngen6\" colspan=\"1\" rowspan=\"1\">\n<p class=\"prnml4\"><span class=\"prnews_span\">141,0<\/span><\/p>\n<\/td>\n<\/tr>\n<tr>\n<td class=\"prngen5\" colspan=\"1\" rowspan=\"1\">\n<p class=\"prnml4\"><span class=\"prnews_span\">Modelos especializados de GenAI<\/span><\/p>\n<\/td>\n<td class=\"prngen6\" colspan=\"1\" rowspan=\"1\">\n<p class=\"prnml4\"><span class=\"prnews_span\">302<\/span><\/p>\n<\/td>\n<td class=\"prngen6\" colspan=\"1\" rowspan=\"1\">\n<p class=\"prnml4\"><span class=\"prnews_span\">1010,2<\/span><\/p>\n<\/td>\n<td class=\"prngen6\" colspan=\"1\" rowspan=\"1\">\n<p class=\"prnml4\"><span class=\"prnews_span\">1.146<\/span><\/p>\n<\/td>\n<td class=\"prngen6\" colspan=\"1\" rowspan=\"1\">\n<p class=\"prnml4\"><span class=\"prnews_span\">279,2<\/span><\/p>\n<\/td>\n<\/tr>\n<tr>\n<td class=\"prngen5\" colspan=\"1\" rowspan=\"1\">\n<p class=\"prnml4\"><span class=\"prnews_span\"><b>Total<\/b><\/span><\/p>\n<\/td>\n<td class=\"prngen6\" colspan=\"1\" rowspan=\"1\">\n<p class=\"prnml4\"><span class=\"prnews_span\"><b>5.719<\/b><\/span><\/p>\n<\/td>\n<td class=\"prngen6\" colspan=\"1\" rowspan=\"1\">\n<p class=\"prnml4\"><span class=\"prnews_span\"><b>320,4<\/b><\/span><\/p>\n<\/td>\n<td class=\"prngen6\" colspan=\"1\" rowspan=\"1\">\n<p class=\"prnml4\"><span class=\"prnews_span\"><b>14.200<\/b><\/span><\/p>\n<\/td>\n<td class=\"prngen6\" colspan=\"1\" rowspan=\"1\">\n<p class=\"prnml4\"><span class=\"prnews_span\"><b>148,3<\/b><\/span><\/p>\n<\/td>\n<\/tr>\n<tr>\n<td class=\"prnpr2 prnpl2 prnvab prntal prnsbtb1 prnrbrb1 prnsbbb1 prnsblb1\" colspan=\"5\" rowspan=\"1\">\n<p class=\"prnml4\"><span class=\"prnews_span\">Fonte: Gartner (Julho 2025)<\/span><\/p>\n<\/td>\n<\/tr>\n<\/table>\n<\/div>\n<p>T\u00f3picos como esses e outros voltados a CIOs (Chief Information Officers) e l\u00edderes de TI e neg\u00f3cios, incluindo insights e tend\u00eancias que moldam o futuro, como acelera\u00e7\u00e3o da transforma\u00e7\u00e3o empresarial, moderniza\u00e7\u00e3o de aplica\u00e7\u00f5es, infraestrutura e opera\u00e7\u00f5es, ser\u00e3o destaque na <a href=\"https:\/\/www.gartner.com\/pt-br\/conferences\/la\/cio-brazil\" target=\"_blank\" rel=\"nofollow\"><b>Confer\u00eancia CIO &amp; IT Executive 2025<\/b><\/a>. O evento, que ser\u00e1 realizado de 22 a 24 de setembro em S\u00e3o Paulo (SP), mostrar\u00e1 como a lideran\u00e7a e a inova\u00e7\u00e3o, combinadas com a ado\u00e7\u00e3o de tecnologias de ponta, exercem um papel fundamental nos resultados das empresas. Mais informa\u00e7\u00f5es est\u00e3o dispon\u00edveis em: <a href=\"https:\/\/www.gartner.com\/pt-br\/conferences\/la\/cio-brazil\" target=\"_blank\" rel=\"nofollow\">https:\/\/www.gartner.com\/pt-br\/conferences\/la\/cio-brazil<\/a><\/p>\n<p>Os clientes do Gartner podem ler mais em &#8220;<a href=\"https:\/\/www.gartner.com\/document-reader\/document\/6622802\" target=\"_blank\" rel=\"nofollow\"><i>Forecast: Generative AI Models, Worldwide, 2023-2029, 2Q25 Update<\/i><\/a>&#8220;. Saiba como priorizar os recursos de GenAI no e-book gratuito do Gartner, &#8220;<a href=\"https:\/\/www.gartner.com\/en\/industries\/high-tech\/trends\/top-genai-opportunities-for-tech-products?utm_source=press-release&amp;utm_medium=promotion&amp;utm_campaign=RM_GB_2024_HTGBLPT_NPP_PR1_GENAIFORPRODUCT&amp;utm_term=ebook\" target=\"_blank\" rel=\"nofollow\"><i>Top GenAI Opportunities for Tech Products<\/i><\/a>&#8220;.<\/p>\n<p><b>Sobre a Confer\u00eancia CIO &amp; IT Executive <br \/><\/b>Os analistas do Gartner fornecer\u00e3o an\u00e1lises adicionais sobre insights e tend\u00eancias que moldam o futuro da TI e dos neg\u00f3cios, incluindo a acelera\u00e7\u00e3o da transforma\u00e7\u00e3o empresarial, moderniza\u00e7\u00e3o de aplica\u00e7\u00f5es, infraestrutura e opera\u00e7\u00f5es, durante a Confer\u00eancia Gartner CIO &amp; IT Executive, que ser\u00e1 realizada de 22 a 24 de setembro em <a href=\"https:\/\/www.gartner.com\/en\/conferences\/la\/cio-brazil\" target=\"_blank\" rel=\"nofollow\">S\u00e3o Paulo<\/a>\u00a0e de 6 a 8 de outubro em <a href=\"https:\/\/www.gartner.com\/en\/conferences\/emea\/cio-uae\" target=\"_blank\" rel=\"nofollow\"><span class=\"xn-location\">Dubai<\/span><\/a>. Acompanhe as not\u00edcias e atualiza\u00e7\u00f5es da confer\u00eancia no X usando <a href=\"https:\/\/twitter.com\/hashtag\/GartnerCIO?src=hashtag_click\" target=\"_blank\" rel=\"nofollow\">#GartnerCIO<\/a>.\u00a0<\/p>\n<p><b>Sobre o Gartner for High Tech <br \/><\/b>O Gartner <i>for High Tech <\/i>equipa l\u00edderes de tecnologia e suas equipes com melhores pr\u00e1ticas baseadas em fun\u00e7\u00f5es, insights da ind\u00fastria e vis\u00f5es estrat\u00e9gicas sobre tend\u00eancias emergentes e mudan\u00e7as de mercado para que alcancem suas prioridades de miss\u00e3o cr\u00edtica e construam as empresas de sucesso do amanh\u00e3. Para informa\u00e7\u00f5es adicionais, acesse: <a href=\"http:\/\/www.gartner.com\/en\/industries\/high-tech\" target=\"_blank\" rel=\"nofollow\">www.gartner.com\/en\/industries\/high-tech<\/a>. Acompanhe as not\u00edcias e atualiza\u00e7\u00f5es do Gartner for High Tech no <a href=\"https:\/\/twitter.com\/Gartner_inc\" target=\"_blank\" rel=\"nofollow\">X<\/a>\u00a0e no <a href=\"https:\/\/www.linkedin.com\/showcase\/gartner-for-high-tech\" target=\"_blank\" rel=\"nofollow\">LinkedIn<\/a>\u00a0usando #GartnerHT.\u00a0\u00a0<\/p>\n<p><b>Sobre o Gartner??<\/b> <br \/>O <a href=\"https:\/\/www.gartner.com\/en\" target=\"_blank\" rel=\"nofollow\"><b>Gartner, Inc.<\/b><\/a>\u00a0fornece insights objetivos e acion\u00e1veis para executivos e suas equipes. Nossas orienta\u00e7\u00f5es e ferramentas especializadas possibilitam decis\u00f5es mais r\u00e1pidas e inteligentes e um desempenho mais forte nas prioridades de miss\u00e3o cr\u00edtica de uma empresa. Para saber mais, visite <a href=\"http:\/\/www.gartner.com\/\" target=\"_blank\" rel=\"nofollow\">www.gartner.com<\/a>.??\u00a0<\/p>\n<p id=\"PURL\"><img loading=\"lazy\" decoding=\"async\" title=\"Cision\" width=\"12\" height=\"12\" alt=\"Cision\" src=\"https:\/\/c212.net\/c\/img\/favicon.png?sn=PT31681&amp;sd=2025-07-16\" \/> View original content:<a id=\"PRNURL\" rel=\"nofollow\" href=\"https:\/\/www.prnewswire.com\/br\/comunicados-para-a-imprensa\/gartner-preve-que-gastos-mundiais-de-usuarios-finais-com-modelos-de-genai-totalizarao-us-14-2-bilhoes-em-2025--302506997.html\" target=\"_blank\">https:\/\/www.prnewswire.com\/br\/comunicados-para-a-imprensa\/gartner-preve-que-gastos-mundiais-de-usuarios-finais-com-modelos-de-genai-totalizarao-us-14-2-bilhoes-em-2025&#8211;302506997.html<\/a><\/p>\n<p>FONTE  Gartner<\/p>\n<\/div>\n<p><img decoding=\"async\" alt=\"\" src=\"https:\/\/rt.prnewswire.com\/rt.gif?NewsItemId=PT31681&amp;Transmission_Id=202507161400PR_NEWS_LATAM____PT31681&amp;DateId=20250716\" style=\"border:0px;width:1px;height:1px\" \/><\/p>\n<p><strong>T\u00f3picos Relacionados:<\/strong> Pesquisa, Enquetes e Estudos, Computador\/Eletr\u00f4nica, Intelig\u00eancia Artificial<\/p>\n<p>A <b>OESP<\/b> n\u00e3o \u00e9(s\u00e3o) respons\u00e1vel(is) por erros, incorre\u00e7\u00f5es, atrasos ou quaisquer decis\u00f5es tomadas por seus clientes com base nos Conte\u00fados ora disponibilizados, bem como tais Conte\u00fados n\u00e3o representam a opini\u00e3o da <b>OESP<\/b> e s\u00e3o de inteira responsabilidade da <b>PR Newswire Ltda<\/b><\/p>\n","protected":false},"excerpt":{"rendered":"Gastos de usu\u00e1rios finais com modelos especializados de GenAI chegar\u00e3o a US$ 1,1 bilh\u00e3o em 2025 S\u00c3O PAULO, 16 de julho de 2025 \/PRNewswire\/ &#8212; Os gastos mundiais dos usu\u00e1rios finais com","protected":false},"author":1,"featured_media":0,"comment_status":"open","ping_status":"closed","sticky":false,"template":"","format":"standard","meta":{"_acf_changed":false,"inline_featured_image":false,"_monsterinsights_skip_tracking":false,"_monsterinsights_sitenote_active":false,"_monsterinsights_sitenote_note":"","_monsterinsights_sitenote_category":0,"footnotes":""},"categories":[27],"tags":[],"class_list":["post-113348","post","type-post","status-publish","format-standard","hentry","category-prnewswire"],"acf":[],"_links":{"self":[{"href":"https:\/\/bluestudio.estadao.com.br\/agencia-de-comunicacao\/wp-json\/wp\/v2\/posts\/113348","targetHints":{"allow":["GET"]}}],"collection":[{"href":"https:\/\/bluestudio.estadao.com.br\/agencia-de-comunicacao\/wp-json\/wp\/v2\/posts"}],"about":[{"href":"https:\/\/bluestudio.estadao.com.br\/agencia-de-comunicacao\/wp-json\/wp\/v2\/types\/post"}],"author":[{"embeddable":true,"href":"https:\/\/bluestudio.estadao.com.br\/agencia-de-comunicacao\/wp-json\/wp\/v2\/users\/1"}],"replies":[{"embeddable":true,"href":"https:\/\/bluestudio.estadao.com.br\/agencia-de-comunicacao\/wp-json\/wp\/v2\/comments?post=113348"}],"version-history":[{"count":0,"href":"https:\/\/bluestudio.estadao.com.br\/agencia-de-comunicacao\/wp-json\/wp\/v2\/posts\/113348\/revisions"}],"wp:attachment":[{"href":"https:\/\/bluestudio.estadao.com.br\/agencia-de-comunicacao\/wp-json\/wp\/v2\/media?parent=113348"}],"wp:term":[{"taxonomy":"category","embeddable":true,"href":"https:\/\/bluestudio.estadao.com.br\/agencia-de-comunicacao\/wp-json\/wp\/v2\/categories?post=113348"},{"taxonomy":"post_tag","embeddable":true,"href":"https:\/\/bluestudio.estadao.com.br\/agencia-de-comunicacao\/wp-json\/wp\/v2\/tags?post=113348"}],"curies":[{"name":"wp","href":"https:\/\/api.w.org\/{rel}","templated":true}]}}