{"id":113209,"date":"2025-07-11T15:12:00","date_gmt":"2025-07-11T18:12:00","guid":{"rendered":"https:\/\/bluestudio.estadao.com.br\/agencia-de-comunicacao\/prnewswire\/motocicletas-de-ate-r18-mil-reais-e-perfeitas-para-trabalhar-disponiveis-no-leilao-exclusivo-da-copart\/"},"modified":"2025-07-11T15:12:00","modified_gmt":"2025-07-11T18:12:00","slug":"motocicletas-de-ate-r18-mil-reais-e-perfeitas-para-trabalhar-disponiveis-no-leilao-exclusivo-da-copart","status":"publish","type":"post","link":"https:\/\/bluestudio.estadao.com.br\/agencia-de-comunicacao\/prnewswire\/motocicletas-de-ate-r18-mil-reais-e-perfeitas-para-trabalhar-disponiveis-no-leilao-exclusivo-da-copart\/","title":{"rendered":"Motocicletas de at\u00e9 R$18 mil reais e perfeitas para trabalhar dispon\u00edveis no leil\u00e3o exclusivo da Copart"},"content":{"rendered":"<div class=\"xn-content\">\n<p class=\"prntac\"><i>Certame apenas de ve\u00edculos de duas rodas acontece neste s\u00e1bado (12) com op\u00e7\u00f5es de modelos da Honda e <\/i>Yamaha<\/p>\n<p><span class=\"legendSpanClass\">S\u00c3O PAULO<\/span>, <span class=\"legendSpanClass\">11 de julho de 2025<\/span> \/PRNewswire\/ &#8212; A Copart,\u00a0refer\u00eancia mundial em leil\u00f5es extrajudiciais e na venda direta online de ve\u00edculos, vai organizar um leil\u00e3o exclusivo de motocicletas para os apaixonados por ve\u00edculos de duas rodas. O certame acontecer\u00e1 no s\u00e1bado (12), \u00e0s 10h, de forma online, no P\u00e1tio de Osasco (SP) e com motocicletas em todo o Brasil.<\/p>\n<p>O leil\u00e3o contar\u00e1 com modelos de marcas de luxo como BMW, Ducati e <span class=\"xn-person\">Royal Enfield<\/span>. Contudo, os motociclistas tamb\u00e9m ter\u00e3o a oportunidade de arrematar op\u00e7\u00f5es de at\u00e9 <span class=\"xn-money\">R$18 mil<\/span> reais perfeitas para trabalhar e enfrentar o dia a dia.<\/p>\n<p>Entre as op\u00e7\u00f5es dispon\u00edveis no certame, os consumidores poder\u00e3o adquirir quatro modelos da Honda CG 160: A vers\u00e3o 2020\/2021, com tabela Fipe avaliada em 14.146,00 reais, o modelo 2021\/2022, com tabela Fipe avaliada em 14.959,00 reais e duas vers\u00f5es de 2023, avaliadas em 17.138,00. Ainda entre os modelos dispon\u00edveis est\u00e3o duas vers\u00f5es da Yamaha Fazer: um modelo 2023\/2024, com tabela Fipe avaliada em 16.614,00 reais e outra vers\u00e3o 2014, com tabela Fipe avaliada em 14.925,00 reais.\u00a0<\/p>\n<p>O certame ainda vai contar com mais dois modelos da Yamaha para os interessados em motocicletas da marca. Entre as op\u00e7\u00f5es est\u00e3o YBR 150 Factor 2020, com tabela Fipe avaliada em 13.654,00 reais e FZ25 Fazer 2019\/2020, com tabela Fipe avaliada em 18.676,00.<\/p>\n<p><b>Sobre a Copart<\/b><\/p>\n<p>A Copart \u00e9 uma empresa multinacional norte-americana com a\u00e7\u00f5es na NASDAQ e presente em onze pa\u00edses nas Am\u00e9ricas, Europa e \u00c1sia. No Brasil desde 2012, a atua\u00e7\u00e3o da Copart \u00e9 voltada para o setor automotivo com vasta experi\u00eancia em organiza\u00e7\u00e3o de leil\u00f5es extrajudiciais de ve\u00edculos, com 25 unidades em todas as regi\u00f5es no territ\u00f3rio nacional e conta com um marketplace automotivo.\u00a0<\/p>\n<p>A companhia emprega as mais altas tecnologias e inova\u00e7\u00e3o para garantir r\u00e1pida monetiza\u00e7\u00e3o do bem, menor tempo de giro e maior rentabilidade tanto para o cliente corporativo, pequenos frotistas, lojistas e consumidor final.<\/p>\n<p>A opera\u00e7\u00e3o da Copart possibilita ao propriet\u00e1rio comercializar todos os modelos de autom\u00f3veis, desde irrecuper\u00e1veis at\u00e9 carros de colecionador. A solu\u00e7\u00e3o garante que o ve\u00edculo seja comercializado no menor prazo do mercado, de forma \u00e1gil, online e sem grandes burocracias.<\/p>\n<p id=\"PURL\"><img loading=\"lazy\" decoding=\"async\" title=\"Cision\" width=\"12\" height=\"12\" alt=\"Cision\" src=\"https:\/\/c212.net\/c\/img\/favicon.png?sn=PT28840&amp;sd=2025-07-11\" \/> View original content:<a id=\"PRNURL\" rel=\"nofollow\" href=\"https:\/\/www.prnewswire.com\/br\/comunicados-para-a-imprensa\/motocicletas-de-ate-r18-mil-reais-e-perfeitas-para-trabalhar-disponiveis-no-leilao-exclusivo-da-copart-302503504.html\" target=\"_blank\">https:\/\/www.prnewswire.com\/br\/comunicados-para-a-imprensa\/motocicletas-de-ate-r18-mil-reais-e-perfeitas-para-trabalhar-disponiveis-no-leilao-exclusivo-da-copart-302503504.html<\/a><\/p>\n<p>FONTE  Copart<\/p>\n<\/div>\n<p><img decoding=\"async\" alt=\"\" src=\"https:\/\/rt.prnewswire.com\/rt.gif?NewsItemId=PT28840&amp;Transmission_Id=202507111400PR_NEWS_LATAM____PT28840&amp;DateId=20250711\" style=\"border:0px;width:1px;height:1px\" \/><\/p>\n<p><strong>T\u00f3picos Relacionados:<\/strong> Transporte \/ Caminh\u00f5es \/ Ferrovias, Automotivo<\/p>\n<p>A <b>OESP<\/b> n\u00e3o \u00e9(s\u00e3o) respons\u00e1vel(is) por erros, incorre\u00e7\u00f5es, atrasos ou quaisquer decis\u00f5es tomadas por seus clientes com base nos Conte\u00fados ora disponibilizados, bem como tais Conte\u00fados n\u00e3o representam a opini\u00e3o da <b>OESP<\/b> e s\u00e3o de inteira responsabilidade da <b>PR Newswire Ltda<\/b><\/p>\n","protected":false},"excerpt":{"rendered":"Certame apenas de ve\u00edculos de duas rodas acontece neste s\u00e1bado (12) com op\u00e7\u00f5es de modelos da Honda e Yamaha S\u00c3O PAULO, 11 de julho de 2025 \/PRNewswire\/ &#8212; A Copart,\u00a0refer\u00eancia mundial em","protected":false},"author":1,"featured_media":0,"comment_status":"open","ping_status":"closed","sticky":false,"template":"","format":"standard","meta":{"_acf_changed":false,"inline_featured_image":false,"_monsterinsights_skip_tracking":false,"_monsterinsights_sitenote_active":false,"_monsterinsights_sitenote_note":"","_monsterinsights_sitenote_category":0,"footnotes":""},"categories":[27],"tags":[],"class_list":["post-113209","post","type-post","status-publish","format-standard","hentry","category-prnewswire"],"acf":[],"_links":{"self":[{"href":"https:\/\/bluestudio.estadao.com.br\/agencia-de-comunicacao\/wp-json\/wp\/v2\/posts\/113209","targetHints":{"allow":["GET"]}}],"collection":[{"href":"https:\/\/bluestudio.estadao.com.br\/agencia-de-comunicacao\/wp-json\/wp\/v2\/posts"}],"about":[{"href":"https:\/\/bluestudio.estadao.com.br\/agencia-de-comunicacao\/wp-json\/wp\/v2\/types\/post"}],"author":[{"embeddable":true,"href":"https:\/\/bluestudio.estadao.com.br\/agencia-de-comunicacao\/wp-json\/wp\/v2\/users\/1"}],"replies":[{"embeddable":true,"href":"https:\/\/bluestudio.estadao.com.br\/agencia-de-comunicacao\/wp-json\/wp\/v2\/comments?post=113209"}],"version-history":[{"count":0,"href":"https:\/\/bluestudio.estadao.com.br\/agencia-de-comunicacao\/wp-json\/wp\/v2\/posts\/113209\/revisions"}],"wp:attachment":[{"href":"https:\/\/bluestudio.estadao.com.br\/agencia-de-comunicacao\/wp-json\/wp\/v2\/media?parent=113209"}],"wp:term":[{"taxonomy":"category","embeddable":true,"href":"https:\/\/bluestudio.estadao.com.br\/agencia-de-comunicacao\/wp-json\/wp\/v2\/categories?post=113209"},{"taxonomy":"post_tag","embeddable":true,"href":"https:\/\/bluestudio.estadao.com.br\/agencia-de-comunicacao\/wp-json\/wp\/v2\/tags?post=113209"}],"curies":[{"name":"wp","href":"https:\/\/api.w.org\/{rel}","templated":true}]}}