{"id":113142,"date":"2025-07-10T14:12:00","date_gmt":"2025-07-10T17:12:00","guid":{"rendered":"https:\/\/bluestudio.estadao.com.br\/agencia-de-comunicacao\/prnewswire\/o-brasil-encontra-uma-grande-oportunidade-na-fruit-attraction-2025-reforcando-seu-alcance-global-com-um-crescimento-de-5\/"},"modified":"2025-07-10T14:12:00","modified_gmt":"2025-07-10T17:12:00","slug":"o-brasil-encontra-uma-grande-oportunidade-na-fruit-attraction-2025-reforcando-seu-alcance-global-com-um-crescimento-de-5","status":"publish","type":"post","link":"https:\/\/bluestudio.estadao.com.br\/agencia-de-comunicacao\/prnewswire\/o-brasil-encontra-uma-grande-oportunidade-na-fruit-attraction-2025-reforcando-seu-alcance-global-com-um-crescimento-de-5\/","title":{"rendered":"O Brasil encontra uma grande oportunidade na Fruit Attraction 2025, refor\u00e7ando seu alcance global com um crescimento de 5%"},"content":{"rendered":"<div class=\"xn-content\">\n<span class=\"legendSpanClass\">MADRI<\/span>, <span class=\"legendSpanClass\">10 de julho de 2025<\/span> \/PRNewswire\/ &#8212; A\u00a0<b>Fruit Attraction<\/b>, organizada pela <b>IFEMA <span class=\"xn-location\">MADRID<\/span> e FEPEX<\/b> e realizada <b>de 30 de setembro a 2 de outubro<\/b>, confirma o <b>forte momento em sua 17\u00aa edi\u00e7\u00e3o<\/b>\u00a0para o qual <b>o crescimento<\/b> \u00e9 esperado <b>em todos os seus par\u00e2metros<\/b>.<\/p>\n<p>\u00a0<\/p>\n<div id=\"prni_dvprnejpg979aleft\" dir=\"ltr\" style=\"width: 100%;text-align: left\"><img decoding=\"async\" id=\"prnejpg979aleft\" title=\"Fruit Attraction Exhibition\" src=\"https:\/\/mma.prnewswire.com\/media\/2726942\/Fruit_Attraction_Exhibition.jpg\" alt=\"Fruit Attraction Exhibition\" align=\"middle\" \/><\/div>\n<p>\u00a0<\/p>\n<p>Faltando mais de\u00a0<b>dois meses,<\/b> a Fruit Attraction confirma a <b>participa\u00e7\u00e3o de 2.179 empresas de 61 pa\u00edses<\/b> e uma <b>\u00e1rea de exposi\u00e7\u00e3o de 73.655 metros quadrados<\/b>, o que significa um <b>aumento de 5% em rela\u00e7\u00e3o ao total do ano passado<\/b>.<\/p>\n<p><b>Previs\u00f5es para Fruit Attraction 2025<\/b>\u00a0estimam que o evento superar\u00e1 <b>2.500 empresas, ocupar\u00e1 75.000 metros quadrados com oferta de produtos frescos e receber\u00e1 mais de 120.000 profissionais do com\u00e9rcio de 150 pa\u00edses<\/b>.<\/p>\n<p>Al\u00e9m dos novos recursos desta edi\u00e7\u00e3o, como a <b>nova distribui\u00e7\u00e3o e setoriza\u00e7\u00e3o de seus dez sal\u00f5es, o<\/b><b>tomate<\/b> foi selecionado como o <b>produto inicial<\/b> desta edi\u00e7\u00e3o. \u00c9 o legume mais consumido no mundo. As atividades da feira ser\u00e3o focadas em tr\u00eas \u00e1reas: seu papel em nossa dieta, seu valor social e econ\u00f4mico e as implica\u00e7\u00f5es geopol\u00edticas de seu com\u00e9rcio global.<\/p>\n<p><b>Mal\u00e1sia e M\u00e9xico<\/b>\u00a0ser\u00e3o os principais mercados da iniciativa <b>Guest Importing Countries<\/b> (Pa\u00edses Importadores de Convidados), que ser\u00e1 adicionada ao impressionante<b> Buyers Programme <\/b> (Programa de Compradores) que, com a colabora\u00e7\u00e3o do <b>MAPA <\/b>e do<b> ICEX<\/b>, trar\u00e1 mais de 700 compradores de todo o mundo.\u00a0Al\u00e9m disso, o <b>ICEX<\/b> organizar\u00e1 o<b> World Fresh Forum<\/b>, a s\u00e9rie de webin\u00e1rios com especialistas e profissionais do com\u00e9rcio com foco no <b> M\u00e9xico, Mal\u00e1sia e <span class=\"xn-location\">China<\/span><\/b>, que acontecer\u00e1 nos dias<b> 15, 16 e 17 de setembro<\/b>.\u00a0<\/p>\n<p>A Fruit Attraction 2025 apresentar\u00e1 o <b>Best Stand Awards<\/b>, que reconhecer\u00e1 os espa\u00e7os de exposi\u00e7\u00e3o que se destacam na feira por sua criatividade, design e compromisso com a sustentabilidade em suas quatro categorias: <b>Mais Original; Melhor Design; Mais Sustent\u00e1vel e Favorito do P\u00fablico<\/b>.<\/p>\n<p>Por outro lado, a Fruit Attraction est\u00e1 promovendo o <b>Organic Hub Tour<\/b>, uma rota especialmente sinalizada dentro da feira que dar\u00e1 maior visibilidade aos <b>produtos org\u00e2nicos certificados<\/b>.<\/p>\n<p>Por fim, a Fruit Attraction servir\u00e1 mais uma vez como um centro de conhecimento do setor, com um programa completo de <b>f\u00f3runs t\u00e9cnicos<\/b> cobrindo uma ampla variedade de t\u00f3picos e com <b>palestrantes e especialistas de alto n\u00edvel<\/b>.<\/p>\n<p>A <b>Fruit Attraction 2025 <\/b>ser\u00e1 realizada no Centro de Exposi\u00e7\u00f5es IFEMA <span class=\"xn-location\">MADRID<\/span> de ter\u00e7a-feira<b> 30 de setembro a quinta-feira, 2 de outubro<\/b>,<b> das 9h30 \u00e0s 19h e at\u00e9 \u00e0s 16h no \u00faltimo dia<\/b>.<\/p>\n<p>Foto: <a href=\"https:\/\/mma.prnewswire.com\/media\/2726942\/Fruit_Attraction_Exhibition.jpg\" target=\"_blank\" rel=\"nofollow\">https:\/\/mma.prnewswire.com\/media\/2726942\/Fruit_Attraction_Exhibition.jpg<\/a><br \/>Logotipo: <a href=\"https:\/\/mma.prnewswire.com\/media\/2349068\/Fruit_Attraction_Logo.jpg\" target=\"_blank\" rel=\"nofollow\">https:\/\/mma.prnewswire.com\/media\/2349068\/Fruit_Attraction_Logo.jpg<\/a><\/p>\n<p>\u00a0<\/p>\n<div id=\"prni_dvprnejpg8686left\" dir=\"ltr\" style=\"width: 100%;text-align: left\"><img decoding=\"async\" id=\"prnejpg8686left\" title=\"Fruit Attraction Logo\" src=\"https:\/\/mma.prnewswire.com\/media\/2349068\/Fruit_Attraction_Logo.jpg\" alt=\"Fruit Attraction Logo\" align=\"middle\" \/><\/div>\n<p>\u00a0<\/p>\n<p><b>Detalhes de contato:<\/b> <br \/><span class=\"xn-person\">Elena Valera<\/span><br \/><a href=\"mailto:evalera@ifema.es\" target=\"_blank\" rel=\"nofollow\">evalera@ifema.es<\/a>\u00a0<\/p>\n<p id=\"PURL\"><img loading=\"lazy\" decoding=\"async\" title=\"Cision\" width=\"12\" height=\"12\" alt=\"Cision\" src=\"https:\/\/c212.net\/c\/img\/favicon.png?sn=PT25919&amp;sd=2025-07-10\" \/> View original content:<a id=\"PRNURL\" rel=\"nofollow\" href=\"https:\/\/www.prnewswire.com\/br\/comunicados-para-a-imprensa\/o-brasil-encontra-uma-grande-oportunidade-na-fruit-attraction-2025-reforcando-seu-alcance-global-com-um-crescimento-de-5-302501351.html\" target=\"_blank\">https:\/\/www.prnewswire.com\/br\/comunicados-para-a-imprensa\/o-brasil-encontra-uma-grande-oportunidade-na-fruit-attraction-2025-reforcando-seu-alcance-global-com-um-crescimento-de-5-302501351.html<\/a><\/p>\n<p>FONTE  Fruit Attraction<\/p>\n<\/div>\n<p><img decoding=\"async\" alt=\"\" src=\"https:\/\/rt.prnewswire.com\/rt.gif?NewsItemId=PT25919&amp;Transmission_Id=202507101300PR_NEWS_LATAM____PT25919&amp;DateId=20250710\" style=\"border:0px;width:1px;height:1px\" \/><\/p>\n<p><strong>T\u00f3picos Relacionados:<\/strong> Alimentos, Not\u00edcias de Feiras Comerciais, Eventos Futuros, Varejo, Publica\u00e7\u00e3o \/ Servi\u00e7os de Informa\u00e7\u00e3o, Agricultura, Entretenimento<\/p>\n<p>A <b>OESP<\/b> n\u00e3o \u00e9(s\u00e3o) respons\u00e1vel(is) por erros, incorre\u00e7\u00f5es, atrasos ou quaisquer decis\u00f5es tomadas por seus clientes com base nos Conte\u00fados ora disponibilizados, bem como tais Conte\u00fados n\u00e3o representam a opini\u00e3o da <b>OESP<\/b> e s\u00e3o de inteira responsabilidade da <b>PR Newswire Ltda<\/b><\/p>\n","protected":false},"excerpt":{"rendered":"MADRI, 10 de julho de 2025 \/PRNewswire\/ &#8212; A\u00a0Fruit Attraction, organizada pela IFEMA MADRID e FEPEX e realizada de 30 de setembro a 2 de outubro, confirma o forte momento em sua 17\u00aa","protected":false},"author":1,"featured_media":0,"comment_status":"open","ping_status":"closed","sticky":false,"template":"","format":"standard","meta":{"_acf_changed":false,"inline_featured_image":false,"_monsterinsights_skip_tracking":false,"_monsterinsights_sitenote_active":false,"_monsterinsights_sitenote_note":"","_monsterinsights_sitenote_category":0,"footnotes":""},"categories":[27],"tags":[],"class_list":["post-113142","post","type-post","status-publish","format-standard","hentry","category-prnewswire"],"acf":[],"_links":{"self":[{"href":"https:\/\/bluestudio.estadao.com.br\/agencia-de-comunicacao\/wp-json\/wp\/v2\/posts\/113142","targetHints":{"allow":["GET"]}}],"collection":[{"href":"https:\/\/bluestudio.estadao.com.br\/agencia-de-comunicacao\/wp-json\/wp\/v2\/posts"}],"about":[{"href":"https:\/\/bluestudio.estadao.com.br\/agencia-de-comunicacao\/wp-json\/wp\/v2\/types\/post"}],"author":[{"embeddable":true,"href":"https:\/\/bluestudio.estadao.com.br\/agencia-de-comunicacao\/wp-json\/wp\/v2\/users\/1"}],"replies":[{"embeddable":true,"href":"https:\/\/bluestudio.estadao.com.br\/agencia-de-comunicacao\/wp-json\/wp\/v2\/comments?post=113142"}],"version-history":[{"count":0,"href":"https:\/\/bluestudio.estadao.com.br\/agencia-de-comunicacao\/wp-json\/wp\/v2\/posts\/113142\/revisions"}],"wp:attachment":[{"href":"https:\/\/bluestudio.estadao.com.br\/agencia-de-comunicacao\/wp-json\/wp\/v2\/media?parent=113142"}],"wp:term":[{"taxonomy":"category","embeddable":true,"href":"https:\/\/bluestudio.estadao.com.br\/agencia-de-comunicacao\/wp-json\/wp\/v2\/categories?post=113142"},{"taxonomy":"post_tag","embeddable":true,"href":"https:\/\/bluestudio.estadao.com.br\/agencia-de-comunicacao\/wp-json\/wp\/v2\/tags?post=113142"}],"curies":[{"name":"wp","href":"https:\/\/api.w.org\/{rel}","templated":true}]}}