{"id":113113,"date":"2025-07-09T18:57:00","date_gmt":"2025-07-09T21:57:00","guid":{"rendered":"https:\/\/bluestudio.estadao.com.br\/agencia-de-comunicacao\/prnewswire\/rede-moore-global-nomeada-do-ano-em-decisao-unanime\/"},"modified":"2025-07-09T18:57:00","modified_gmt":"2025-07-09T21:57:00","slug":"rede-moore-global-nomeada-do-ano-em-decisao-unanime","status":"publish","type":"post","link":"https:\/\/bluestudio.estadao.com.br\/agencia-de-comunicacao\/prnewswire\/rede-moore-global-nomeada-do-ano-em-decisao-unanime\/","title":{"rendered":"Rede Moore Global Nomeada do Ano em Decis\u00e3o Un\u00e2nime"},"content":{"rendered":"<div class=\"xn-content\">\n<i> O pr\u00eamio vem ap\u00f3s quatro anos consecutivos de crescimento de dois d\u00edgitos <\/i><\/p>\n<p><span class=\"legendSpanClass\">LONDRES<\/span>, <span class=\"legendSpanClass\">9 de julho de 2025<\/span> \/PRNewswire\/ &#8212; A Moore Global, rede global de contabilidade, auditoria e consultoria, foi nomeada Rede do Ano no International Accounting Forum and Awards 2025 (IAFA 25) por decis\u00e3o un\u00e2nime dos ju\u00edzes.<\/p>\n<div id=\"prni_dvprnejpg6fd6left\" dir=\"ltr\" style=\"width: 100%;text-align: left\"><img decoding=\"async\" id=\"prnejpg6fd6left\" title=\"Moore Global Logo\" src=\"https:\/\/mma.prnewswire.com\/media\/2727850\/Moore_Global_Logo.jpg\" alt=\"Moore Global Logo\" align=\"middle\" \/><\/div>\n<p><span class=\"xn-person\">Vivienne Muir<\/span>, diretora de opera\u00e7\u00f5es da Moore Global, recebeu o prestigioso pr\u00eamio em 28 de junho na cerim\u00f4nia IAFA 25 em Londres.<\/p>\n<p>Vivienne disse: &#8220;Este pr\u00eamio \u00e9 um reconhecimento da qualidade, dedica\u00e7\u00e3o e colabora\u00e7\u00e3o que define nossa rede global. Isso reflete o excelente trabalho de nossas firmas-membro e de nosso pessoal em todo o mundo. Um sincero obrigado &#8211; e parab\u00e9ns &#8211; a todos em Moore que tornaram isso poss\u00edvel.&#8221; \u00a0<\/p>\n<p>Os ju\u00edzes chegaram a uma decis\u00e3o un\u00e2nime depois de considerar uma ampla gama de marcos e elogios alcan\u00e7ados no ano passado pela rede Moore Global.<\/p>\n<p>Em 2024, a Moore Global registrou um crescimento de 13%, tornando-se a \u00fanica rede top 20 a ter um quarto ano consecutivo de crescimento de dois d\u00edgitos. Ao mesmo tempo, 83% das firmas-membro cresceram em 2024, com 44% da rede registrando crescimento acima de 10%.<\/p>\n<p><span class=\"xn-person\">Anton Colella<\/span>, CEO Global da Moore, disse: &#8220;Sempre soubemos que estamos construindo algo muito especial aqui na Moore. Ter isso confirmado por nada menos que uma organiza\u00e7\u00e3o como a IAFA \u00e9 realmente gratificante. Este reconhecimento pertence a cada um dos nossos 37.000 funcion\u00e1rios. Parab\u00e9ns a todos.&#8221;<\/p>\n<p><span class=\"xn-person\">Zoya Malik<\/span>, editora-chefe do Boletim Internacional de Contabilidade, disse: &#8220;O pr\u00eamio IAFA 2025 da Moore Global para Rede do Ano foi muito bem merecido, conforme considerado por unanimidade pelos Ju\u00edzes.\u00a0Sua apresenta\u00e7\u00e3o apresentou resultados excepcionais ao longo de quatro anos consecutivos de crescimento de dois d\u00edgitos em v\u00e1rios mercados, particularmente na \u00c1frica e na Europa.&#8221;<\/p>\n<p><b> Sobre a Moore Global<\/b><\/p>\n<p><span class=\"xn-person\">Na Moore<\/span>, nosso objetivo \u00e9 ajudar as pessoas a prosperar ? nossos clientes, nosso pessoal e as comunidades em que vivem e trabalham. Somos uma fam\u00edlia global de contabilidade e consultoria com mais de 37.000 pessoas em 563 escrit\u00f3rios em 116 pa\u00edses, conectando e colaborando para atender \u00e0s suas necessidades ? locais, nacionais e internacionais.<\/p>\n<p><b> Detalhes de contato <\/b><\/p>\n<p><b> James\u00a0Doran<br \/>+1 929 461 2131<br \/><a href=\"mailto:james@pentameteradvisors.net\" target=\"_blank\" rel=\"nofollow\"> james@pentameteradvisors.net<\/a><br \/><\/b><\/p>\n<p>Logo &#8211; <a href=\"https:\/\/mma.prnewswire.com\/media\/2727850\/Moore_Global_Logo.jpg\" target=\"_blank\" rel=\"nofollow\">\u00a0https:\/\/mma.prnewswire.com\/media\/2727850\/Moore_Global_Logo.jpg<\/a><\/p>\n<p>\u00a0<\/p>\n<p id=\"PURL\"><img loading=\"lazy\" decoding=\"async\" title=\"Cision\" width=\"12\" height=\"12\" alt=\"Cision\" src=\"https:\/\/c212.net\/c\/img\/favicon.png?sn=PT27117&amp;sd=2025-07-09\" \/> View original content:<a id=\"PRNURL\" rel=\"nofollow\" href=\"https:\/\/www.prnewswire.com\/br\/comunicados-para-a-imprensa\/rede-moore-global-nomeada-do-ano-em-decisao-unanime-302501729.html\" target=\"_blank\">https:\/\/www.prnewswire.com\/br\/comunicados-para-a-imprensa\/rede-moore-global-nomeada-do-ano-em-decisao-unanime-302501729.html<\/a><\/p>\n<p>FONTE  Moore Global<\/p>\n<\/div>\n<p><img decoding=\"async\" alt=\"\" src=\"https:\/\/rt.prnewswire.com\/rt.gif?NewsItemId=PT27117&amp;Transmission_Id=202507091755PR_NEWS_LATAM____PT27117&amp;DateId=20250709\" style=\"border:0px;width:1px;height:1px\" \/><\/p>\n<p><strong>T\u00f3picos Relacionados:<\/strong> Not\u00edcias e Quest\u00f5es Cont\u00e1beis, Pr\u00eamios, Sa\u00fade\/Hospitais, Servi\u00e7os Banc\u00e1rios\/Financeiros<\/p>\n<p>A <b>OESP<\/b> n\u00e3o \u00e9(s\u00e3o) respons\u00e1vel(is) por erros, incorre\u00e7\u00f5es, atrasos ou quaisquer decis\u00f5es tomadas por seus clientes com base nos Conte\u00fados ora disponibilizados, bem como tais Conte\u00fados n\u00e3o representam a opini\u00e3o da <b>OESP<\/b> e s\u00e3o de inteira responsabilidade da <b>PR Newswire Ltda<\/b><\/p>\n","protected":false},"excerpt":{"rendered":"O pr\u00eamio vem ap\u00f3s quatro anos consecutivos de crescimento de dois d\u00edgitos LONDRES, 9 de julho de 2025 \/PRNewswire\/ &#8212; A Moore Global, rede global de contabilidade, auditoria e consultoria, foi","protected":false},"author":1,"featured_media":0,"comment_status":"open","ping_status":"closed","sticky":false,"template":"","format":"standard","meta":{"_acf_changed":false,"inline_featured_image":false,"_monsterinsights_skip_tracking":false,"_monsterinsights_sitenote_active":false,"_monsterinsights_sitenote_note":"","_monsterinsights_sitenote_category":0,"footnotes":""},"categories":[27],"tags":[],"class_list":["post-113113","post","type-post","status-publish","format-standard","hentry","category-prnewswire"],"acf":[],"_links":{"self":[{"href":"https:\/\/bluestudio.estadao.com.br\/agencia-de-comunicacao\/wp-json\/wp\/v2\/posts\/113113","targetHints":{"allow":["GET"]}}],"collection":[{"href":"https:\/\/bluestudio.estadao.com.br\/agencia-de-comunicacao\/wp-json\/wp\/v2\/posts"}],"about":[{"href":"https:\/\/bluestudio.estadao.com.br\/agencia-de-comunicacao\/wp-json\/wp\/v2\/types\/post"}],"author":[{"embeddable":true,"href":"https:\/\/bluestudio.estadao.com.br\/agencia-de-comunicacao\/wp-json\/wp\/v2\/users\/1"}],"replies":[{"embeddable":true,"href":"https:\/\/bluestudio.estadao.com.br\/agencia-de-comunicacao\/wp-json\/wp\/v2\/comments?post=113113"}],"version-history":[{"count":0,"href":"https:\/\/bluestudio.estadao.com.br\/agencia-de-comunicacao\/wp-json\/wp\/v2\/posts\/113113\/revisions"}],"wp:attachment":[{"href":"https:\/\/bluestudio.estadao.com.br\/agencia-de-comunicacao\/wp-json\/wp\/v2\/media?parent=113113"}],"wp:term":[{"taxonomy":"category","embeddable":true,"href":"https:\/\/bluestudio.estadao.com.br\/agencia-de-comunicacao\/wp-json\/wp\/v2\/categories?post=113113"},{"taxonomy":"post_tag","embeddable":true,"href":"https:\/\/bluestudio.estadao.com.br\/agencia-de-comunicacao\/wp-json\/wp\/v2\/tags?post=113113"}],"curies":[{"name":"wp","href":"https:\/\/api.w.org\/{rel}","templated":true}]}}