{"id":113028,"date":"2025-07-08T06:42:00","date_gmt":"2025-07-08T09:42:00","guid":{"rendered":"https:\/\/bluestudio.estadao.com.br\/agencia-de-comunicacao\/releases\/releases-geral\/pu-prime-e-a-associacao-do-futebol-argentino-celebram-cerimonia-oficial-de-assinatura-em-madrid\/"},"modified":"2025-07-08T06:42:00","modified_gmt":"2025-07-08T09:42:00","slug":"pu-prime-e-a-associacao-do-futebol-argentino-celebram-cerimonia-oficial-de-assinatura-em-madrid","status":"publish","type":"post","link":"https:\/\/bluestudio.estadao.com.br\/agencia-de-comunicacao\/releases\/releases-geral\/pu-prime-e-a-associacao-do-futebol-argentino-celebram-cerimonia-oficial-de-assinatura-em-madrid\/","title":{"rendered":"PU Prime e a Associa\u00e7\u00e3o do Futebol Argentino celebram cerim\u00f4nia oficial de assinatura em Madrid"},"content":{"rendered":"<p>Madrid, Espanha, July  08, 2025  (GLOBE NEWSWIRE) &#8212; <strong>A<\/strong>\u00a0<a href=\"https:\/\/www.globenewswire.com\/Tracker?data=kJ9W1o1chzADIgfvBJlHKALIY8G8veEDgLdPN_XFITzQ4LR7620jB2FJN_yIaZItSvw20HM7LF0kUPobRdt1RmZKxzDdZfvYODcvs19-0zj2vO5VZbGSglJtrqaFUfQT4WZdjgdjcVSSxarTokuEtPKoVEbvXyQitJezVM7xUrVTmhLrm5ysnmgIwH1S5T7oN0FV6w2mQnL-Zf7EOpzc33xsTxO8Ec3PgcbZpGjk-qo=\" rel=\"nofollow\" target=\"_blank\"><strong><u>PU Prime<\/u><\/strong><\/a> e a Associa\u00e7\u00e3o de Futebol da Argentina (AFA) comemoraram formalmente a sua\u00a0<a href=\"https:\/\/www.globenewswire.com\/Tracker?data=9n_9IWsucKAeWXWjnX3VoyoqMcAAr2kLdEiS92nkvUHawBsfzJ50YHL-F3a4PlNeT6lPo_vYzBP62-8PgCzwlF0x0m9qKjJKwmdCgIrPOdEQnqTvxyftbUMgVyZCBLpoqBv-99L3bQvKv7RPKW_bFT0PGsygB9h6YrAWiIlg-Y6zzxGk70vjdM0pKfSBUl6-ENxovs9CBqNV78OI7rGeKKxTz3WY3Zvvp5QG-SC_dzdElYUJSqp2qd1OCix7ED8r\" rel=\"nofollow\" target=\"_blank\"><u>parceria<\/u><\/a> estrat\u00e9gica durante uma cerim\u00f3nia de assinatura na Academia de Futebol da Argentina em Vallecas, Madrid.<\/p>\n<p>Este evento significativo marcou o fortalecimento de uma colabora\u00e7\u00e3o global a longo prazo entre duas institui\u00e7\u00f5es unidas por valores partilhados de disciplina, estrat\u00e9gia e precis\u00e3o.<\/p>\n<p>O dia come\u00e7ou com uma rece\u00e7\u00e3o entre os representantes da PU Prime e da AFA, definindo o tom para um dia de colabora\u00e7\u00e3o e celebra\u00e7\u00e3o. No centro da cerim\u00f3nia esteve a assinatura oficial do contrato e uma troca cerimonial de camisolas, simbolizando a parceria duradoura e o compromisso m\u00fatuo entre a PU Prime e a AFA. Seguiu-se uma visita guiada \u00e0s instala\u00e7\u00f5es de classe mundial da Academia, que acolhe alguns dos mais promissores jovens talentos do futebol argentino.<\/p>\n<p>No seu discurso principal,<strong> o Sr. Daniel Bruce, Diretor-Geral da PU Prime<\/strong>, partilhou:<\/p>\n<p><em>Hoje, estamos aqui na bela cidade de Madrid para celebrar uma parceria que une duas for\u00e7as comprometidas com a excel\u00eancia  a PU Prime e a Associa\u00e7\u00e3o de Futebol da Argentina. A AFA \u00e9 famosa por desenvolver talentos de classe mundial e por ter uma marca que \u00e9 conhecida em todo o mundo. Isto \u00e9 algo que a PU Prime se esfor\u00e7a constantemente por alcan\u00e7ar e est\u00e1 bem a caminho de o conseguir. A parceria representa um passo significativo no crescimento do nosso neg\u00f3cio, e sentimo-nos honrados por sermos nomeados ao lado de uma organiza\u00e7\u00e3o t\u00e3o prestigiada. Obrigado \u00e0 AFA por fazer parte deste novo e entusiasmante cap\u00edtulo. Esperamos uma parceria longa e frutuosa, que ultrapasse os limites do que o sucesso representa e que impulsione o crescimento para ambas as organiza\u00e7\u00f5es.<\/em><\/p>\n<p><strong>O Sr. Leandro Petersen, Diretor Comercial e de Marketing da AFA<\/strong>, expressou o seu apoio \u00e0 parceria, afirmando:<\/p>\n<p><em>O futebol \u00e9 uma linguagem universal e, hoje, adicionamos uma nova voz \u00e0 nossa hist\u00f3ria ao dar as boas-vindas \u00e0 PU Prime como um valioso parceiro regional no mundo do futebol argentino. Sentimo-nos honrados por ter esta entusiasmante parceria com um parceiro que partilha os nossos valores de excel\u00eancia, inova\u00e7\u00e3o e compromisso com o desempenho. Juntamente com a PU Prime, esperamos criar experi\u00eancias significativas que unam os adeptos de futebol e celebrem o esp\u00edrito do desporto-rei. PU Prime, estamos orgulhosos de vos ter connosco. Bem-vindos \u00e0 fam\u00edlia AFA.<\/em><\/p>\n<p>A encerrar o dia, realizou-se uma sess\u00e3o de perguntas e respostas ao vivo com o Sr. Javier Saviola, o lend\u00e1rio ex-futebolista argentino. Os presentes tiveram a oportunidade exclusiva de obter perspetivas em primeira m\u00e3o sobre lideran\u00e7a, legado e o valor das parcerias globais de um dos \u00edcones mais admirados do desporto.<\/p>\n<p><strong>O Sr. Javier Saviola<\/strong> partilhou as suas reflex\u00f5es sobre a colabora\u00e7\u00e3o:<\/p>\n<p><em>&#8220;\u00c9 algo verdadeiramente especial. Representar a Argentina sempre foi uma grande honra, e ver a PU Prime a apoiar a AFA significa muito para todos n\u00f3s. Esta parceria reflete o esp\u00edrito da nossa equipa e ajuda a partilhar essa paix\u00e3o com pessoas de todo o mundo.&#8221;<\/em><\/p>\n<p>Este evento assinala o in\u00edcio de uma parceria a longo prazo entre a PU Prime e a AFA, dedicada a inspirar, envolver e criar valor duradouro em ambos os campos.<\/p>\n<p>Para ler o artigo completo, visite a nossa <a href=\"https:\/\/www.globenewswire.com\/Tracker?data=7qazmUI5RDR0lRs-9j2ljlihtfCNwy-mLVjEM9GRoQzRlWQ84SK0-rMDavzRsfqqQ6cETWJP900JEcHlb33jZn4Ib6KUdkYy9QzQezPmSXApnuO6dTtpRqsIlR7o9W-QFO1SY4BU6L5jVU5oBvj_TLmIlp9MjK1th-mUaN8M1PTskK2Jw8aseH8KsxP_xT4rlUh-3GK5mR_NJ19hlDYZQH3Wd0O4szQ1lkw5w2XhB5Q526cI_F_l3PDKeN04T0czXbNC-EAcsgEsGOXwKxsEor2tpjXZ2_1Jp3UzXcj4TavlgBBKbpMomGlB_CVWPEYjqt9_sEPxvPOnzUhMtd08wiBiroFE2beQNBv5ol0KuAM=\" rel=\"nofollow\" target=\"_blank\"><u>Sala de Imprensa da PU Prime<\/u><\/a>.<\/p>\n<p><strong>Sobre a PU Prime<\/strong><\/p>\n<p>Fundada em 2015, a PU Prime \u00e9 uma empresa l\u00edder global em tecnologia financeira (fintech) que oferece solu\u00e7\u00f5es inovadoras de negocia\u00e7\u00e3o online. Atualmente, oferecemos produtos financeiros regulados em v\u00e1rias classes de ativos, incluindo forex, mat\u00e9rias-primas, \u00edndices e a\u00e7\u00f5es. Empenhada em fornecer tecnologia avan\u00e7ada e recursos educativos, a PU Prime apoia negociadores e investidores em todas as fases, do principiante ao profissional. Com presen\u00e7a em mais de 190 pa\u00edses e ultrapassando os 40 milh\u00f5es de downloads da aplica\u00e7\u00e3o, a PU Prime dedica-se a possibilitar o sucesso financeiro e a fomentar uma comunidade global de negociadores capacitados. Descubra as \u00faltimas promo\u00e7\u00f5es da PU Prime e junte-se a n\u00f3s para uma jornada de negocia\u00e7\u00e3o frutuosa hoje mesmo.<\/p>\n<p><strong>Chloe Lee<\/strong><\/p>\n<p><strong>media@puprime.com<\/strong><\/p>\n<p>Foto deste comunicado dispon\u00edvel em: <a href=\"https:\/\/www.globenewswire.com\/Tracker?data=gVrnVDPhMGJkvLDpuiFDpvV8mvht1xQNvhxV2tDu6K5IcgXwXqRndYU9os9ypUKlqrHrL2bU2VZv3OW8ol09ole8jZS0X75MOkm5x20dUTAEEsUT5WYfd_2_phdUnx_VU1AwhsJpd595F11B3NRGmP5WL44j8NyXhcmZM6fAsI3JWNNarMtq7aaK3dIDlj8ojqm3WGH8H3A6iTI9QwhBSqKsGyw_z9ncurX2Ie5Dj_QFDlsb7FDMUogLSoxjTF_Jly3q21OMltW6xsA9T1eRMw==\" rel=\"nofollow\" target=\"_blank\">https:\/\/www.globenewswire.com\/NewsRoom\/AttachmentNg\/653b62e2-7c2e-41c5-a9fc-d432e066560d<\/a><\/p>\n<p> <img decoding=\"async\" alt=\"\" class=\"__GNW8366DE3E__IMG\" src=\"https:\/\/www.globenewswire.com\/newsroom\/ti?nf=MTAwMTExNjk3NiM0MDIxODA3NTQjMjMwMjA1OA==\" \/> <br \/><img decoding=\"async\" alt=\"\" src=\"https:\/\/ml-eu.globenewswire.com\/media\/NDdmYTUyZTQtNTU1OS00YmMzLWE5M2ItM2MyODk0MjJmNDQxLTEzMTM2MDgtMjAyNS0wNy0wOC1wdA==\/tiny\/Pacific-Union-Seychelles-Limit.png\" \/><br \/>\n<a href=\"https:\/\/www.globenewswire.com\/NewsRoom\/AttachmentNg\/7a943204-a937-4232-a3fd-b78d6f4ea860\"><img loading=\"lazy\" decoding=\"async\" src=\"https:\/\/ml-eu.globenewswire.com\/media\/7a943204-a937-4232-a3fd-b78d6f4ea860\/small\/\" border=\"0\" width=\"150\" height=\"78\" alt=\"Primary Logo\" \/><\/a><\/p>\n<div style=\"padding:0px;width: 100%\">\n<div style=\"clear:both\" \/>\n<div style=\"float: right;padding-left:20px\">\n<div>\n<h5>PU Prime x AFA Official Signing Ceremony in Madrid<\/h5>\n<\/div>\n<div> <a target=\"_blank\" href=\"https:\/\/www.globenewswire.com\/NewsRoom\/AttachmentNg\/653b62e2-7c2e-41c5-a9fc-d432e066560d\/pt\"><img decoding=\"async\" src=\"https:\/\/ml-eu.globenewswire.com\/media\/653b62e2-7c2e-41c5-a9fc-d432e066560d\/medium\/pu-prime-x-afa-official-signing-ceremony-in-madrid.png\" \/> <\/a><\/div>\n<p \/>\n<div>\n<h5>A symbolic exchange: PU Prime and AFA mark the beginning of their partnership with signed contracts and official jerseys at the Argentina Football Academy in Madrid.<\/h5>\n<\/div>\n<\/div>\n<\/div>\n<p>A <b>OESP<\/b> nao e(sao) responsavel(is) por erros, incorrecoes, atrasos ou quaisquer decisoes tomadas por seus clientes com base nos Conteudos ora disponibilizados, bem como tais Conteudos nao representam a opiniao da <b>OESP<\/b> e sao de inteira responsabilidade da <b>GlobeNewswire<\/b><\/p>\n","protected":false},"excerpt":{"rendered":"Madrid, Espanha, July  08, 2025  (GLOBE NEWSWIRE) &#8212; A\u00a0PU Prime e a Associa\u00e7\u00e3o de Futebol da Argentina (AFA) comemoraram formalmente a sua\u00a0parceria estrat\u00e9gica durante uma","protected":false},"author":1,"featured_media":0,"comment_status":"open","ping_status":"closed","sticky":false,"template":"","format":"standard","meta":{"_acf_changed":false,"inline_featured_image":false,"_monsterinsights_skip_tracking":false,"_monsterinsights_sitenote_active":false,"_monsterinsights_sitenote_note":"","_monsterinsights_sitenote_category":0,"footnotes":""},"categories":[34],"tags":[],"class_list":["post-113028","post","type-post","status-publish","format-standard","hentry","category-releases-geral"],"acf":[],"_links":{"self":[{"href":"https:\/\/bluestudio.estadao.com.br\/agencia-de-comunicacao\/wp-json\/wp\/v2\/posts\/113028","targetHints":{"allow":["GET"]}}],"collection":[{"href":"https:\/\/bluestudio.estadao.com.br\/agencia-de-comunicacao\/wp-json\/wp\/v2\/posts"}],"about":[{"href":"https:\/\/bluestudio.estadao.com.br\/agencia-de-comunicacao\/wp-json\/wp\/v2\/types\/post"}],"author":[{"embeddable":true,"href":"https:\/\/bluestudio.estadao.com.br\/agencia-de-comunicacao\/wp-json\/wp\/v2\/users\/1"}],"replies":[{"embeddable":true,"href":"https:\/\/bluestudio.estadao.com.br\/agencia-de-comunicacao\/wp-json\/wp\/v2\/comments?post=113028"}],"version-history":[{"count":0,"href":"https:\/\/bluestudio.estadao.com.br\/agencia-de-comunicacao\/wp-json\/wp\/v2\/posts\/113028\/revisions"}],"wp:attachment":[{"href":"https:\/\/bluestudio.estadao.com.br\/agencia-de-comunicacao\/wp-json\/wp\/v2\/media?parent=113028"}],"wp:term":[{"taxonomy":"category","embeddable":true,"href":"https:\/\/bluestudio.estadao.com.br\/agencia-de-comunicacao\/wp-json\/wp\/v2\/categories?post=113028"},{"taxonomy":"post_tag","embeddable":true,"href":"https:\/\/bluestudio.estadao.com.br\/agencia-de-comunicacao\/wp-json\/wp\/v2\/tags?post=113028"}],"curies":[{"name":"wp","href":"https:\/\/api.w.org\/{rel}","templated":true}]}}