{"id":112968,"date":"2025-07-07T08:12:00","date_gmt":"2025-07-07T11:12:00","guid":{"rendered":"https:\/\/bluestudio.estadao.com.br\/agencia-de-comunicacao\/prnewswire\/avancos-na-legislacao-e-desafios-na-prevencao-de-sinistros-serao-destaque-da-expo-incendio-2025\/"},"modified":"2025-07-07T08:12:00","modified_gmt":"2025-07-07T11:12:00","slug":"avancos-na-legislacao-e-desafios-na-prevencao-de-sinistros-serao-destaque-da-expo-incendio-2025","status":"publish","type":"post","link":"https:\/\/bluestudio.estadao.com.br\/agencia-de-comunicacao\/prnewswire\/avancos-na-legislacao-e-desafios-na-prevencao-de-sinistros-serao-destaque-da-expo-incendio-2025\/","title":{"rendered":"Avan\u00e7os na legisla\u00e7\u00e3o e desafios na preven\u00e7\u00e3o de sinistros ser\u00e3o destaque da Expo Inc\u00eandio 2025"},"content":{"rendered":"<div class=\"xn-content\">\n<span class=\"legendSpanClass\">S\u00c3O PAULO<\/span>, <span class=\"legendSpanClass\">7 de julho de 2025<\/span> \/PRNewswire\/ &#8212; Avan\u00e7os na legisla\u00e7\u00e3o brasileira e das normas t\u00e9cnicas t\u00eam sido um importante vetor na preven\u00e7\u00e3o de inc\u00eandios e dos impactos desses eventos para a seguran\u00e7a das pessoas, do patrim\u00f4nio e das instala\u00e7\u00f5es. Contudo, o setor de equipamentos contra inc\u00eandio se depara com a presen\u00e7a crescente de produtos importados de forma irregular, sem certifica\u00e7\u00e3o ou suspeitos de terem certificados falsos. Este \u00e9 um dos desafios enfrentados por fabricantes de sprinklers, hidrantes e extintores, e que ser\u00e1 destaque na <b>Expo Inc\u00eandio 2025,<\/b> que a <a href=\"https:\/\/abspk.org.br\/\" target=\"_blank\" rel=\"nofollow\"><b>Associa\u00e7\u00e3o Brasileira de Sprinklers (ABSpk)<\/b><\/a> realiza entre os dias 27 e 29 de agosto, em S\u00e3o Paulo.<\/p>\n<p class=\"prntaj\">&#8220;A comercializa\u00e7\u00e3o de produtos piratas \u00e9 um dos problemas que desafiam o setor e pode induzir o comprador a adquirir equipamentos irregulares, cujo risco \u00e9 comprometer o funcionamento de todo o sistema de seguran\u00e7a&#8221;, afirma <span class=\"xn-person\">Paulo Floriano<\/span>, presidente da <a href=\"https:\/\/abspk.org.br\/\" target=\"_blank\" rel=\"nofollow\"><b>ABSpk<\/b><\/a>. \u00c9 preciso que empreendedores, gestores de empresas e os profissionais da \u00e1rea de seguran\u00e7a mantenham um conhecimento atualizado sobre as normas e a legisla\u00e7\u00e3o do setor.&#8221;<\/p>\n<p class=\"prntaj\">Primeira feira exclusiva do segmento, a Expo Inc\u00eandio 2025 \u00e9 realizada pela ABSpk em correaliza\u00e7\u00e3o com a Associa\u00e7\u00e3o Brasileira de Prote\u00e7\u00e3o Passiva (ABPP), e contar\u00e1 com mais de 50 expositores. Durante o <i>Congresso Brasileiro de Sprinklers<\/i> e o <i>Semin\u00e1rio Internacional de Prote\u00e7\u00e3o Passiva<\/i> ser\u00e3o discutidos os avan\u00e7os e desafios relativos \u00e0 legisla\u00e7\u00e3o, normas e certifica\u00e7\u00f5es dos equipamentos de combate a inc\u00eandios, bem como as novas tecnologias e solu\u00e7\u00f5es dispon\u00edveis.<\/p>\n<p class=\"prntaj\">&#8220;No Brasil, a evolu\u00e7\u00e3o normativa tem avan\u00e7ado, especialmente com a atua\u00e7\u00e3o da ABNT e dos Corpos de Bombeiros estaduais. S\u00e3o aprimoramentos em termos de normatiza\u00e7\u00e3o e obrigatoriedade da instala\u00e7\u00e3o de equipamentos, cada vez mais alinhados aos padr\u00f5es internacionais, em especial a NFPA&#8221;, afirma Floriano. Apesar disso, observa, ainda h\u00e1 muitos desafios. Entre eles, a falta de uma fiscaliza\u00e7\u00e3o uniforme, de atualiza\u00e7\u00e3o peri\u00f3dica de normas locais e de homogeneiza\u00e7\u00e3o da legisla\u00e7\u00e3o, mais estruturada sobre as leis estaduais e municipais.<\/p>\n<p class=\"prntaj\">Rog\u00e9rio Lin, Presidente da ABPP, destaca que &#8220;o surgimento de novas normas e, consequentemente, de novos regulamentos para sistemas de seguran\u00e7a contra inc\u00eandio, cria oportunidades, mas estas devem se pautar pela qualidade dos projetos, ado\u00e7\u00e3o de produtos e sistemas certificados e pela constante inspe\u00e7\u00e3o, comissionamento e manuten\u00e7\u00e3o dos sistemas&#8221;.<\/p>\n<p>A Expo Inc\u00eandio 2025 ser\u00e1 realizada no Transam\u00e9rica Expo Center SP, entre os dias 27 e 29 de agosto. Informa\u00e7\u00f5es e inscri\u00e7\u00f5es pelo site <a href=\"http:\/\/expoincendio.com\/\" target=\"_blank\" rel=\"nofollow\"><b>http:\/\/expoincendio.com<\/b><\/a>.<\/p>\n<p id=\"PURL\"><img loading=\"lazy\" decoding=\"async\" title=\"Cision\" width=\"12\" height=\"12\" alt=\"Cision\" src=\"https:\/\/c212.net\/c\/img\/favicon.png?sn=PT24429&amp;sd=2025-07-07\" \/> View original content:<a id=\"PRNURL\" rel=\"nofollow\" href=\"https:\/\/www.prnewswire.com\/br\/comunicados-para-a-imprensa\/avancos-na-legislacao-e-desafios-na-prevencao-de-sinistros-serao-destaque-da-expo-incendio-2025-302498350.html\" target=\"_blank\">https:\/\/www.prnewswire.com\/br\/comunicados-para-a-imprensa\/avancos-na-legislacao-e-desafios-na-prevencao-de-sinistros-serao-destaque-da-expo-incendio-2025-302498350.html<\/a><\/p>\n<p>FONTE  ABSpk<\/p>\n<\/div>\n<p><img decoding=\"async\" alt=\"\" src=\"https:\/\/rt.prnewswire.com\/rt.gif?NewsItemId=PT24429&amp;Transmission_Id=202507070700PR_NEWS_LATAM____PT24429&amp;DateId=20250707\" style=\"border:0px;width:1px;height:1px\" \/><\/p>\n<p><strong>T\u00f3picos Relacionados:<\/strong> Not\u00edcias de Feiras Comerciais, Seguran\u00e7a P\u00fablica, Varejo, Dom\u00e9stico\/Consumidor\/Cosm\u00e9ticos, Melhorias Dom\u00e9sticas, Not\u00edcias de Interesse P\u00fablico<\/p>\n<p>A <b>OESP<\/b> n\u00e3o \u00e9(s\u00e3o) respons\u00e1vel(is) por erros, incorre\u00e7\u00f5es, atrasos ou quaisquer decis\u00f5es tomadas por seus clientes com base nos Conte\u00fados ora disponibilizados, bem como tais Conte\u00fados n\u00e3o representam a opini\u00e3o da <b>OESP<\/b> e s\u00e3o de inteira responsabilidade da <b>PR Newswire Ltda<\/b><\/p>\n","protected":false},"excerpt":{"rendered":"S\u00c3O PAULO, 7 de julho de 2025 \/PRNewswire\/ &#8212; Avan\u00e7os na legisla\u00e7\u00e3o brasileira e das normas t\u00e9cnicas t\u00eam sido um importante vetor na preven\u00e7\u00e3o de inc\u00eandios e dos impactos desses eventos","protected":false},"author":1,"featured_media":0,"comment_status":"open","ping_status":"closed","sticky":false,"template":"","format":"standard","meta":{"_acf_changed":false,"inline_featured_image":false,"_monsterinsights_skip_tracking":false,"_monsterinsights_sitenote_active":false,"_monsterinsights_sitenote_note":"","_monsterinsights_sitenote_category":0,"footnotes":""},"categories":[27],"tags":[],"class_list":["post-112968","post","type-post","status-publish","format-standard","hentry","category-prnewswire"],"acf":[],"_links":{"self":[{"href":"https:\/\/bluestudio.estadao.com.br\/agencia-de-comunicacao\/wp-json\/wp\/v2\/posts\/112968","targetHints":{"allow":["GET"]}}],"collection":[{"href":"https:\/\/bluestudio.estadao.com.br\/agencia-de-comunicacao\/wp-json\/wp\/v2\/posts"}],"about":[{"href":"https:\/\/bluestudio.estadao.com.br\/agencia-de-comunicacao\/wp-json\/wp\/v2\/types\/post"}],"author":[{"embeddable":true,"href":"https:\/\/bluestudio.estadao.com.br\/agencia-de-comunicacao\/wp-json\/wp\/v2\/users\/1"}],"replies":[{"embeddable":true,"href":"https:\/\/bluestudio.estadao.com.br\/agencia-de-comunicacao\/wp-json\/wp\/v2\/comments?post=112968"}],"version-history":[{"count":0,"href":"https:\/\/bluestudio.estadao.com.br\/agencia-de-comunicacao\/wp-json\/wp\/v2\/posts\/112968\/revisions"}],"wp:attachment":[{"href":"https:\/\/bluestudio.estadao.com.br\/agencia-de-comunicacao\/wp-json\/wp\/v2\/media?parent=112968"}],"wp:term":[{"taxonomy":"category","embeddable":true,"href":"https:\/\/bluestudio.estadao.com.br\/agencia-de-comunicacao\/wp-json\/wp\/v2\/categories?post=112968"},{"taxonomy":"post_tag","embeddable":true,"href":"https:\/\/bluestudio.estadao.com.br\/agencia-de-comunicacao\/wp-json\/wp\/v2\/tags?post=112968"}],"curies":[{"name":"wp","href":"https:\/\/api.w.org\/{rel}","templated":true}]}}