{"id":112899,"date":"2025-07-03T10:12:00","date_gmt":"2025-07-03T13:12:00","guid":{"rendered":"https:\/\/bluestudio.estadao.com.br\/agencia-de-comunicacao\/prnewswire\/parque-das-neblinas-recebe-mais-uma-edicao-do-programa-um-dia-no-parque\/"},"modified":"2025-07-03T10:12:00","modified_gmt":"2025-07-03T13:12:00","slug":"parque-das-neblinas-recebe-mais-uma-edicao-do-programa-um-dia-no-parque","status":"publish","type":"post","link":"https:\/\/bluestudio.estadao.com.br\/agencia-de-comunicacao\/prnewswire\/parque-das-neblinas-recebe-mais-uma-edicao-do-programa-um-dia-no-parque\/","title":{"rendered":"Parque das Neblinas recebe mais uma edi\u00e7\u00e3o do programa Um Dia no Parque"},"content":{"rendered":"<div class=\"xn-content\">\n<p class=\"prntac\"><i>Evento ser\u00e1 realizado em 20 de julho com programa\u00e7\u00e3o especial e atividades imersivas na Mata Atl\u00e2ntica<\/i><\/p>\n<p><span class=\"legendSpanClass\">S\u00c3O PAULO<\/span>, <span class=\"legendSpanClass\">3 de julho de 2025<\/span> \/PRNewswire\/ &#8212; O Parque das Neblinas, reserva ambiental da Suzano gerida pelo Instituto Ecofuturo, sediar\u00e1 no dia 20 de julho, pela quarta vez, a campanha &#8220;Um Dia no Parque&#8221;, promovida pela Coaliz\u00e3o Pr\u00f3-Unidades de Conserva\u00e7\u00e3o da Natureza (Pr\u00f3-UCs). Com o tema &#8220;Protegendo o que nos conecta&#8221;, a a\u00e7\u00e3o celebra o Dia do Amigo, comemorado na mesma data, e os 25 anos do Sistema Nacional de Unidades de Conserva\u00e7\u00e3o (SNUC) ? lei que regulamenta as unidades de conserva\u00e7\u00e3o no Brasil e que foi criada em julho de 2000, motivo pelo qual o Um Dia no Parque acontece neste m\u00eas.<\/p>\n<div class=\"PRN_ImbeddedAssetReference\" id=\"DivAssetPlaceHolder4698\">\n<a href=\"https:\/\/mma.prnewswire.com\/media\/2723788\/Cr_dito_divulga__o2.html\" target=\"_blank\" rel=\"nofollow\"><img decoding=\"async\" src=\"https:\/\/mma.prnewswire.com\/media\/2723788\/Cr_dito_divulga__o2.jpg\" title=\"\" alt=\"\" \/><\/a><\/p>\n<\/div>\n<p>A participa\u00e7\u00e3o do\u00a0Ecofuturo na campanha refor\u00e7a seu compromisso com a promo\u00e7\u00e3o do v\u00ednculo das pessoas com a natureza, por meio de experi\u00eancias ao ar livre que despertam a sensibiliza\u00e7\u00e3o pelas quest\u00f5es ambientais. Al\u00e9m das atividades tradicionais oferecidas na reserva, como trilhas monitoradas e autoguiadas, cicloturismo e canoagem, a programa\u00e7\u00e3o para o dia incluir\u00e1 atividades que promovem a contempla\u00e7\u00e3o, o aprendizado e a conex\u00e3o com o ambiente natural.<\/p>\n<p>A programa\u00e7\u00e3o do dia come\u00e7a a partir das 8h30, com uma acolhida especial no Gaia Caf\u00e9 &amp; Restaurante, que convida os visitantes a desfrutarem de um card\u00e1pio de inverno diferenciado e pratos elaborados com ingredientes nativos da Mata Atl\u00e2ntica, como cambuci e palmeira-ju\u00e7ara. A caminhada leve pela Trilha da Cachoeira convida os participantes a uma experi\u00eancia de contempla\u00e7\u00e3o e escuta sens\u00edvel da floresta, enquanto a Trilha do Inox oferece um roteiro de observa\u00e7\u00e3o da natureza que estimula uma viv\u00eancia imersiva, convidando cada participante a se conectar de forma profunda e intuitiva com o ambiente, por meio da aten\u00e7\u00e3o plena e da express\u00e3o criativa. No meio da trilha, haver\u00e1 uma leitura contemplativa, proporcionando uma pausa sens\u00edvel na floresta.<\/p>\n<p>Pela tarde, no Espa\u00e7o Ing\u00e1, o p\u00fablico poder\u00e1 conhecer o funcionamento de um\u00a0minhoc\u00e1rio e os benef\u00edcios da compostagem com minhocas, al\u00e9m de participar da produ\u00e7\u00e3o de mudas nativas, podendo levar sementes de palmeira-ju\u00e7ara incentivando o plantio e o cuidado com esp\u00e9cies da Mata Atl\u00e2ntica. No Centro de Visitantes, haver\u00e1 demonstra\u00e7\u00e3o de pios, instrumentos que que imitam o canto das aves e animais e auxiliam na observa\u00e7\u00e3o da avifauna local. Durante todo o dia, um espa\u00e7o informativo estar\u00e1 dispon\u00edvel com curiosidades sobre abelhas nativas, cambuci, palmeira-ju\u00e7ara, plantas aliment\u00edcias n\u00e3o convencionais (PANCs) e a hist\u00f3ria do Parque.<\/p>\n<p>Os valores das atividades variam entre <span class=\"xn-money\">R$50<\/span> e <span class=\"xn-money\">R$125<\/span> por pessoa e devem ser contratadas previamente pelo site <a href=\"https:\/\/www.parquedasneblinas.org.br\/\" target=\"_blank\" rel=\"nofollow\">https:\/\/www.parquedasneblinas.org.br\/<\/a>.\u00a0<\/p>\n<p>A Coaliz\u00e3o Pr\u00f3-Unidades de Conserva\u00e7\u00e3o \u00e9 um grupo de institui\u00e7\u00f5es que se prop\u00f5e a congregar empresas e organiza\u00e7\u00f5es da sociedade civil comprometidas com a valoriza\u00e7\u00e3o e a defesa das Unidades de Conserva\u00e7\u00e3o da Natureza. Integram a Coaliz\u00e3o: Rede Pr\u00f3 UC ? Rede Nacional Pr\u00f3 Unidades de Conserva\u00e7\u00e3o, Funda\u00e7\u00e3o SOS Mata Atl\u00e2ntica, Conserva\u00e7\u00e3o Internacional ? CI Brasil, Funda\u00e7\u00e3o Grupo Botic\u00e1rio de Prote\u00e7\u00e3o \u00e0 Natureza, Imaflora ? Instituto de Manejo e Certifica\u00e7\u00e3o Florestal e Agr\u00edcola, FUNBIO ? Fundo Brasileiro para a Biodiversidade, Instituto Semeia, WWF-Brasil, The Nature Conservancy ? TNC Brasil, Imazon ? Instituto do Homem e Meio Ambiente da Amaz\u00f4nia, IP\u00ca ? Instituto de Pesquisas Ecol\u00f3gicas e a UICN-Brasil ? Uni\u00e3o Internacional para a Conserva\u00e7\u00e3o da Natureza.<\/p>\n<p><b>Sobre o Instituto Ecofuturo<\/b>??\u00a0<\/p>\n<p>Organiza\u00e7\u00e3o sem fins lucrativos, fundada em 1999 e mantida pela Suzano, o Instituto Ecofuturo contribui para transformar a sociedade por meio da conserva\u00e7\u00e3o ambiental e promo\u00e7\u00e3o do conhecimento. Conhe\u00e7a mais sobre o Ecofuturo em <a href=\"http:\/\/ecofuturo.org.br\/\" target=\"_blank\" rel=\"nofollow\"><b>ecofuturo.org.br<\/b><\/a>, e acompanhe em <a href=\"http:\/\/facebook.com\/InstitutoEcofuturo\" target=\"_blank\" rel=\"nofollow\">facebook.com\/InstitutoEcofuturo<\/a>, <a href=\"http:\/\/youtube.com\/institutoecofuturo\" target=\"_blank\" rel=\"nofollow\">youtube.com\/institutoecofuturo<\/a>\u00a0e <a href=\"http:\/\/www.instagram.com\/ecofuturo\" target=\"_blank\" rel=\"nofollow\">instagram.com\/ecofuturo<\/a>.??\u00a0<\/p>\n<p><b>Sobre o Parque das Neblinas<\/b>?\u00a0<\/p>\n<p>Reconhecido pelo Programa Homem e Biosfera da UNESCO como Posto Avan\u00e7ado da Reserva da Biosfera da Mata Atl\u00e2ntica, o Parque das Neblinas \u00e9 uma reserva ambiental da Suzano, gerida pelo Ecofuturo, com 7 mil hectares. No local, s\u00e3o desenvolvidas atividades de ecoturismo, pesquisa cient\u00edfica, educa\u00e7\u00e3o ambiental, manejo e restaura\u00e7\u00e3o florestal e participa\u00e7\u00e3o comunit\u00e1ria.?\u00a0<\/p>\n<p>Foto &#8211; <a href=\"https:\/\/mma.prnewswire.com\/media\/2723788\/Cr_dito_divulga__o2.jpg\" target=\"_blank\" rel=\"nofollow\">https:\/\/mma.prnewswire.com\/media\/2723788\/Cr_dito_divulga__o2.jpg<\/a><\/p>\n<div class=\"PRN_ImbeddedAssetReference\" id=\"DivAssetPlaceHolder0\"><\/div>\n<p id=\"PURL\"><img loading=\"lazy\" decoding=\"async\" title=\"Cision\" width=\"12\" height=\"12\" alt=\"Cision\" src=\"https:\/\/c212.net\/c\/img\/favicon.png?sn=PT23179&amp;sd=2025-07-03\" \/> View original content to download multimedia:<a id=\"PRNURL\" rel=\"nofollow\" href=\"https:\/\/www.prnewswire.com\/br\/comunicados-para-a-imprensa\/parque-das-neblinas-recebe-mais-uma-edicao-do-programa-um-dia-no-parque-302496932.html\" target=\"_blank\">https:\/\/www.prnewswire.com\/br\/comunicados-para-a-imprensa\/parque-das-neblinas-recebe-mais-uma-edicao-do-programa-um-dia-no-parque-302496932.html<\/a><\/p>\n<p>FONTE  Ecofuturo<\/p>\n<\/div>\n<p><img decoding=\"async\" alt=\"\" src=\"https:\/\/rt.prnewswire.com\/rt.gif?NewsItemId=PT23179&amp;Transmission_Id=202507030900PR_NEWS_LATAM____PT23179&amp;DateId=20250703\" style=\"border:0px;width:1px;height:1px\" \/><\/p>\n<p><strong>T\u00f3picos Relacionados:<\/strong> Novos Produtos\/Servi\u00e7os, Sem Fins Lucrativos, Eventos Futuros, Conserva\u00e7\u00e3o\/Reciclagem, Produtos e Servi\u00e7os Ambientais<\/p>\n<p>A <b>OESP<\/b> n\u00e3o \u00e9(s\u00e3o) respons\u00e1vel(is) por erros, incorre\u00e7\u00f5es, atrasos ou quaisquer decis\u00f5es tomadas por seus clientes com base nos Conte\u00fados ora disponibilizados, bem como tais Conte\u00fados n\u00e3o representam a opini\u00e3o da <b>OESP<\/b> e s\u00e3o de inteira responsabilidade da <b>PR Newswire Ltda<\/b><\/p>\n","protected":false},"excerpt":{"rendered":"Evento ser\u00e1 realizado em 20 de julho com programa\u00e7\u00e3o especial e atividades imersivas na Mata Atl\u00e2ntica S\u00c3O PAULO, 3 de julho de 2025 \/PRNewswire\/ &#8212; O Parque das Neblinas, reserva ambiental","protected":false},"author":1,"featured_media":0,"comment_status":"open","ping_status":"closed","sticky":false,"template":"","format":"standard","meta":{"_acf_changed":false,"inline_featured_image":false,"_monsterinsights_skip_tracking":false,"_monsterinsights_sitenote_active":false,"_monsterinsights_sitenote_note":"","_monsterinsights_sitenote_category":0,"footnotes":""},"categories":[27],"tags":[],"class_list":["post-112899","post","type-post","status-publish","format-standard","hentry","category-prnewswire"],"acf":[],"_links":{"self":[{"href":"https:\/\/bluestudio.estadao.com.br\/agencia-de-comunicacao\/wp-json\/wp\/v2\/posts\/112899","targetHints":{"allow":["GET"]}}],"collection":[{"href":"https:\/\/bluestudio.estadao.com.br\/agencia-de-comunicacao\/wp-json\/wp\/v2\/posts"}],"about":[{"href":"https:\/\/bluestudio.estadao.com.br\/agencia-de-comunicacao\/wp-json\/wp\/v2\/types\/post"}],"author":[{"embeddable":true,"href":"https:\/\/bluestudio.estadao.com.br\/agencia-de-comunicacao\/wp-json\/wp\/v2\/users\/1"}],"replies":[{"embeddable":true,"href":"https:\/\/bluestudio.estadao.com.br\/agencia-de-comunicacao\/wp-json\/wp\/v2\/comments?post=112899"}],"version-history":[{"count":0,"href":"https:\/\/bluestudio.estadao.com.br\/agencia-de-comunicacao\/wp-json\/wp\/v2\/posts\/112899\/revisions"}],"wp:attachment":[{"href":"https:\/\/bluestudio.estadao.com.br\/agencia-de-comunicacao\/wp-json\/wp\/v2\/media?parent=112899"}],"wp:term":[{"taxonomy":"category","embeddable":true,"href":"https:\/\/bluestudio.estadao.com.br\/agencia-de-comunicacao\/wp-json\/wp\/v2\/categories?post=112899"},{"taxonomy":"post_tag","embeddable":true,"href":"https:\/\/bluestudio.estadao.com.br\/agencia-de-comunicacao\/wp-json\/wp\/v2\/tags?post=112899"}],"curies":[{"name":"wp","href":"https:\/\/api.w.org\/{rel}","templated":true}]}}