{"id":112891,"date":"2025-07-03T10:29:20","date_gmt":"2025-07-03T13:29:20","guid":{"rendered":"https:\/\/bluestudio.estadao.com.br\/agencia-de-comunicacao\/?p=112891"},"modified":"2025-07-03T10:34:21","modified_gmt":"2025-07-03T13:34:21","slug":"senado-debate-papel-do-brasil-na-corrida-global-por-minerais-da-transicao-energetica","status":"publish","type":"post","link":"https:\/\/bluestudio.estadao.com.br\/agencia-de-comunicacao\/agencia-minera-brasil\/senado-debate-papel-do-brasil-na-corrida-global-por-minerais-da-transicao-energetica\/","title":{"rendered":"\u00a0 Senado debate papel do Brasil na corrida global por minerais da transi\u00e7\u00e3o energ\u00e9tica"},"content":{"rendered":"\n<p>Com reservas geol\u00f3gicas estrat\u00e9gicas, pa\u00eds enfrenta o desafio de sair da condi\u00e7\u00e3o de exportador prim\u00e1rio e avan\u00e7ar na industrializa\u00e7\u00e3o de minerais essenciais para a transi\u00e7\u00e3o energ\u00e9tica global<\/p>\n\n\n\n<figure class=\"wp-block-embed is-type-video is-provider-youtube wp-block-embed-youtube wp-embed-aspect-16-9 wp-has-aspect-ratio\"><div class=\"wp-block-embed__wrapper\">\n<iframe loading=\"lazy\" title=\"Senado debate papel do Brasil na corrida global por minerais da transi\u00e7\u00e3o energ\u00e9tica\" width=\"500\" height=\"281\" src=\"https:\/\/www.youtube.com\/embed\/isg37JqvOic?feature=oembed\" frameborder=\"0\" allow=\"accelerometer; autoplay; clipboard-write; encrypted-media; gyroscope; picture-in-picture; web-share\" referrerpolicy=\"strict-origin-when-cross-origin\" allowfullscreen><\/iframe>\n<\/div><\/figure>\n\n\n\n<p>Audi\u00eancia p\u00fablica realizada nesta ter\u00e7a-feira (1\u00ba\/7) na Comiss\u00e3o de Assuntos Econ\u00f4micos (CAE) do Senado reuniu especialistas, representantes do governo, entidades do setor, executivos, academia e parlamentares, que apontaram gargalos e apresentaram propostas para acelerar o desenvolvimento do setor com seguran\u00e7a jur\u00eddica, previsibilidade regulat\u00f3ria e investimentos em mapeamento geol\u00f3gico, infraestrutura e tecnologia.<\/p>\n\n\n\n<p>O debate, conduzido pelo presidente da comiss\u00e3o, senador <strong>Renan Calheiros (MDB-AL)<\/strong>, refor\u00e7ou a urg\u00eancia de consolidar o Brasil como pot\u00eancia global em minerais estrat\u00e9gicos, principalmente nas cadeias produtivas de l\u00edtio, grafita, cobre, ni\u00f3bio e terras-raras.<\/p>\n\n\n\n<p>Renan Calheiros apresentou dados que mostram o peso crescente da minera\u00e7\u00e3o na economia: o setor representou <strong>4,3% do PIB<\/strong> e quase <strong>20% das exporta\u00e7\u00f5es brasileiras<\/strong> em 2023. H\u00e1 <strong>R$ 68 bilh\u00f5es em investimentos previstos<\/strong> entre 2025 e 2029, segundo o Instituto Brasileiro de Minera\u00e7\u00e3o (Ibram).<\/p>\n\n\n\n<p>Por\u00e9m os representantes da ind\u00fastria alertam: \u00e9 preciso garantir estabilidade regulat\u00f3ria e evitar retrocessos tribut\u00e1rios, como os embates recentes em torno da Compensa\u00e7\u00e3o Financeira pela Explora\u00e7\u00e3o Mineral (CFEM) e da inclus\u00e3o do setor no chamado \u201cimposto do pecado\u201d previsto na reforma tribut\u00e1ria.<\/p>\n\n\n\n<p>Segundo o MME, a demanda global por minerais cr\u00edticos pode crescer at\u00e9 <strong>500% at\u00e9 2050<\/strong>, e o Brasil possui condi\u00e7\u00f5es geol\u00f3gicas e industriais de se posicionar como fornecedor-chave na transi\u00e7\u00e3o para energias limpas e descarboniza\u00e7\u00e3o da economia mundial.<\/p>\n\n\n\n<p>\u201cEssa janela de oportunidade exige a\u00e7\u00f5es coordenadas. N\u00e3o basta ter o min\u00e9rio, \u00e9 preciso refinar, transformar e agregar valor aqui dentro\u201d, afirmou Cota, diretor de Transforma\u00e7\u00e3o e Tecnologia Mineral do MME.<\/p>\n\n\n\n<p>A <strong>ANM<\/strong>, por sua vez, alertou para o prazo m\u00e9dio de 10 a 15 anos para viabilizar um novo projeto de minera\u00e7\u00e3o no Brasil, entre a fase de pesquisa, licenciamento e opera\u00e7\u00e3o. A lentid\u00e3o no licenciamento ambiental e a sobreposi\u00e7\u00e3o de compet\u00eancias entre \u00f3rg\u00e3os federais e estaduais foram apontadas por Mauro Sousa, diretor-geral da ag\u00eancia, como entraves centrais.<\/p>\n\n\n\n<p>\u201cSe o poder p\u00fablico n\u00e3o tiver um olhar criterioso, a gente n\u00e3o consegue desenvolver a minera\u00e7\u00e3o de forma adequada\u201d, disse Sousa.<\/p>\n\n\n\n<figure class=\"wp-block-image size-large\"><img loading=\"lazy\" decoding=\"async\" width=\"1024\" height=\"401\" src=\"https:\/\/bluestudio.estadao.com.br\/agencia-de-comunicacao\/wp-content\/uploads\/2025\/07\/foto2-1024x401.jpg\" alt=\"\" class=\"wp-image-112892\" srcset=\"https:\/\/bluestudio.estadao.com.br\/agencia-de-comunicacao\/wp-content\/uploads\/2025\/07\/foto2-1024x401.jpg 1024w, https:\/\/bluestudio.estadao.com.br\/agencia-de-comunicacao\/wp-content\/uploads\/2025\/07\/foto2-300x117.jpg 300w, https:\/\/bluestudio.estadao.com.br\/agencia-de-comunicacao\/wp-content\/uploads\/2025\/07\/foto2-768x301.jpg 768w, https:\/\/bluestudio.estadao.com.br\/agencia-de-comunicacao\/wp-content\/uploads\/2025\/07\/foto2.jpg 1037w\" sizes=\"auto, (max-width: 1024px) 100vw, 1024px\" \/><\/figure>\n\n\n\n<p><strong>Raul Jungmann ressaltou a necessidade de pol\u00edticas p\u00fablicas para incentivar a cadeia produtiva de minerais cr\u00edticos e estrat\u00e9gicos no pa\u00eds&nbsp; <\/strong><strong><\/strong><\/p>\n\n\n\n<p><strong>Setor privado cobra urg\u00eancia e articula\u00e7\u00e3o&nbsp;&nbsp;&nbsp;&nbsp;&nbsp;&nbsp;&nbsp;&nbsp;&nbsp;&nbsp;&nbsp;&nbsp;&nbsp;&nbsp;&nbsp;&nbsp;&nbsp;&nbsp;&nbsp;&nbsp;&nbsp;&nbsp;&nbsp;&nbsp;&nbsp;&nbsp;&nbsp;&nbsp;&nbsp;&nbsp;&nbsp;&nbsp;&nbsp;&nbsp;&nbsp;&nbsp;&nbsp;&nbsp;&nbsp;&nbsp;&nbsp;&nbsp;&nbsp;&nbsp;&nbsp;&nbsp;&nbsp;&nbsp;&nbsp;&nbsp;&nbsp;&nbsp;&nbsp;&nbsp;&nbsp;&nbsp;&nbsp;&nbsp;&nbsp;&nbsp;&nbsp;&nbsp;&nbsp;&nbsp;&nbsp;&nbsp;&nbsp;&nbsp;&nbsp;&nbsp;&nbsp;&nbsp;&nbsp;&nbsp;&nbsp;&nbsp;&nbsp;&nbsp;&nbsp;&nbsp;&nbsp;&nbsp;&nbsp;&nbsp;&nbsp;&nbsp;&nbsp;&nbsp;&nbsp;&nbsp;&nbsp;&nbsp;&nbsp;&nbsp;&nbsp;&nbsp;&nbsp;&nbsp;&nbsp;&nbsp;&nbsp;&nbsp;&nbsp; <\/strong>Odiretor-presidente do Instituto Brasileiro de Minera\u00e7\u00e3o (IBRAM), Raul Jungmann, disse aos senadores que \u00e9 necess\u00e1rio a formula\u00e7\u00e3o de pol\u00edticas p\u00fablicas eficientes voltadas ao desenvolvimento do setor de MCEs no Brasil, com legisla\u00e7\u00f5es e regula\u00e7\u00f5es especificas. <strong><\/strong><\/p>\n\n\n\n<p>Segundo Jungmann os MCEs est\u00e3o na encruzilhada das \u201cpreocupa\u00e7\u00f5es que s\u00e3o absolutamente estrat\u00e9gicas para todos n\u00f3s\u201d, disse citando o exemplo do G7, onde os MCEs s\u00e3o fundamentais para a quest\u00e3o de seguran\u00e7a nacional.<\/p>\n\n\n\n<p>Jungmann comentou ainda a promessa que vem sendo feita pelo Minist\u00e9rio de Minas e Energia, de apresentar no 2\u00ba semestre uma pol\u00edtica p\u00fablica para os MCEs. \u201cEsta pol\u00edtica dever\u00e1, tamb\u00e9m, eliminar gargalos que inibem a minera\u00e7\u00e3o no Brasil, como ampliar a pesquisa geol\u00f3gica, fomentar cr\u00e9dito ao setor, entre outras provid\u00eancias\u2019, disse.<\/p>\n\n\n\n<p>Ana Cabral, CEO da Sigma Lithium disse que pa\u00eds tem oportunidade de \u201couro\u201d para ocupar espa\u00e7o estrat\u00e9gico, principalmente no \u201cmeio da cadeia de baterias\u201d, que envolve o processamento e tem alto valor agregado. Mas que os investidores precisam ter seguran\u00e7a.&nbsp; \u201cN\u00e3o pode haver mudan\u00e7a de regras no meio do jogo.\u201d<\/p>\n\n\n\n<p>Ana Cabral tamb\u00e9m comentou investimentos em novos projetos que o Vale do Jequitinhonha vem recebendo em projetos de l\u00edtio. Ela elogiou a chegada da australiana PLS ao Brasil que adquiriu o projeto Colina, em Salinas, da Latin Resources, transa\u00e7\u00e3o avaliada em aproximadamente US$ 370 milh\u00f5es. \u201cDos US$ 5 bilh\u00f5es investidos no Brasil, a maior parte \u00e9 resultado da atua\u00e7\u00e3o da Sigma e do recente an\u00fancio de investimento da PLS\u201d.<\/p>\n\n\n\n<p><em>Presente na audi\u00eancia, Marisa Cesar, diretora de Assuntos Corporativos e Sustentabilidade da PLS<\/em><strong> <\/strong>destacou a import\u00e2ncia da audi\u00eancia no Senado para o avan\u00e7o institucional do setor.<strong> \u201c<\/strong>\u00c9 mais um passo fundamental. A tem\u00e1tica dos minerais cr\u00edticos tem uma import\u00e2ncia gigantesca, sobretudo quando pensamos na urg\u00eancia de implementar uma pol\u00edtica nacional estruturada para o setor\u201d.<\/p>\n\n\n\n<p>A executiva ressaltou que uma abordagem integrada e previs\u00edvel pode destravar projetos, acelerar investimentos e fortalecer a imagem internacional do Brasil na corrida por minerais estrat\u00e9gicos.<\/p>\n\n\n\n<figure class=\"wp-block-image size-large\"><img loading=\"lazy\" decoding=\"async\" width=\"1024\" height=\"410\" src=\"https:\/\/bluestudio.estadao.com.br\/agencia-de-comunicacao\/wp-content\/uploads\/2025\/07\/foto3-1024x410.jpg\" alt=\"\" class=\"wp-image-112893\" srcset=\"https:\/\/bluestudio.estadao.com.br\/agencia-de-comunicacao\/wp-content\/uploads\/2025\/07\/foto3-1024x410.jpg 1024w, https:\/\/bluestudio.estadao.com.br\/agencia-de-comunicacao\/wp-content\/uploads\/2025\/07\/foto3-300x120.jpg 300w, https:\/\/bluestudio.estadao.com.br\/agencia-de-comunicacao\/wp-content\/uploads\/2025\/07\/foto3-768x307.jpg 768w, https:\/\/bluestudio.estadao.com.br\/agencia-de-comunicacao\/wp-content\/uploads\/2025\/07\/foto3.jpg 1027w\" sizes=\"auto, (max-width: 1024px) 100vw, 1024px\" \/><\/figure>\n\n\n\n<p><em><strong>Marisa Cesar (PLS) L\u00edgia Pinto (Sigma Lithium) e o advogado Federico Bedran<\/strong><\/em><strong><\/strong><\/p>\n\n\n\n<p>Isabel Veloso, coordenadora acad\u00eamica de estudos sobre transi\u00e7\u00e3o energ\u00e9tica na Funda\u00e7\u00e3o Get\u00falio Vargas (FGV), apontou que a demanda global pelos minerais exige um processo ambientalmente sustent\u00e1vel. Segundo ela, o Brasil&nbsp;&nbsp; j\u00e1 atende aos requisitos e, assim, torna-se competitivo.&nbsp;<\/p>\n\n\n\n<p>\u201cEsse \u00e9 um movimento que j\u00e1 se iniciou no Brasil. Existem diversas empresas s\u00e9rias que, mesmo sem ter obriga\u00e7\u00f5es demarcadas nas normas e na regula\u00e7\u00e3o, j\u00e1 implementam pol\u00edticas voltadas para minera\u00e7\u00e3o sustent\u00e1vel. Mas seria adequado o Poder Legislativo tamb\u00e9m pensar em como regular essa quest\u00e3o\u201d.<\/p>\n\n\n\n<p><strong>Relat\u00f3rio com propostas para COP-30<\/strong><strong><\/strong><\/p>\n\n\n\n<p>O consenso entre os debatedores foi claro: o Brasil precisa agir com rapidez para n\u00e3o perder espa\u00e7o no mercado global, hoje dominado por grandes blocos econ\u00f4micos que disputam o controle das cadeias de suprimento dos minerais cr\u00edticos \u2014 em especial a China.<\/p>\n\n\n\n<p>Para isso, ser\u00e1 necess\u00e1rio refor\u00e7ar o or\u00e7amento de \u00f3rg\u00e3os como ANM e SGB, atualmente com recursos limitados, e estabelecer incentivos para verticaliza\u00e7\u00e3o da produ\u00e7\u00e3o, inova\u00e7\u00e3o tecnol\u00f3gica e capacita\u00e7\u00e3o profissional.<\/p>\n\n\n\n<p>A CAE dever\u00e1 consolidar os pontos levantados na audi\u00eancia em um relat\u00f3rio com propostas legislativas e executivas, que deve ser debatido nas pr\u00f3ximas semanas como parte da prepara\u00e7\u00e3o do Brasil para a COP-30, que ocorrer\u00e1 em Bel\u00e9m (PA), em novembro.<\/p>\n\n\n\n<p>A\u00a0<strong>OESP<\/strong>\u00a0n\u00e3o \u00e9(s\u00e3o) respons\u00e1vel(is) por erros, incorre\u00e7\u00f5es, atrasos ou quaisquer decis\u00f5es tomadas por seus clientes com base nos Conte\u00fados ora disponibilizados, bem como tais Conte\u00fados n\u00e3o representam a opini\u00e3o da\u00a0<strong>OESP<\/strong>\u00a0e s\u00e3o de inteira responsabilidade da\u00a0<strong>Ag\u00eancia Minera Brasil<\/strong>.<\/p>\n","protected":false},"excerpt":{"rendered":"Com reservas geol\u00f3gicas estrat\u00e9gicas, pa\u00eds enfrenta o desafio de sair da condi\u00e7\u00e3o de exportador prim\u00e1rio e avan\u00e7ar na industrializa\u00e7\u00e3o de minerais essenciais para a transi\u00e7\u00e3o energ\u00e9tica","protected":false},"author":12,"featured_media":112894,"comment_status":"open","ping_status":"closed","sticky":false,"template":"","format":"standard","meta":{"_acf_changed":false,"inline_featured_image":false,"_monsterinsights_skip_tracking":false,"_monsterinsights_sitenote_active":false,"_monsterinsights_sitenote_note":"","_monsterinsights_sitenote_category":0,"footnotes":""},"categories":[351],"tags":[],"class_list":["post-112891","post","type-post","status-publish","format-standard","has-post-thumbnail","hentry","category-agencia-minera-brasil"],"acf":[],"_links":{"self":[{"href":"https:\/\/bluestudio.estadao.com.br\/agencia-de-comunicacao\/wp-json\/wp\/v2\/posts\/112891","targetHints":{"allow":["GET"]}}],"collection":[{"href":"https:\/\/bluestudio.estadao.com.br\/agencia-de-comunicacao\/wp-json\/wp\/v2\/posts"}],"about":[{"href":"https:\/\/bluestudio.estadao.com.br\/agencia-de-comunicacao\/wp-json\/wp\/v2\/types\/post"}],"author":[{"embeddable":true,"href":"https:\/\/bluestudio.estadao.com.br\/agencia-de-comunicacao\/wp-json\/wp\/v2\/users\/12"}],"replies":[{"embeddable":true,"href":"https:\/\/bluestudio.estadao.com.br\/agencia-de-comunicacao\/wp-json\/wp\/v2\/comments?post=112891"}],"version-history":[{"count":4,"href":"https:\/\/bluestudio.estadao.com.br\/agencia-de-comunicacao\/wp-json\/wp\/v2\/posts\/112891\/revisions"}],"predecessor-version":[{"id":112903,"href":"https:\/\/bluestudio.estadao.com.br\/agencia-de-comunicacao\/wp-json\/wp\/v2\/posts\/112891\/revisions\/112903"}],"wp:featuredmedia":[{"embeddable":true,"href":"https:\/\/bluestudio.estadao.com.br\/agencia-de-comunicacao\/wp-json\/wp\/v2\/media\/112894"}],"wp:attachment":[{"href":"https:\/\/bluestudio.estadao.com.br\/agencia-de-comunicacao\/wp-json\/wp\/v2\/media?parent=112891"}],"wp:term":[{"taxonomy":"category","embeddable":true,"href":"https:\/\/bluestudio.estadao.com.br\/agencia-de-comunicacao\/wp-json\/wp\/v2\/categories?post=112891"},{"taxonomy":"post_tag","embeddable":true,"href":"https:\/\/bluestudio.estadao.com.br\/agencia-de-comunicacao\/wp-json\/wp\/v2\/tags?post=112891"}],"curies":[{"name":"wp","href":"https:\/\/api.w.org\/{rel}","templated":true}]}}