{"id":112826,"date":"2025-07-01T11:27:00","date_gmt":"2025-07-01T14:27:00","guid":{"rendered":"https:\/\/bluestudio.estadao.com.br\/agencia-de-comunicacao\/prnewswire\/objective-anuncia-aquisicao-estrategica-da-eleflow-e-fortalece-atuacao-em-dados-ia\/"},"modified":"2025-07-01T11:27:00","modified_gmt":"2025-07-01T14:27:00","slug":"objective-anuncia-aquisicao-estrategica-da-eleflow-e-fortalece-atuacao-em-dados-ia","status":"publish","type":"post","link":"https:\/\/bluestudio.estadao.com.br\/agencia-de-comunicacao\/prnewswire\/objective-anuncia-aquisicao-estrategica-da-eleflow-e-fortalece-atuacao-em-dados-ia\/","title":{"rendered":"Objective anuncia aquisi\u00e7\u00e3o estrat\u00e9gica da Eleflow e fortalece atua\u00e7\u00e3o em Dados &amp; IA"},"content":{"rendered":"<div class=\"xn-content\">\n<p class=\"prntac\"><i>A expectativa \u00e9 de um crescimento de 25% em 2025, impulsionado pela sinergia t\u00e9cnica entre as equipes e pela crescente demanda por solu\u00e7\u00f5es integradas de dados, automa\u00e7\u00e3o e machine learning<\/i><\/p>\n<div class=\"PRN_ImbeddedAssetReference\" id=\"DivAssetPlaceHolder5994\">\n<a href=\"https:\/\/mma.prnewswire.com\/media\/2722374\/Paulo_Eduardo_Magalh_es_e_Jo_o_Paulo_Miranda_Objective.html\" target=\"_blank\" rel=\"nofollow\"><img decoding=\"async\" src=\"https:\/\/mma.prnewswire.com\/media\/2722374\/Paulo_Eduardo_Magalh_es_e_Jo_o_Paulo_Miranda_Objective.jpg\" title=\"Paulo Eduardo Magalh\u00e3es e Jo\u00e3o Paulo Miranda.\" alt=\"Paulo Eduardo Magalh\u00e3es e Jo\u00e3o Paulo Miranda.\" \/><\/a><\/p>\n<\/div>\n<p><span class=\"legendSpanClass\">S\u00c3O PAULO<\/span>, <span class=\"legendSpanClass\">1 de julho de 2025<\/span> \/PRNewswire\/ &#8212; A Objective, multinacional brasileira especializada em experi\u00eancias digitais e transforma\u00e7\u00e3o de neg\u00f3cios, anuncia aquisi\u00e7\u00e3o estrat\u00e9gica da Eleflow, empresa especializada em projetos de dados e intelig\u00eancia artificial. Com a integra\u00e7\u00e3o, a Eleflow passa a operar como uma unidade de neg\u00f3cios especializada em Dados &amp; IA, consolidando a oferta da Objective em solu\u00e7\u00f5es ponta a ponta ? da estrat\u00e9gia \u00e0 execu\u00e7\u00e3o ? com foco em dados, machine learning e IA generativa.<\/p>\n<p>Com a nova estrutura, Paulo Eduardo Magalh\u00e3es, fundador da Eleflow, passa a fazer parte do quadro societ\u00e1rio da Objective na fun\u00e7\u00e3o de COO de Dados &amp; IA, mantendo-se \u00e0 frente da opera\u00e7\u00e3o especializada. A lideran\u00e7a executiva tamb\u00e9m conta com Jo\u00e3o <span class=\"xn-person\">Paulo Miranda<\/span> como CEO das marcas Objective e Eleflow, <span class=\"xn-person\">Jorge Sellmer<\/span> como CRO, <span class=\"xn-person\">Leandro Saran<\/span> como COO de Consultoria, Design e Desenvolvimento, e <span class=\"xn-person\">Ramon Tramontini<\/span> como COO de <span class=\"xn-person\">Mercado Internacional<\/span>.<\/p>\n<p>&#8220;Esta uni\u00e3o \u00e9 uma resposta ao cen\u00e1rio atual, em que IA sem dados n\u00e3o entrega, e dados sem a\u00e7\u00e3o n\u00e3o transformam. Combinamos o melhor dos dois mundos para oferecer uma jornada completa: do dado bruto \u00e0 decis\u00e3o estrat\u00e9gica, da IA experimental \u00e0 automa\u00e7\u00e3o escal\u00e1vel e segura&#8221;, afirma Jo\u00e3o <span class=\"xn-person\">Paulo Miranda<\/span>, CEO da Objective.<\/p>\n<p>A expectativa \u00e9 de um crescimento de 25% em 2025, impulsionado pela sinergia t\u00e9cnica entre as equipes e pela crescente demanda por solu\u00e7\u00f5es integradas de dados, automa\u00e7\u00e3o e machine learning. A Objective \u00e9 reconhecida entre as 8 melhores empresas de desenvolvimento \u00e1gil no Brasil pelo ISG Providers Lens e apresenta NPS m\u00e9dio entre 9 e 10 nos projetos conduzidos pela Eleflow. A opera\u00e7\u00e3o cria um ecossistema completo de transforma\u00e7\u00e3o digital com 600 colaboradores e 40 anos de experi\u00eancia combinada.<\/p>\n<p>A opera\u00e7\u00e3o re\u00fane 30 anos de experi\u00eancia da Objective em transforma\u00e7\u00e3o digital com mais de 10 anos de expertise da Eleflow em dados e intelig\u00eancia artificial, criando um ecossistema com 600 colaboradores e <i>cases<\/i> comprovados de inova\u00e7\u00e3o e impacto real. Entre os resultados obtidos pela Eleflow, destacam-se:<\/p>\n<ul type=\"disc\">\n<li><b>90% das cria\u00e7\u00f5es de vagas e pedidos de f\u00e9rias automatizados<\/b> por agente de IA generativa em uma operadora de telecomunica\u00e7\u00f5es;\n<\/li>\n<li><b>70% de melhoria na precis\u00e3o operacional<\/b> com machine learning para manuten\u00e7\u00e3o preditiva de caixas eletr\u00f4nicos (ATMs);\n<\/li>\n<li><b>40% de reten\u00e7\u00e3o de clientes em risco de cancelamento<\/b>, com modelos preditivos de churn;\n<\/li>\n<li><b>90% de acur\u00e1cia na preven\u00e7\u00e3o de fraudes<\/b>, reduzindo a an\u00e1lise manual de 15% para 5%;\n<\/li>\n<li><b>38% de redu\u00e7\u00e3o de custos<\/b> em uma fintech, com reestrutura\u00e7\u00e3o da arquitetura de dados;\n<\/li>\n<li><b>87,5% de ganho de efici\u00eancia<\/b> no tempo de gera\u00e7\u00e3o de relat\u00f3rios (de 4 horas para 30 minutos) para uma farmac\u00eautica multinacional.<\/li>\n<\/ul>\n<p>As duas marcas continuar\u00e3o ativas no mercado, com a Eleflow sendo apresentada como &#8220;An Objective Company&#8221;. A base de clientes atende a m\u00faltiplos setores e inclui organiza\u00e7\u00f5es como Ebanx, <span class=\"xn-location\">Zurich<\/span>, SulAm\u00e9rica, Equifax, MSD, AstraZeneca, DHL, Minerva Foods, Globo, ArcelorMittal e Bauducco.<\/p>\n<p>Foto &#8211; <a href=\"https:\/\/mma.prnewswire.com\/media\/2722374\/Paulo_Eduardo_Magalh_es_e_Jo_o_Paulo_Miranda_Objective.jpg\" target=\"_blank\" rel=\"nofollow\">https:\/\/mma.prnewswire.com\/media\/2722374\/Paulo_Eduardo_Magalh_es_e_Jo_o_Paulo_Miranda_Objective.jpg<\/a><\/p>\n<div class=\"PRN_ImbeddedAssetReference\" id=\"DivAssetPlaceHolder0\"><\/div>\n<p id=\"PURL\"><img loading=\"lazy\" decoding=\"async\" title=\"Cision\" width=\"12\" height=\"12\" alt=\"Cision\" src=\"https:\/\/c212.net\/c\/img\/favicon.png?sn=PT21817&amp;sd=2025-07-01\" \/> View original content to download multimedia:<a id=\"PRNURL\" rel=\"nofollow\" href=\"https:\/\/www.prnewswire.com\/br\/comunicados-para-a-imprensa\/objective-anuncia-aquisicao-estrategica-da-eleflow-e-fortalece-atuacao-em-dados--ia-302495791.html\" target=\"_blank\">https:\/\/www.prnewswire.com\/br\/comunicados-para-a-imprensa\/objective-anuncia-aquisicao-estrategica-da-eleflow-e-fortalece-atuacao-em-dados&#8211;ia-302495791.html<\/a><\/p>\n<p>FONTE  Objective<\/p>\n<\/div>\n<p><img decoding=\"async\" alt=\"\" src=\"https:\/\/rt.prnewswire.com\/rt.gif?NewsItemId=PT21817&amp;Transmission_Id=202507011000PR_NEWS_LATAM____PT21817&amp;DateId=20250701\" style=\"border:0px;width:1px;height:1px\" \/><\/p>\n<p><strong>T\u00f3picos Relacionados:<\/strong> Pesquisa, Enquetes e Estudos, Aquisi\u00e7\u00f5es, Fus\u00f5es, Incorpora\u00e7\u00f5es, Tecnologia de Internet, Intelig\u00eancia Artificial<\/p>\n<p>A <b>OESP<\/b> n\u00e3o \u00e9(s\u00e3o) respons\u00e1vel(is) por erros, incorre\u00e7\u00f5es, atrasos ou quaisquer decis\u00f5es tomadas por seus clientes com base nos Conte\u00fados ora disponibilizados, bem como tais Conte\u00fados n\u00e3o representam a opini\u00e3o da <b>OESP<\/b> e s\u00e3o de inteira responsabilidade da <b>PR Newswire Ltda<\/b><\/p>\n","protected":false},"excerpt":{"rendered":"A expectativa \u00e9 de um crescimento de 25% em 2025, impulsionado pela sinergia t\u00e9cnica entre as equipes e pela crescente demanda por solu\u00e7\u00f5es integradas de dados, automa\u00e7\u00e3o e machine learning S\u00c3O","protected":false},"author":1,"featured_media":0,"comment_status":"open","ping_status":"closed","sticky":false,"template":"","format":"standard","meta":{"_acf_changed":false,"inline_featured_image":false,"_monsterinsights_skip_tracking":false,"_monsterinsights_sitenote_active":false,"_monsterinsights_sitenote_note":"","_monsterinsights_sitenote_category":0,"footnotes":""},"categories":[27],"tags":[],"class_list":["post-112826","post","type-post","status-publish","format-standard","hentry","category-prnewswire"],"acf":[],"_links":{"self":[{"href":"https:\/\/bluestudio.estadao.com.br\/agencia-de-comunicacao\/wp-json\/wp\/v2\/posts\/112826","targetHints":{"allow":["GET"]}}],"collection":[{"href":"https:\/\/bluestudio.estadao.com.br\/agencia-de-comunicacao\/wp-json\/wp\/v2\/posts"}],"about":[{"href":"https:\/\/bluestudio.estadao.com.br\/agencia-de-comunicacao\/wp-json\/wp\/v2\/types\/post"}],"author":[{"embeddable":true,"href":"https:\/\/bluestudio.estadao.com.br\/agencia-de-comunicacao\/wp-json\/wp\/v2\/users\/1"}],"replies":[{"embeddable":true,"href":"https:\/\/bluestudio.estadao.com.br\/agencia-de-comunicacao\/wp-json\/wp\/v2\/comments?post=112826"}],"version-history":[{"count":0,"href":"https:\/\/bluestudio.estadao.com.br\/agencia-de-comunicacao\/wp-json\/wp\/v2\/posts\/112826\/revisions"}],"wp:attachment":[{"href":"https:\/\/bluestudio.estadao.com.br\/agencia-de-comunicacao\/wp-json\/wp\/v2\/media?parent=112826"}],"wp:term":[{"taxonomy":"category","embeddable":true,"href":"https:\/\/bluestudio.estadao.com.br\/agencia-de-comunicacao\/wp-json\/wp\/v2\/categories?post=112826"},{"taxonomy":"post_tag","embeddable":true,"href":"https:\/\/bluestudio.estadao.com.br\/agencia-de-comunicacao\/wp-json\/wp\/v2\/tags?post=112826"}],"curies":[{"name":"wp","href":"https:\/\/api.w.org\/{rel}","templated":true}]}}