{"id":112783,"date":"2025-06-30T15:42:00","date_gmt":"2025-06-30T18:42:00","guid":{"rendered":"https:\/\/bluestudio.estadao.com.br\/agencia-de-comunicacao\/prnewswire\/fiserv-quer-impulsionar-o-varejo-com-lancamento-da-franquia-fisica-da-clover\/"},"modified":"2025-06-30T15:42:00","modified_gmt":"2025-06-30T18:42:00","slug":"fiserv-quer-impulsionar-o-varejo-com-lancamento-da-franquia-fisica-da-clover","status":"publish","type":"post","link":"https:\/\/bluestudio.estadao.com.br\/agencia-de-comunicacao\/prnewswire\/fiserv-quer-impulsionar-o-varejo-com-lancamento-da-franquia-fisica-da-clover\/","title":{"rendered":"Fiserv quer impulsionar o varejo com lan\u00e7amento da franquia f\u00edsica da Clover"},"content":{"rendered":"<div class=\"xn-content\">\n<div class=\"PRN_ImbeddedAssetReference\" id=\"DivAssetPlaceHolder3202\">\n<a href=\"https:\/\/mma.prnewswire.com\/media\/2722207\/Fiserv.html\" target=\"_blank\" rel=\"nofollow\"><img decoding=\"async\" src=\"https:\/\/mma.prnewswire.com\/media\/2722207\/Fiserv.jpg\" title=\"\" alt=\"\" \/><\/a><\/p>\n<\/div>\n<p><span class=\"legendSpanClass\">S\u00c3O PAULO<\/span>, <span class=\"legendSpanClass\">30 de junho de 2025<\/span> \/PRNewswire\/ &#8212; A <u><a href=\"https:\/\/urldefense.com\/v3\/__https:\/www.fiserv.com.br\/__;!!P9vvK-4S!iD0OQFE7YSpR-bE7bxFiZPO2it8FxcvBjXB02WxfWs-0bVtmskR8yhm0gU9oMD1s0iL9xVc0QBCR0dSPzum_vTMq3CajktD8iuemnYg$\" target=\"_blank\" rel=\"nofollow\">Fiserv<\/a><\/u> apresentou durante a ABF Franchising Expo a <b><span class=\"xn-person\">Loja Clover<\/span><\/b>, novo modelo de franquia f\u00edsica para a oferta da inovadora plataforma de pagamentos e gest\u00e3o de neg\u00f3cios, criada para apoiar o crescimento de empresas de todos os tamanhos. No estande da <span class=\"xn-person\">Loja Clover<\/span>, os visitantes puderam conhecer, na pr\u00e1tica, como funciona a solu\u00e7\u00e3o intuitiva, que conta conta com automa\u00e7\u00f5es dos principais desenvolvedores de software do mercado, para concilia\u00e7\u00e3o facilitada de vendas (inclusive em dinheiro e no Pix), gest\u00e3o de colaboradores, administra\u00e7\u00e3o do neg\u00f3cio e suporte remoto &#8211; desde a demonstra\u00e7\u00e3o pr\u00e1tica das solu\u00e7\u00f5es at\u00e9 o suporte p\u00f3s-venda.<\/p>\n<p>O modelo inovador de franquia da <span class=\"xn-person\">Loja Clover<\/span> tem como objetivo oferecer um espa\u00e7o de consultoria com experimenta\u00e7\u00e3o, na qual o varejista possa identificar as melhores solu\u00e7\u00f5es para suas necessidades de neg\u00f3cio, bem como entender os recursos dispon\u00edveis capazes de alavancar sua opera\u00e7\u00e3o enquanto ele se dedica ao que importa mais: aumentar as vendas e gerar receita. Al\u00e9m disso, o modelo f\u00edsico de comercializa\u00e7\u00e3o da Clover amplia a capilaridade da plataforma em territ\u00f3rio nacional, conectando varejistas locais a franqueados que j\u00e1 possuem experi\u00eancia e profundo conhecimento do mercado regional, o que fortalece o relacionamento e a confian\u00e7a na ado\u00e7\u00e3o de novas tecnologias e funciona ainda como base estrat\u00e9gica para o suporte log\u00edstico e comercial. <\/p>\n<p>Com a <span class=\"xn-person\">Loja Clover<\/span>, os franqueados da Fiserv tamb\u00e9m podem integrar a oferta de solu\u00e7\u00f5es Pix, Transfer\u00eancia Eletr\u00f4nica de Fundos (SiTef) e e-commerce da Fiserv, al\u00e9m da Clover Capital, solu\u00e7\u00e3o de capital de giro que apoia o crescimento sustent\u00e1vel dos neg\u00f3cios de forma r\u00e1pida e simplificada.<\/p>\n<p>A primeira unidade ser\u00e1 inaugurada j\u00e1 no segundo semestre de 2025 no Esp\u00edrito Santo, com foco na regionaliza\u00e7\u00e3o\u00a0dos servi\u00e7os financeiros e expans\u00e3o da atua\u00e7\u00e3o em mais de 20 mil estabelecimentos comerciais. Com essa estrat\u00e9gia, a Fiserv refor\u00e7a seu compromisso em aproximar a tecnologia de pagamento dos pequenos e m\u00e9dios neg\u00f3cios brasileiros, fomentando o desenvolvimento do varejo regional.<\/p>\n<p>Foto &#8211; <a href=\"https:\/\/mma.prnewswire.com\/media\/2722207\/Fiserv.jpg\" target=\"_blank\" rel=\"nofollow\">https:\/\/mma.prnewswire.com\/media\/2722207\/Fiserv.jpg<\/a>\u00a0<\/p>\n<div class=\"PRN_ImbeddedAssetReference\" id=\"DivAssetPlaceHolder0\"><\/div>\n<p id=\"PURL\"><img loading=\"lazy\" decoding=\"async\" title=\"Cision\" width=\"12\" height=\"12\" alt=\"Cision\" src=\"https:\/\/c212.net\/c\/img\/favicon.png?sn=PT21525&amp;sd=2025-06-30\" \/> View original content to download multimedia:<a id=\"PRNURL\" rel=\"nofollow\" href=\"https:\/\/www.prnewswire.com\/br\/comunicados-para-a-imprensa\/fiserv-quer-impulsionar-o-varejo-com-lancamento-da-franquia-fisica-da-clover-302494784.html\" target=\"_blank\">https:\/\/www.prnewswire.com\/br\/comunicados-para-a-imprensa\/fiserv-quer-impulsionar-o-varejo-com-lancamento-da-franquia-fisica-da-clover-302494784.html<\/a><\/p>\n<p>FONTE  Fiserv<\/p>\n<\/div>\n<p><img decoding=\"async\" alt=\"\" src=\"https:\/\/rt.prnewswire.com\/rt.gif?NewsItemId=PT21525&amp;Transmission_Id=202506301431PR_NEWS_LATAM____PT21525&amp;DateId=20250630\" style=\"border:0px;width:1px;height:1px\" \/><\/p>\n<p><strong>T\u00f3picos Relacionados:<\/strong> Not\u00edcias de Feiras Comerciais, Servi\u00e7os para Pequenas Empresas, Tecnologia Financeira, Computador\/Eletr\u00f4nica, Servi\u00e7os Banc\u00e1rios\/Financeiros<\/p>\n<p>A <b>OESP<\/b> n\u00e3o \u00e9(s\u00e3o) respons\u00e1vel(is) por erros, incorre\u00e7\u00f5es, atrasos ou quaisquer decis\u00f5es tomadas por seus clientes com base nos Conte\u00fados ora disponibilizados, bem como tais Conte\u00fados n\u00e3o representam a opini\u00e3o da <b>OESP<\/b> e s\u00e3o de inteira responsabilidade da <b>PR Newswire Ltda<\/b><\/p>\n","protected":false},"excerpt":{"rendered":"S\u00c3O PAULO, 30 de junho de 2025 \/PRNewswire\/ &#8212; A Fiserv apresentou durante a ABF Franchising Expo a Loja Clover, novo modelo de franquia f\u00edsica para a oferta da inovadora plataforma de","protected":false},"author":1,"featured_media":0,"comment_status":"open","ping_status":"closed","sticky":false,"template":"","format":"standard","meta":{"_acf_changed":false,"inline_featured_image":false,"_monsterinsights_skip_tracking":false,"_monsterinsights_sitenote_active":false,"_monsterinsights_sitenote_note":"","_monsterinsights_sitenote_category":0,"footnotes":""},"categories":[27],"tags":[],"class_list":["post-112783","post","type-post","status-publish","format-standard","hentry","category-prnewswire"],"acf":[],"_links":{"self":[{"href":"https:\/\/bluestudio.estadao.com.br\/agencia-de-comunicacao\/wp-json\/wp\/v2\/posts\/112783","targetHints":{"allow":["GET"]}}],"collection":[{"href":"https:\/\/bluestudio.estadao.com.br\/agencia-de-comunicacao\/wp-json\/wp\/v2\/posts"}],"about":[{"href":"https:\/\/bluestudio.estadao.com.br\/agencia-de-comunicacao\/wp-json\/wp\/v2\/types\/post"}],"author":[{"embeddable":true,"href":"https:\/\/bluestudio.estadao.com.br\/agencia-de-comunicacao\/wp-json\/wp\/v2\/users\/1"}],"replies":[{"embeddable":true,"href":"https:\/\/bluestudio.estadao.com.br\/agencia-de-comunicacao\/wp-json\/wp\/v2\/comments?post=112783"}],"version-history":[{"count":0,"href":"https:\/\/bluestudio.estadao.com.br\/agencia-de-comunicacao\/wp-json\/wp\/v2\/posts\/112783\/revisions"}],"wp:attachment":[{"href":"https:\/\/bluestudio.estadao.com.br\/agencia-de-comunicacao\/wp-json\/wp\/v2\/media?parent=112783"}],"wp:term":[{"taxonomy":"category","embeddable":true,"href":"https:\/\/bluestudio.estadao.com.br\/agencia-de-comunicacao\/wp-json\/wp\/v2\/categories?post=112783"},{"taxonomy":"post_tag","embeddable":true,"href":"https:\/\/bluestudio.estadao.com.br\/agencia-de-comunicacao\/wp-json\/wp\/v2\/tags?post=112783"}],"curies":[{"name":"wp","href":"https:\/\/api.w.org\/{rel}","templated":true}]}}