{"id":112591,"date":"2025-06-25T15:42:00","date_gmt":"2025-06-25T18:42:00","guid":{"rendered":"https:\/\/bluestudio.estadao.com.br\/agencia-de-comunicacao\/prnewswire\/gartner-preve-que-75-dos-conteudos-de-analytics-usarao-genai-para-inteligencia-contextual-aprimorada-ate-2027\/"},"modified":"2025-06-25T15:42:00","modified_gmt":"2025-06-25T18:42:00","slug":"gartner-preve-que-75-dos-conteudos-de-analytics-usarao-genai-para-inteligencia-contextual-aprimorada-ate-2027","status":"publish","type":"post","link":"https:\/\/bluestudio.estadao.com.br\/agencia-de-comunicacao\/prnewswire\/gartner-preve-que-75-dos-conteudos-de-analytics-usarao-genai-para-inteligencia-contextual-aprimorada-ate-2027\/","title":{"rendered":"Gartner prev\u00ea que 75% dos conte\u00fados de analytics usar\u00e3o GenAI para intelig\u00eancia contextual aprimorada at\u00e9 2027"},"content":{"rendered":"<div class=\"xn-content\">\n<p class=\"prntac\"><i>Analytics impulsionado por GenAI se tornar\u00e1 perceptivo e adaptativo<\/i><\/p>\n<p><span class=\"legendSpanClass\">S\u00c3O PAULO<\/span>, <span class=\"legendSpanClass\">25 de junho de 2025<\/span> \/PRNewswire\/ &#8212; Setenta e cinco por cento dos novos conte\u00fados de\u00a0<i>analytics<\/i> ser\u00e3o contextualizados para aplica\u00e7\u00f5es inteligentes por meio de <a href=\"https:\/\/www.gartner.com\/en\/newsroom\/press-releases\/2025-03-31-gartner-forecasts-worldwide-genai-spending-to-reach-644-billion-in-2025\" target=\"_blank\" rel=\"nofollow\">Intelig\u00eancia Artificial Generativa<\/a> (GenAI) at\u00e9 2027, permitindo uma conex\u00e3o combin\u00e1vel entre insights e a\u00e7\u00f5es, de acordo com o <a href=\"https:\/\/www.gartner.com\/\" target=\"_blank\" rel=\"nofollow\"><b>Gartner, Inc<\/b><\/a>.<\/p>\n<p>&#8220;Estamos passando de uma era em que as ferramentas de an\u00e1lise ajudavam profissionais de neg\u00f3cios a tomar decis\u00f5es, para um futuro em que <i>analytics<\/i> impulsionado por <a href=\"https:\/\/www.gartner.com\/en\/insights\/generative-ai-for-business\" target=\"_blank\" rel=\"nofollow\">GenAI<\/a>\u00a0se tornar\u00e1 perceptivo e adaptativo. Isso possibilitar\u00e1 decis\u00f5es din\u00e2micas e aut\u00f4nomas que t\u00eam o potencial de transformar software corporativo e de consumo, processos de neg\u00f3cios e modelos operacionais&#8221;, diz <a href=\"https:\/\/www.gartner.com\/en\/experts\/georgia-ocallaghan\" target=\"_blank\" rel=\"nofollow\"><span class=\"xn-person\">Georgia O&#8217;Callaghan<\/span><\/a>, Diretora Analista do Gartner.<\/p>\n<p>Uma pesquisa do Gartner com 403 l\u00edderes de analytics ou Intelig\u00eancia Artificial (IA), realizada entre outubro e dezembro de 2024, revelou que mais de 50% relatam que suas empresas usam ferramentas de IA para <i>insights<\/i> automatizados e consultas em linguagem natural (Gera\u00e7\u00e3o de Linguagem Natural &#8211; NLG) para analytics ou <a href=\"https:\/\/www.gartner.com\/en\/newsroom\/press-releases\/2025-03-03-gartner-identifies-three-areas-to-help-data-and-analytics-leaders-scale-ai\" target=\"_blank\" rel=\"nofollow\">desenvolvimento de Intelig\u00eancia Artificial<\/a>. Mesmo com esses recursos, a natureza est\u00e1tica do <i>analytics<\/i> atual muitas vezes n\u00e3o consegue entregar resultados verdadeiramente din\u00e2micos e automatizados.<\/p>\n<p>O Gartner prev\u00ea que os recursos de <i>augmented analytics<\/i> evoluir\u00e3o para plataformas de <i>analytics<\/i> aut\u00f4nomas at\u00e9 2027, que gerenciar\u00e3o e executar\u00e3o totalmente 20% dos processos de neg\u00f3cios. O futuro perceptivo do <i>analytics<\/i> proporcionar\u00e1 benef\u00edcios por ser proativo, colaborativo, conectado, contextual e cont\u00ednuo.<\/p>\n<div class=\"PRN_ImbeddedAssetReference\" id=\"DivAssetPlaceHolder6818\">\n<a href=\"https:\/\/mma.prnewswire.com\/media\/2718953\/Analytics_perceptivo_impulsionado_por_IA.html\" target=\"_blank\" rel=\"nofollow\"><img decoding=\"async\" src=\"https:\/\/mma.prnewswire.com\/media\/2718953\/Analytics_perceptivo_impulsionado_por_IA.jpg\" title=\"\" alt=\"\" \/><\/a><\/p>\n<\/div>\n<p>&#8220;O analytics perceptivo usar\u00e1 agentes de IA e outras tecnologias impulsionadas pela GenAI para monitorar continuamente as condi\u00e7\u00f5es em evolu\u00e7\u00e3o e perceber o ambiente-alvo, como mudan\u00e7as no mercado e no comportamento do cliente ou interrup\u00e7\u00f5es na cadeia de suprimentos&#8221;, diz O&#8217;Callaghan.<\/p>\n<p>&#8220;A orienta\u00e7\u00e3o e a an\u00e1lise podem ent\u00e3o ser ajustadas de forma aut\u00f4noma em resposta, criando uma infraestrutura anal\u00edtica mais resiliente e responsiva. \u00c0 medida que esses recursos surgem e s\u00e3o adotados pelas empresas, seu potencial para remodelar as opera\u00e7\u00f5es de neg\u00f3cios e impulsionar o crescimento s\u00f3 tende a se expandir.&#8221;<\/p>\n<p><b>Risco abrangente do analytics perceptivo<\/b><\/p>\n<p>De acordo com a pesquisa do Gartner, o risco abrangente que se aplica ao <i>analytics<\/i> perceptivo \u00e9 a depend\u00eancia excessiva de a\u00e7\u00f5es aut\u00f4nomas sem valida\u00e7\u00e3o suficiente, o que pode resultar em consequ\u00eancias negativas n\u00e3o intencionais, danos \u00e0 reputa\u00e7\u00e3o e escrut\u00ednio regulat\u00f3rio.<\/p>\n<p>O risco de &#8220;desvio de agente&#8221; \u00e9 uma preocupa\u00e7\u00e3o s\u00e9ria, em que as percep\u00e7\u00f5es e a\u00e7\u00f5es de um sistema se desviam gradualmente dos resultados desejados devido \u00e0 evolu\u00e7\u00e3o dos dados ou a intera\u00e7\u00f5es imprevistas. O Gartner afirma que os agentes guardi\u00f5es est\u00e3o surgindo para lidar com esse problema inerente aos sistemas de IA. Esses agentes monitoram e aplicam especificamente pol\u00edticas e regras para garantir que os sistemas operem dentro de um conjunto de barreiras de prote\u00e7\u00e3o&#8221;.<\/p>\n<p>&#8220;A cria\u00e7\u00e3o de agentes guardi\u00f5es precisar\u00e1 ser um ponto focal importante das novas iniciativas de governan\u00e7a para os l\u00edderes de <a href=\"https:\/\/www.gartner.com\/en\/data-analytics\/topics\/data-analytics-strategy\" target=\"_blank\" rel=\"nofollow\">Data &amp; Analytics<\/a> (D&amp;A), \u00e0 medida que o <a href=\"https:\/\/www.gartner.com\/en\/newsroom\/press-releases\/2025-03-05-gartner-identifies-top-trends-in-data-and-analytics-for-2025\" target=\"_blank\" rel=\"nofollow\">analytics<\/a>\u00a0ag\u00eantico e perceptivo se tornarem a forma padr\u00e3o de fornecimento de <i>insights<\/i> em todas as plataformas&#8221;, complementa O&#8217;Callaghan.<\/p>\n<p>\u00a0Temas como esse e outros que exploram o cen\u00e1rio em evolu\u00e7\u00e3o de riscos e estrat\u00e9gias, al\u00e9m de <i>insights<\/i> pr\u00e1ticos sobre como lidar com os desafios de ambientes cibern\u00e9ticos cada vez mais complexos ser\u00e3o destaque na <a href=\"https:\/\/www.gartner.com\/pt-br\/conferences\/la\/security-risk-management-brazil\" target=\"_blank\" rel=\"nofollow\"><b>Confer\u00eancia<\/b>\u00a0<b>Gartner Seguran\u00e7a &amp; Gest\u00e3o de Risco<\/b><\/a>, que ser\u00e1 realizada nos dias 05 e 06 de agosto, em S\u00e3o Paulo. Mais informa\u00e7\u00f5es est\u00e3o dispon\u00edveis em: <a href=\"https:\/\/www.gartner.com\/pt-br\/conferences\/la\/security-risk-management-brazil\" target=\"_blank\" rel=\"nofollow\">https:\/\/www.gartner.com\/pt-br\/conferences\/la\/security-risk-management-brazil<\/a>????\u00a0<\/p>\n<p>Os clientes do Gartner podem ler mais em &#8220;<a href=\"https:\/\/www.gartner.com\/document-reader\/document\/6538702\" target=\"_blank\" rel=\"nofollow\">Perception is the New Superpower for the Future of Analytics and BI<\/a>&#8220;. Informa\u00e7\u00f5es adicionais est\u00e3o dispon\u00edveis no webinar gratuito do Gartner &#8220;<a href=\"https:\/\/www.gartner.com\/en\/webinar\/718038\/1610594\" target=\"_blank\" rel=\"nofollow\">The Gartner Top Data &amp; Analytics Predictions for 2025<\/a>&#8220;.<\/p>\n<p><b>Sobre a Confer\u00eancia Gartner Seguran\u00e7a &amp; Gest\u00e3o de Risco?<\/b>?\u00a0<\/p>\n<p>Os analistas do Gartner apresentar\u00e3o as \u00faltimas pesquisas e conselhos para os l\u00edderes de seguran\u00e7a e gest\u00e3o de riscos durante a Confer\u00eancia Seguran\u00e7a &amp; Gest\u00e3o de Risco, que ser\u00e1 realizada de 23 a 25 de julho em <a href=\"https:\/\/www.gartner.com\/en\/conferences\/apac\/security-risk-management-japan\" target=\"_blank\" rel=\"nofollow\">T\u00f3quio<\/a>\u00a0(Jap\u00e3o), em 5 e 6 de agosto em <a href=\"https:\/\/www.gartner.com\/en\/conferences\/la\/security-risk-management-brazil\" target=\"_blank\" rel=\"nofollow\">S\u00e3o Paulo<\/a>\u00a0(Brasil) e de 22 a 24 de setembro em <a href=\"https:\/\/www.gartner.com\/en\/conferences\/emea\/security-risk-management-uk\" target=\"_blank\" rel=\"nofollow\">Londres<\/a>\u00a0(Reino Unido). Acompanhe as not\u00edcias e atualiza\u00e7\u00f5es das confer\u00eancias no X usando <a href=\"https:\/\/twitter.com\/search?q=%23GartnerSEC&amp;src=typd\" target=\"_blank\" rel=\"nofollow\">#GartnerSEC<\/a>.???\u00a0<\/p>\n<p><b>Sobre o Gartner for Data &amp; Analytics Leaders\u00a0<\/b><\/p>\n<p>O Gartner <i>for Data &amp; Analytics Leaders<\/i> fornece insights objetivos e pr\u00e1ticos para CDAOs e l\u00edderes de Data &amp; Analytics, ajudando-os a acelerar sua estrat\u00e9gia e modelo operacional de D&amp;A para aumentar o valor dos neg\u00f3cios. Informa\u00e7\u00f5es adicionais est\u00e3o dispon\u00edveis em <a href=\"https:\/\/www.gartner.com\/en\/data-analytics\" target=\"_blank\" rel=\"nofollow\">https:\/\/www.gartner.com\/en\/data-analytics<\/a>. Acompanhe as not\u00edcias e atualiza\u00e7\u00f5es do Gartner for Data &amp; Analytics Leaders\u00a0no <a href=\"https:\/\/twitter.com\/Gartner_inc\" target=\"_blank\" rel=\"nofollow\">X<\/a>\u00a0e <a href=\"https:\/\/www.linkedin.com\/showcase\/gartner-for-it-leaders\/\" target=\"_blank\" rel=\"nofollow\">LinkedIn<\/a>\u00a0 usando #GartnerDA. Visite a <a href=\"https:\/\/www.gartner.com\/en\/newsroom\/topics\/information-technology\" target=\"_blank\" rel=\"nofollow\">Sala de Imprensa<\/a>\u00a0do Gartner para obter mais informa\u00e7\u00f5es e insights.\u00a0<\/p>\n<p><b>Sobre o Gartner\u00a0<\/b><\/p>\n<p>O <a href=\"https:\/\/www.gartner.com\/en\" target=\"_blank\" rel=\"nofollow\"><b>Gartner, Inc.<\/b><\/a>\u00a0fornece insights objetivos e acion\u00e1veis que impulsionam decis\u00f5es mais inteligentes e um melhor desempenho para as prioridades de miss\u00e3o cr\u00edtica das empresas. Para saber mais, visite <a href=\"https:\/\/www.gartner.com\/\" target=\"_blank\" rel=\"nofollow\">www.gartner.com<\/a>.\u00a0<\/p>\n<p>Foto &#8211; <a href=\"https:\/\/mma.prnewswire.com\/media\/2718953\/Analytics_perceptivo_impulsionado_por_IA.jpg\" target=\"_blank\" rel=\"nofollow\">https:\/\/mma.prnewswire.com\/media\/2718953\/Analytics_perceptivo_impulsionado_por_IA.jpg<\/a><\/p>\n<div class=\"PRN_ImbeddedAssetReference\" id=\"DivAssetPlaceHolder0\"><\/div>\n<p id=\"PURL\"><img loading=\"lazy\" decoding=\"async\" title=\"Cision\" width=\"12\" height=\"12\" alt=\"Cision\" src=\"https:\/\/c212.net\/c\/img\/favicon.png?sn=PT18468&amp;sd=2025-06-25\" \/> View original content to download multimedia:<a id=\"PRNURL\" rel=\"nofollow\" href=\"https:\/\/www.prnewswire.com\/br\/comunicados-para-a-imprensa\/gartner-preve-que-75-dos-conteudos-de-analytics-usarao-genai-para-inteligencia-contextual-aprimorada-ate-2027-302491322.html\" target=\"_blank\">https:\/\/www.prnewswire.com\/br\/comunicados-para-a-imprensa\/gartner-preve-que-75-dos-conteudos-de-analytics-usarao-genai-para-inteligencia-contextual-aprimorada-ate-2027-302491322.html<\/a><\/p>\n<p>FONTE  Gartner<\/p>\n<\/div>\n<p><img decoding=\"async\" alt=\"\" src=\"https:\/\/rt.prnewswire.com\/rt.gif?NewsItemId=PT18468&amp;Transmission_Id=202506251400PR_NEWS_LATAM____PT18468&amp;DateId=20250625\" style=\"border:0px;width:1px;height:1px\" \/><\/p>\n<p><strong>T\u00f3picos Relacionados:<\/strong> Pesquisa, Enquetes e Estudos, Seguran\u00e7a de Alta Tecnologia, Computador\/Eletr\u00f4nica, An\u00e1lise de Dados, Intelig\u00eancia Artificial<\/p>\n<p>A <b>OESP<\/b> n\u00e3o \u00e9(s\u00e3o) respons\u00e1vel(is) por erros, incorre\u00e7\u00f5es, atrasos ou quaisquer decis\u00f5es tomadas por seus clientes com base nos Conte\u00fados ora disponibilizados, bem como tais Conte\u00fados n\u00e3o representam a opini\u00e3o da <b>OESP<\/b> e s\u00e3o de inteira responsabilidade da <b>PR Newswire Ltda<\/b><\/p>\n","protected":false},"excerpt":{"rendered":"Analytics impulsionado por GenAI se tornar\u00e1 perceptivo e adaptativo S\u00c3O PAULO, 25 de junho de 2025 \/PRNewswire\/ &#8212; Setenta e cinco por cento dos novos conte\u00fados de\u00a0analytics ser\u00e3o","protected":false},"author":1,"featured_media":0,"comment_status":"open","ping_status":"closed","sticky":false,"template":"","format":"standard","meta":{"_acf_changed":false,"inline_featured_image":false,"_monsterinsights_skip_tracking":false,"_monsterinsights_sitenote_active":false,"_monsterinsights_sitenote_note":"","_monsterinsights_sitenote_category":0,"footnotes":""},"categories":[27],"tags":[],"class_list":["post-112591","post","type-post","status-publish","format-standard","hentry","category-prnewswire"],"acf":[],"_links":{"self":[{"href":"https:\/\/bluestudio.estadao.com.br\/agencia-de-comunicacao\/wp-json\/wp\/v2\/posts\/112591","targetHints":{"allow":["GET"]}}],"collection":[{"href":"https:\/\/bluestudio.estadao.com.br\/agencia-de-comunicacao\/wp-json\/wp\/v2\/posts"}],"about":[{"href":"https:\/\/bluestudio.estadao.com.br\/agencia-de-comunicacao\/wp-json\/wp\/v2\/types\/post"}],"author":[{"embeddable":true,"href":"https:\/\/bluestudio.estadao.com.br\/agencia-de-comunicacao\/wp-json\/wp\/v2\/users\/1"}],"replies":[{"embeddable":true,"href":"https:\/\/bluestudio.estadao.com.br\/agencia-de-comunicacao\/wp-json\/wp\/v2\/comments?post=112591"}],"version-history":[{"count":0,"href":"https:\/\/bluestudio.estadao.com.br\/agencia-de-comunicacao\/wp-json\/wp\/v2\/posts\/112591\/revisions"}],"wp:attachment":[{"href":"https:\/\/bluestudio.estadao.com.br\/agencia-de-comunicacao\/wp-json\/wp\/v2\/media?parent=112591"}],"wp:term":[{"taxonomy":"category","embeddable":true,"href":"https:\/\/bluestudio.estadao.com.br\/agencia-de-comunicacao\/wp-json\/wp\/v2\/categories?post=112591"},{"taxonomy":"post_tag","embeddable":true,"href":"https:\/\/bluestudio.estadao.com.br\/agencia-de-comunicacao\/wp-json\/wp\/v2\/tags?post=112591"}],"curies":[{"name":"wp","href":"https:\/\/api.w.org\/{rel}","templated":true}]}}