{"id":112567,"date":"2025-06-25T11:39:00","date_gmt":"2025-06-25T14:39:00","guid":{"rendered":"https:\/\/bluestudio.estadao.com.br\/agencia-de-comunicacao\/releases\/releases-economia\/maria-brasileira-aposta-em-cidades-de-ate-50-mil-habitantes-e-busca-expansao-com-novos-franqueados-na-abf-expo-2025\/"},"modified":"2025-06-25T11:39:00","modified_gmt":"2025-06-25T14:39:00","slug":"maria-brasileira-aposta-em-cidades-de-ate-50-mil-habitantes-e-busca-expansao-com-novos-franqueados-na-abf-expo-2025","status":"publish","type":"post","link":"https:\/\/bluestudio.estadao.com.br\/agencia-de-comunicacao\/releases\/releases-economia\/maria-brasileira-aposta-em-cidades-de-ate-50-mil-habitantes-e-busca-expansao-com-novos-franqueados-na-abf-expo-2025\/","title":{"rendered":"Maria Brasileira aposta em cidades de at\u00e9 50 mil habitantes e busca expans\u00e3o com novos franqueados na ABF Expo 2025"},"content":{"rendered":"<p>L\u00edder em limpeza residencial e empresarial com 12 anos no franchising, a rede participa pela 11\u00aa vez da maior feira de franquias da Am\u00e9rica Latina.<\/p>\n<p>A Maria Brasileira, maior rede de limpeza residencial e empresarial do Brasil, participa pela 11\u00aa vez da ABF Franchising Expo 2025, refor\u00e7ando seu protagonismo no setor. Com mais de 510 unidades em todos os estados e previs\u00e3o de faturar R$ 205 milh\u00f5es este ano, a marca \u00e9 reconhecida por pr\u00eamios como Excel\u00eancia em Franchising, Franqueador do Ano e GPTW, entre outros.<\/p>\n<p>Durante a feira, apresentar\u00e1 seu modelo de neg\u00f3cio home based, com investimento entre R$ 49 mil e R$ 79 mil, retorno previsto em 14 meses e faturamento m\u00e9dio de R$ 50 mil. A empresa planeja expandir especialmente em cidades com at\u00e9 50 mil habitantes das regi\u00f5es Norte, Nordeste e Centro-Oeste.<\/p>\n<p>&#8220;Participar pela 11\u00aa vez da ABF Expo \u00e9 um grande marco para n\u00f3s e reflete nosso compromisso cont\u00ednuo com o setor de franchising. Este evento \u00e9 fundamental para fortalecer nossa presen\u00e7a no mercado e criar conex\u00f5es valiosas com franqueadores, investidores e outros parceiros. Estamos prontos para receber todos e juntos explorar as oportunidades que o futuro nos reserva&#8221;, afirma Juliana Pitelli, diretora de Expans\u00e3o da Maria Brasileira.<\/p>\n<p>Um dos grandes diferenciais da participa\u00e7\u00e3o da Maria Brasileira na edi\u00e7\u00e3o deste ano ser\u00e1 a intera\u00e7\u00e3o direta com franqueados da rede, que estar\u00e3o presentes no stand todos os dias da feira. A ideia \u00e9 proporcionar aos visitantes uma viv\u00eancia pr\u00e1tica e transparente, permitindo que eles conhe\u00e7am os bastidores da opera\u00e7\u00e3o por meio do olhar de quem j\u00e1 atua no dia a dia do neg\u00f3cio.<\/p>\n<p>Para facilitar essa conex\u00e3o, a marca tamb\u00e9m contar\u00e1 com uma ferramenta de intera\u00e7\u00e3o inteligente, que enviar\u00e1 lembretes em tempo real aos investidores avisando quando os franqueados estiverem dispon\u00edveis para conversar. A proposta \u00e9 humanizar o atendimento, promover a troca de experi\u00eancias e gerar mais confian\u00e7a no processo de decis\u00e3o do potencial franqueado.<\/p>\n<p>&#8220;Estamos comprometidos em oferecer servi\u00e7os de qualidade para os nossos clientes e criar oportunidades de neg\u00f3cios para os profissionais de limpeza e franqueados. Nosso objetivo \u00e9 alcan\u00e7ar um crescimento sustent\u00e1vel e fortalecer nossa presen\u00e7a de mercado, sempre com foco na excel\u00eancia operacional em todas as pontas do neg\u00f3cio&#8221;, finaliza Pitelli.<\/p>\n<p><b>Servi\u00e7o:<\/b><\/p>\n<p><b>ABF Franchising Expo 2025<\/b><\/p>\n<p><b>Data:<\/b> de 25 a 28 de junho de \/2025<\/p>\n<p><b>Local:<\/b> Expo Center Norte &#8211;  Rua Jos\u00e9 Bernardo Pinto, 333 Vila Guilherme, S\u00e3o Paulo\/SP<\/p>\n<p><b>Localiza\u00e7\u00e3o do Stand da Maria Brasileira<\/b> &#8211; Rua G 106<\/p>\n<p><b>Sobre a Maria Brasileira<\/b><\/p>\n<p>No franchising desde 2013, a Maria Brasileira \u00e9 a maior rede de franquias de limpeza residencial e empresarial do pa\u00eds. Com mais de 90 mil atendimentos por m\u00eas, est\u00e1 presente em todos os estados do Brasil com mais de 510 unidades,  oferecendo servi\u00e7os de limpeza residencial, limpeza empresarial, passadeira, limpeza p\u00f3s-obra e sanitiza\u00e7\u00e3o.<\/p>\n","protected":false},"excerpt":{"rendered":"L\u00edder em limpeza residencial e empresarial com 12 anos no franchising, a rede participa pela 11\u00aa vez da maior feira de franquias da Am\u00e9rica Latina.\nA Maria Brasileira, maior rede","protected":false},"author":1,"featured_media":0,"comment_status":"open","ping_status":"closed","sticky":false,"template":"","format":"standard","meta":{"_acf_changed":false,"inline_featured_image":false,"_monsterinsights_skip_tracking":false,"_monsterinsights_sitenote_active":false,"_monsterinsights_sitenote_note":"","_monsterinsights_sitenote_category":0,"footnotes":""},"categories":[130],"tags":[],"class_list":["post-112567","post","type-post","status-publish","format-standard","hentry","category-releases-economia"],"acf":[],"_links":{"self":[{"href":"https:\/\/bluestudio.estadao.com.br\/agencia-de-comunicacao\/wp-json\/wp\/v2\/posts\/112567","targetHints":{"allow":["GET"]}}],"collection":[{"href":"https:\/\/bluestudio.estadao.com.br\/agencia-de-comunicacao\/wp-json\/wp\/v2\/posts"}],"about":[{"href":"https:\/\/bluestudio.estadao.com.br\/agencia-de-comunicacao\/wp-json\/wp\/v2\/types\/post"}],"author":[{"embeddable":true,"href":"https:\/\/bluestudio.estadao.com.br\/agencia-de-comunicacao\/wp-json\/wp\/v2\/users\/1"}],"replies":[{"embeddable":true,"href":"https:\/\/bluestudio.estadao.com.br\/agencia-de-comunicacao\/wp-json\/wp\/v2\/comments?post=112567"}],"version-history":[{"count":0,"href":"https:\/\/bluestudio.estadao.com.br\/agencia-de-comunicacao\/wp-json\/wp\/v2\/posts\/112567\/revisions"}],"wp:attachment":[{"href":"https:\/\/bluestudio.estadao.com.br\/agencia-de-comunicacao\/wp-json\/wp\/v2\/media?parent=112567"}],"wp:term":[{"taxonomy":"category","embeddable":true,"href":"https:\/\/bluestudio.estadao.com.br\/agencia-de-comunicacao\/wp-json\/wp\/v2\/categories?post=112567"},{"taxonomy":"post_tag","embeddable":true,"href":"https:\/\/bluestudio.estadao.com.br\/agencia-de-comunicacao\/wp-json\/wp\/v2\/tags?post=112567"}],"curies":[{"name":"wp","href":"https:\/\/api.w.org\/{rel}","templated":true}]}}