{"id":112552,"date":"2025-06-25T07:57:00","date_gmt":"2025-06-25T10:57:00","guid":{"rendered":"https:\/\/bluestudio.estadao.com.br\/agencia-de-comunicacao\/prnewswire\/hcltech-e-amd-formam-alianca-estrategica-para-desenvolver-solucoes-preparadas-para-o-futuro-em-ia-tecnologia-digital-e-em-nuvem\/"},"modified":"2025-06-25T07:57:00","modified_gmt":"2025-06-25T10:57:00","slug":"hcltech-e-amd-formam-alianca-estrategica-para-desenvolver-solucoes-preparadas-para-o-futuro-em-ia-tecnologia-digital-e-em-nuvem","status":"publish","type":"post","link":"https:\/\/bluestudio.estadao.com.br\/agencia-de-comunicacao\/prnewswire\/hcltech-e-amd-formam-alianca-estrategica-para-desenvolver-solucoes-preparadas-para-o-futuro-em-ia-tecnologia-digital-e-em-nuvem\/","title":{"rendered":"HCLTech e AMD formam alian\u00e7a estrat\u00e9gica para desenvolver solu\u00e7\u00f5es preparadas para o futuro em IA, tecnologia digital e em nuvem"},"content":{"rendered":"<div class=\"xn-content\">\n<span class=\"legendSpanClass\"><span class=\"xn-person\">NOVA YORK<\/span> e NOIDA, \u00cdndia<\/span>, <span class=\"legendSpanClass\">25 de junho de 2025<\/span> \/PRNewswire\/ &#8212; A <a href=\"https:\/\/www.hcltech.com\/\" target=\"_blank\" rel=\"nofollow\">HCLTech<\/a> (NSE: HCLTECH.NS) (BSE: HCLTECH.BO), empresa l\u00edder global em tecnologia, e a <a href=\"https:\/\/www.amd.com\/en.html\" target=\"_blank\" rel=\"nofollow\">AMD<\/a> (NASDAQ: AMD), l\u00edder em computa\u00e7\u00e3o adaptativa e de alto desempenho, anunciaram uma alian\u00e7a estrat\u00e9gica para acelerar a transforma\u00e7\u00e3o digital empresarial em todo o mundo por meio de solu\u00e7\u00f5es avan\u00e7adas em IA, tecnologia digital e em nuvem.<\/p>\n<div id=\"prni_dvprnejpg1f43left\" dir=\"ltr\" style=\"width: 100%;text-align: left\"><img decoding=\"async\" id=\"prnejpg1f43left\" title=\"HCLTech_Logo\" src=\"https:\/\/mma.prnewswire.com\/media\/2648325\/HCLTech_Logo.jpg\" alt=\"HCLTech_Logo\" align=\"middle\" \/><\/div>\n<p>Essa colabora\u00e7\u00e3o combina os pontos fortes de ambas as empresas para criar um ecossistema digital robusto que impulsiona a transforma\u00e7\u00e3o digital das empresas e aprimora a experi\u00eancia do cliente. Ao investirem conjuntamente em laborat\u00f3rios de inova\u00e7\u00e3o e programas de treinamento, a HCLTech e a AMD pretendem fornecer \u00e0s empresas ferramentas inovadoras que criem novas oportunidades de neg\u00f3cios e aumentem a efici\u00eancia operacional.<\/p>\n<p>Os centros de desenvolvimento conjunto estabelecidos por meio dessa parceria atuar\u00e3o como plataformas de teste para tecnologias avan\u00e7adas, com a realiza\u00e7\u00e3o de testes de prova de conceito visando acelerar o tempo de coloca\u00e7\u00e3o no mercado de ferramentas empresariais inovadoras. As iniciativas de treinamento e requalifica\u00e7\u00e3o da for\u00e7a de trabalho garantir\u00e3o que as empresas estejam bem equipadas para navegar no cen\u00e1rio digital em evolu\u00e7\u00e3o.<\/p>\n<p>&#8220;Por meio dessa parceria ampliada, a AMD e a HCLTech podem fornecer \u00e0s empresas de v\u00e1rios setores as solu\u00e7\u00f5es tecnol\u00f3gicas de ponta de que precisam para acelerar a inova\u00e7\u00e3o e promover o crescimento em longo prazo. A combina\u00e7\u00e3o da experi\u00eancia da HCLTech em transforma\u00e7\u00e3o digital com nossos processadores EPYC, Instinct e Ryzen PRO, l\u00edderes do setor, nos permitir\u00e1 fornecer \u00e0s empresas solu\u00e7\u00f5es personalizadas e prontas para o futuro que maximizam o potencial de IA, computa\u00e7\u00e3o em nuvem e an\u00e1lise avan\u00e7ada&#8221;, disse a Dra. <span class=\"xn-person\">Lisa Su<\/span>, presidente e CEO da AMD.<\/p>\n<p>&#8220;Estamos colaborando intensamente com nossos parceiros do ecossistema, como a AMD, l\u00edder em semicondutores e em hiperescaladores, TechOEMs e ISVs, para oferecer uma inova\u00e7\u00e3o nativa de nuvem de stack completo, do sil\u00edcio ao aplicativo. Ao integrar as inova\u00e7\u00f5es de ponta em sil\u00edcio da AMD com nosso profundo conhecimento de tecnologia, estamos possibilitando \u00e0s empresas que fiquem \u00e0 frente das tend\u00eancias tecnol\u00f3gicas com maior agilidade, desempenho e compatibilidade em longo prazo. Essa parceria permite que nossos clientes fa\u00e7am investimentos em tecnologia mais inteligentes e acelerem suas transforma\u00e7\u00f5es digitais e conduzidas por IA com confian\u00e7a&#8221;, disse C Vijayakumar, CEO e diretor administrativo da HCLTech.<\/p>\n<p>Como a transforma\u00e7\u00e3o digital continua a remodelar o cen\u00e1rio de neg\u00f3cios, a alian\u00e7a entre a HCLTech e a AMD est\u00e1 pronta para desempenhar um papel fundamental para ajudar as empresas a navegar e prosperar nessa nova era de crescimento impulsionado pela tecnologia.<\/p>\n<p><b>Sobre a HCLTech<\/b><\/p>\n<p>A <a href=\"https:\/\/www.hcltech.com\/\" target=\"_blank\" rel=\"nofollow\">HCLTech<\/a> \u00e9 uma empresa global de tecnologia, com mais de 223.000 colaboradores em 60 pa\u00edses, que oferece recursos de destaque no setor focados em recursos digitais, de engenharia, nuvem e IA, orientados por um amplo portf\u00f3lio de servi\u00e7os e produtos tecnol\u00f3gicos. Trabalhamos com clientes em todos os principais setores, oferecemos solu\u00e7\u00f5es industriais para servi\u00e7os financeiros, manufatura, ci\u00eancias da vida e sa\u00fade, alta tecnologia, semicondutores, telecomunica\u00e7\u00f5es e m\u00eddia, varejo e bens de consumo, al\u00e9m de servi\u00e7os p\u00fablicos. As receitas consolidadas nos 12 meses encerrados em mar\u00e7o de 2025 totalizaram <span class=\"xn-money\">US$ 13,8<\/span> bilh\u00f5es. Para saber como podemos turbinar o seu progresso, acesse <a href=\"https:\/\/www.hcltech.com\/\" target=\"_blank\" rel=\"nofollow\">hcltech.com<\/a>.<\/p>\n<p>Para mais detalhes, entre em contato com:<\/p>\n<p><span class=\"xn-person\">Meredith Bucaro<\/span>, Am\u00e9ricas<br \/><a href=\"mailto:meredith-bucaro@hcltech.com\" target=\"_blank\" rel=\"nofollow\">meredith-bucaro@hcltech.com<\/a><\/p>\n<p>Elka Ghudial, Europa, Oriente M\u00e9dio e \u00c1frica<br \/><a href=\"mailto:elka.ghudial@hcltech.com\" target=\"_blank\" rel=\"nofollow\">elka.ghudial@hcltech.com<\/a>\u00a0<\/p>\n<p><span class=\"xn-person\">James Galvin<\/span>, \u00c1sia-Pac\u00edfico<br \/><a href=\"mailto:james.galvin@hcltech.com\" target=\"_blank\" rel=\"nofollow\">james.galvin@hcltech.com<\/a><\/p>\n<p><span class=\"xn-person\">Nitin Shukla<\/span>, \u00cdndia<br \/><a href=\"mailto:nitin-shukla@hcltech.com\" target=\"_blank\" rel=\"nofollow\">nitin-shukla@hcltech.com<\/a><\/p>\n<p>Logotipo: <a href=\"https:\/\/mma.prnewswire.com\/media\/2648325\/HCLTech_Logo.jpg\" target=\"_blank\" rel=\"nofollow\">https:\/\/mma.prnewswire.com\/media\/2648325\/HCLTech_Logo.jpg<\/a><\/p>\n<p>\u00a0<\/p>\n<p id=\"PURL\"><img loading=\"lazy\" decoding=\"async\" title=\"Cision\" width=\"12\" height=\"12\" alt=\"Cision\" src=\"https:\/\/c212.net\/c\/img\/favicon.png?sn=PT17075&amp;sd=2025-06-25\" \/> View original content:<a id=\"PRNURL\" rel=\"nofollow\" href=\"https:\/\/www.prnewswire.com\/br\/comunicados-para-a-imprensa\/hcltech-e-amd-formam-alianca-estrategica-para-desenvolver-solucoes-preparadas-para-o-futuro-em-ia-tecnologia-digital-e-em-nuvem-302490805.html\" target=\"_blank\">https:\/\/www.prnewswire.com\/br\/comunicados-para-a-imprensa\/hcltech-e-amd-formam-alianca-estrategica-para-desenvolver-solucoes-preparadas-para-o-futuro-em-ia-tecnologia-digital-e-em-nuvem-302490805.html<\/a><\/p>\n<p>FONTE  HCLTech<\/p>\n<\/div>\n<p><img decoding=\"async\" alt=\"\" src=\"https:\/\/rt.prnewswire.com\/rt.gif?NewsItemId=PT17075&amp;Transmission_Id=202506250654PR_NEWS_LATAM____PT17075&amp;DateId=20250625\" style=\"border:0px;width:1px;height:1px\" \/><\/p>\n<p><strong>T\u00f3picos Relacionados:<\/strong> Computa\u00e7\u00e3o em Nuvem\/Internet das Coisas, Software de Computador, Joint Ventures, Computador\/Eletr\u00f4nica, Intelig\u00eancia Artificial<\/p>\n<p>A <b>OESP<\/b> n\u00e3o \u00e9(s\u00e3o) respons\u00e1vel(is) por erros, incorre\u00e7\u00f5es, atrasos ou quaisquer decis\u00f5es tomadas por seus clientes com base nos Conte\u00fados ora disponibilizados, bem como tais Conte\u00fados n\u00e3o representam a opini\u00e3o da <b>OESP<\/b> e s\u00e3o de inteira responsabilidade da <b>PR Newswire Ltda<\/b><\/p>\n","protected":false},"excerpt":{"rendered":"NOVA YORK e NOIDA, \u00cdndia, 25 de junho de 2025 \/PRNewswire\/ &#8212; A HCLTech (NSE: HCLTECH.NS) (BSE: HCLTECH.BO), empresa l\u00edder global em tecnologia, e a AMD (NASDAQ: AMD), l\u00edder em computa\u00e7\u00e3o","protected":false},"author":1,"featured_media":0,"comment_status":"open","ping_status":"closed","sticky":false,"template":"","format":"standard","meta":{"_acf_changed":false,"inline_featured_image":false,"_monsterinsights_skip_tracking":false,"_monsterinsights_sitenote_active":false,"_monsterinsights_sitenote_note":"","_monsterinsights_sitenote_category":0,"footnotes":""},"categories":[27],"tags":[],"class_list":["post-112552","post","type-post","status-publish","format-standard","hentry","category-prnewswire"],"acf":[],"_links":{"self":[{"href":"https:\/\/bluestudio.estadao.com.br\/agencia-de-comunicacao\/wp-json\/wp\/v2\/posts\/112552","targetHints":{"allow":["GET"]}}],"collection":[{"href":"https:\/\/bluestudio.estadao.com.br\/agencia-de-comunicacao\/wp-json\/wp\/v2\/posts"}],"about":[{"href":"https:\/\/bluestudio.estadao.com.br\/agencia-de-comunicacao\/wp-json\/wp\/v2\/types\/post"}],"author":[{"embeddable":true,"href":"https:\/\/bluestudio.estadao.com.br\/agencia-de-comunicacao\/wp-json\/wp\/v2\/users\/1"}],"replies":[{"embeddable":true,"href":"https:\/\/bluestudio.estadao.com.br\/agencia-de-comunicacao\/wp-json\/wp\/v2\/comments?post=112552"}],"version-history":[{"count":0,"href":"https:\/\/bluestudio.estadao.com.br\/agencia-de-comunicacao\/wp-json\/wp\/v2\/posts\/112552\/revisions"}],"wp:attachment":[{"href":"https:\/\/bluestudio.estadao.com.br\/agencia-de-comunicacao\/wp-json\/wp\/v2\/media?parent=112552"}],"wp:term":[{"taxonomy":"category","embeddable":true,"href":"https:\/\/bluestudio.estadao.com.br\/agencia-de-comunicacao\/wp-json\/wp\/v2\/categories?post=112552"},{"taxonomy":"post_tag","embeddable":true,"href":"https:\/\/bluestudio.estadao.com.br\/agencia-de-comunicacao\/wp-json\/wp\/v2\/tags?post=112552"}],"curies":[{"name":"wp","href":"https:\/\/api.w.org\/{rel}","templated":true}]}}