{"id":112545,"date":"2025-06-24T19:58:00","date_gmt":"2025-06-24T22:58:00","guid":{"rendered":"https:\/\/bluestudio.estadao.com.br\/agencia-de-comunicacao\/prnewswire\/gac-alcanca-plano-de-acao-brasil-construindo-uma-marca-automotiva-confiavel-para-os-consumidores-brasileiros\/"},"modified":"2025-06-24T19:58:00","modified_gmt":"2025-06-24T22:58:00","slug":"gac-alcanca-plano-de-acao-brasil-construindo-uma-marca-automotiva-confiavel-para-os-consumidores-brasileiros","status":"publish","type":"post","link":"https:\/\/bluestudio.estadao.com.br\/agencia-de-comunicacao\/prnewswire\/gac-alcanca-plano-de-acao-brasil-construindo-uma-marca-automotiva-confiavel-para-os-consumidores-brasileiros\/","title":{"rendered":"GAC Alcan\u00e7a &#8220;Plano de A\u00e7\u00e3o Brasil&#8221;, Construindo uma Marca Automotiva Confi\u00e1vel para os Consumidores Brasileiros"},"content":{"rendered":"<div class=\"xn-content\">\n<span class=\"legendSpanClass\">S\u00c3O PAULO<\/span>, <span class=\"legendSpanClass\">24 de junho de 2025<\/span> \/PRNewswire\/ &#8212;\u00a0Recentemente, a GAC realizou o evento de lan\u00e7amento da marca no Brasil e de novos modelos no Distrito Anhembi, em S\u00e3o Paulo, Brasil, apresentando oficialmente seu &#8220;Plano de A\u00e7\u00e3o Brasil&#8221;\u00a0? a primeira implementa\u00e7\u00e3o substancial da estrat\u00e9gia global &#8220;One GAC 2.0&#8221; na Am\u00e9rica Latina. Por meio de uma s\u00e9rie de iniciativas de investimento de longo prazo, a GAC apresentou aos consumidores brasileiros uma vis\u00e3o de mobilidade futura e inaugurou um novo cap\u00edtulo para a GAC no Brasil e no mercado latino-americano.<\/p>\n<div class=\"PRN_ImbeddedAssetReference\" id=\"DivAssetPlaceHolder1698\">\n<p title=\"Lan\u00e7amento da Marca GAC Brasil e Novos Modelos Revela\u00e7\u00e3o Evento Celebrado Cita\u00e7\u00f5es V\u00eddeo Recapitula\u00e7\u00e3o\">\n<\/div>\n<p>Guiada pelo &#8220;One\u00a0GAC 2.0&#8221;, a GAC implantou suas tr\u00eas principais linhas de produtos &#8211; GAC, AION e HYPTEC &#8211; no Brasil, abordando de forma abrangente diversos cen\u00e1rios de mobilidade, incluindo transporte familiar, deslocamento urbano e mobilidade compartilhada para atender \u00e0s diversas necessidades dos consumidores e \u00e0s tend\u00eancias de transi\u00e7\u00e3o verde do Brasil. Enquanto isso, a GAC apresentou cinco modelos para os consumidores brasileiros: AION V, AION Y, HYPTEC HT, GS4 HEV e AION ES no evento. Esses cinco novos modelos incorporam os principais pontos fortes da GAC de &#8220;Qualidade de primeira linha&#8221; e &#8220;Tecnologia pioneira&#8221;, refletindo a vis\u00e3o precisa da empresa sobre as necessidades do mercado brasileiro e criando uma melhor experi\u00eancia de mobilidade para os consumidores brasileiros.<\/p>\n<p>V\u00eddeo &#8211; <a href=\"https:\/\/mma.prnewswire.com\/media\/2717818\/1.mp4\" target=\"_blank\" rel=\"nofollow\">https:\/\/mma.prnewswire.com\/media\/2717818\/1.mp4<\/a><\/p>\n<p>\u00a0<\/p>\n<div class=\"PRN_ImbeddedAssetReference\" id=\"DivAssetPlaceHolder0\"><\/div>\n<p id=\"PURL\"><img loading=\"lazy\" decoding=\"async\" title=\"Cision\" width=\"12\" height=\"12\" alt=\"Cision\" src=\"https:\/\/c212.net\/c\/img\/favicon.png?sn=PT17104&amp;sd=2025-06-24\" \/> View original content to download multimedia:<a id=\"PRNURL\" rel=\"nofollow\" href=\"https:\/\/www.prnewswire.com\/br\/comunicados-para-a-imprensa\/gac-alcanca-plano-de-acao-brasil-construindo-uma-marca-automotiva-confiavel-para-os-consumidores-brasileiros-302490297.html\" target=\"_blank\">https:\/\/www.prnewswire.com\/br\/comunicados-para-a-imprensa\/gac-alcanca-plano-de-acao-brasil-construindo-uma-marca-automotiva-confiavel-para-os-consumidores-brasileiros-302490297.html<\/a><\/p>\n<p><span class=\"xn-person\">FONTE  GAC<\/span><\/p>\n<\/div>\n<p><img decoding=\"async\" alt=\"\" src=\"https:\/\/rt.prnewswire.com\/rt.gif?NewsItemId=PT17104&amp;Transmission_Id=202506241856PR_NEWS_LATAM____PT17104&amp;DateId=20250624\" style=\"border:0px;width:1px;height:1px\" \/><\/p>\n<p><strong>T\u00f3picos Relacionados:<\/strong> Novos Produtos\/Servi\u00e7os, Transporte \/ Caminh\u00f5es \/ Ferrovias, Automotivo<\/p>\n<p>A <b>OESP<\/b> n\u00e3o \u00e9(s\u00e3o) respons\u00e1vel(is) por erros, incorre\u00e7\u00f5es, atrasos ou quaisquer decis\u00f5es tomadas por seus clientes com base nos Conte\u00fados ora disponibilizados, bem como tais Conte\u00fados n\u00e3o representam a opini\u00e3o da <b>OESP<\/b> e s\u00e3o de inteira responsabilidade da <b>PR Newswire Ltda<\/b><\/p>\n","protected":false},"excerpt":{"rendered":"S\u00c3O PAULO, 24 de junho de 2025 \/PRNewswire\/ &#8212;\u00a0Recentemente, a GAC realizou o evento de lan\u00e7amento da marca no Brasil e de novos modelos no Distrito Anhembi, em S\u00e3o Paulo, Brasil,","protected":false},"author":1,"featured_media":0,"comment_status":"open","ping_status":"closed","sticky":false,"template":"","format":"standard","meta":{"_acf_changed":false,"inline_featured_image":false,"_monsterinsights_skip_tracking":false,"_monsterinsights_sitenote_active":false,"_monsterinsights_sitenote_note":"","_monsterinsights_sitenote_category":0,"footnotes":""},"categories":[27],"tags":[],"class_list":["post-112545","post","type-post","status-publish","format-standard","hentry","category-prnewswire"],"acf":[],"_links":{"self":[{"href":"https:\/\/bluestudio.estadao.com.br\/agencia-de-comunicacao\/wp-json\/wp\/v2\/posts\/112545","targetHints":{"allow":["GET"]}}],"collection":[{"href":"https:\/\/bluestudio.estadao.com.br\/agencia-de-comunicacao\/wp-json\/wp\/v2\/posts"}],"about":[{"href":"https:\/\/bluestudio.estadao.com.br\/agencia-de-comunicacao\/wp-json\/wp\/v2\/types\/post"}],"author":[{"embeddable":true,"href":"https:\/\/bluestudio.estadao.com.br\/agencia-de-comunicacao\/wp-json\/wp\/v2\/users\/1"}],"replies":[{"embeddable":true,"href":"https:\/\/bluestudio.estadao.com.br\/agencia-de-comunicacao\/wp-json\/wp\/v2\/comments?post=112545"}],"version-history":[{"count":0,"href":"https:\/\/bluestudio.estadao.com.br\/agencia-de-comunicacao\/wp-json\/wp\/v2\/posts\/112545\/revisions"}],"wp:attachment":[{"href":"https:\/\/bluestudio.estadao.com.br\/agencia-de-comunicacao\/wp-json\/wp\/v2\/media?parent=112545"}],"wp:term":[{"taxonomy":"category","embeddable":true,"href":"https:\/\/bluestudio.estadao.com.br\/agencia-de-comunicacao\/wp-json\/wp\/v2\/categories?post=112545"},{"taxonomy":"post_tag","embeddable":true,"href":"https:\/\/bluestudio.estadao.com.br\/agencia-de-comunicacao\/wp-json\/wp\/v2\/tags?post=112545"}],"curies":[{"name":"wp","href":"https:\/\/api.w.org\/{rel}","templated":true}]}}