{"id":112505,"date":"2025-06-24T10:27:00","date_gmt":"2025-06-24T13:27:00","guid":{"rendered":"https:\/\/bluestudio.estadao.com.br\/agencia-de-comunicacao\/releases\/releases-geral\/pequena-nacao-busca-investidores-em-assuntos-climaticos-para-se-tornarem-cidadaos-e-ajudarem-a-mudar-o-mundo\/"},"modified":"2025-06-24T10:27:00","modified_gmt":"2025-06-24T13:27:00","slug":"pequena-nacao-busca-investidores-em-assuntos-climaticos-para-se-tornarem-cidadaos-e-ajudarem-a-mudar-o-mundo","status":"publish","type":"post","link":"https:\/\/bluestudio.estadao.com.br\/agencia-de-comunicacao\/releases\/releases-geral\/pequena-nacao-busca-investidores-em-assuntos-climaticos-para-se-tornarem-cidadaos-e-ajudarem-a-mudar-o-mundo\/","title":{"rendered":"Pequena na\u00e7\u00e3o busca investidores em assuntos clim\u00e1ticos para se tornarem cidad\u00e3os e ajudarem a mudar o mundo"},"content":{"rendered":"<p>AUCKLAND, Nova Zel\u00e2ndia, June  24, 2025  (GLOBE NEWSWIRE) &#8212; &#8220;N\u00e3o vamos ficar parados esperando que as ondas levem as nossas casas e a nossa infraestrutura&#8221;, disse o l\u00edder da menor rep\u00fablica do mundo, logo ap\u00f3s a na\u00e7\u00e3o ter usado a COP29 como uma plataforma de lan\u00e7amento para o projeto de resili\u00eancia clim\u00e1tica mais inovador do mundo.<\/p>\n<p>Enquanto o mundo debate a a\u00e7\u00e3o clim\u00e1tica, devemos tomar medidas proativas para garantir o futuro da nossa na\u00e7\u00e3o, continuou o presidente de Nauru, David Adeang.<\/p>\n<p>Membro do F\u00f3rum de Vulnerabilidade Clim\u00e1tica, composto por na\u00e7\u00f5es em desenvolvimento na linha de frente das mudan\u00e7as clim\u00e1ticas, o governo de Nauru est\u00e1 em busca de investidores de todo o mundo que queiram fazer parte de uma solu\u00e7\u00e3o ousada, n\u00e3o apenas para a na\u00e7\u00e3o, mas para todo o mundo.<\/p>\n<p>O pa\u00eds est\u00e1 embarcando em um projeto que reformar\u00e1 sua na\u00e7\u00e3o diante das mudan\u00e7as clim\u00e1ticas, al\u00e9m de lidar com quest\u00f5es como seguran\u00e7a alimentar e h\u00eddrica, e ir\u00e1 participar do Higher Ground Initiative &#8211; realocando quase toda a popula\u00e7\u00e3o da costa para terras mais altas.<\/p>\n<p>Este projeto \u00e9 enorme. Alguns podem cham\u00e1-lo de audacioso. E \u00e9 caro.<\/p>\n<p>No entanto, o homem que lidera a arrecada\u00e7\u00e3o de uma grande parte dos fundos por meio de um programa de cidadania exclusivo voltado para investidores e empreendedores de assuntos clim\u00e1ticos diz que j\u00e1 h\u00e1 um interesse significativo de todo o mundo de pessoas que querem se tornar &#8220;cidad\u00e3os clim\u00e1ticos&#8221;.<\/p>\n<p>O neozeland\u00eas Edward Clark tem uma extensa experi\u00eancia em bancos internacionais, crimes financeiros e conformidade, e \u00e9 exatamente por isso que o Governo de Nauru o nomeou CEO do Programa de Cidadania de Resili\u00eancia Econ\u00f4mica e Clim\u00e1tica de Nauru.<\/p>\n<p>Clark disse que, ao contr\u00e1rio de alguns programas de cidadania por investimento que t\u00eam sido objeto de controv\u00e9rsia, o bem administrado programa de Nauru tem como objetivo &#8220;inverter a narrativa para os pa\u00edses vulner\u00e1veis ao clima&#8221;.<\/p>\n<p>Queremos que os apaixonados pelo futuro global se tornem cidad\u00e3os porque nosso objetivo \u00e9 transformar Nauru de receptor passivo de financiamento clim\u00e1tico em uma incubadora de inova\u00e7\u00e3o clim\u00e1tica.<\/p>\n<p>Ele quer dizer que Nauru pode se tornar um modelo de como as comunidades verdadeiramente sustent\u00e1veis e sua infraestrutura subjacente podem ser desenvolvidas.<\/p>\n<p>Os empreendedores clim\u00e1ticos podem fazer parceria com Nauru para desenvolver novas solu\u00e7\u00f5es, disse ele.<\/p>\n<p>Os Ecopreneurs (empreendedores ecol\u00f3gicos) podem se beneficiar do financiamento inicial necess\u00e1rio para o desenvolvimento de novas tecnologias e solu\u00e7\u00f5es, e Nauru se beneficiar\u00e1 por ser um campo de testes para solu\u00e7\u00f5es novas e econ\u00f4micas.<\/p>\n<p>O Sr. Clark disse que, embora o programa de cidadania seja novo, ele est\u00e1 content\u00edssimo com o interesse.<\/p>\n<p>Os pedidos de cidadania que recebemos s\u00e3o de pessoas de todo o mundo que querem investir em resili\u00eancia clim\u00e1tica e fazer parte de um prop\u00f3sito maior, disse ele.<\/p>\n<p> <img decoding=\"async\" alt=\"\" class=\"__GNW8366DE3E__IMG\" src=\"https:\/\/www.globenewswire.com\/newsroom\/ti?nf=OTQ4MzU3MSM3MDEyOTE4IzIyOTYzOTU=\" \/> <br \/><img decoding=\"async\" alt=\"\" src=\"https:\/\/ml.globenewswire.com\/media\/MDc0YTI5ZjQtYjdlMi00NWZhLTllODQtMTVlZjMzYzAyOWY3LTEzMDc5NDUtMjAyNS0wNi0yNC1wdA==\/tiny\/Nauru-Economic-and-Climate-Res.png\" \/><\/p>\n<pre>Contato com a M\u00eddia:\nbarbara@crcpr.com.au<\/pre>\n<p><a href=\"https:\/\/www.globenewswire.com\/NewsRoom\/AttachmentNg\/b51b1e98-7dca-44fd-94a8-c306a5a0ec2a\"><img loading=\"lazy\" decoding=\"async\" src=\"https:\/\/ml.globenewswire.com\/media\/b51b1e98-7dca-44fd-94a8-c306a5a0ec2a\/small\/necrcp-png.png\" border=\"0\" width=\"150\" height=\"42\" alt=\"Primary Logo\" \/><\/a><\/p>\n<p>A <b>OESP<\/b> nao e(sao) responsavel(is) por erros, incorrecoes, atrasos ou quaisquer decisoes tomadas por seus clientes com base nos Conteudos ora disponibilizados, bem como tais Conteudos nao representam a opiniao da <b>OESP<\/b> e sao de inteira responsabilidade da <b>GlobeNewswire<\/b><\/p>\n","protected":false},"excerpt":{"rendered":"AUCKLAND, Nova Zel\u00e2ndia, June  24, 2025  (GLOBE NEWSWIRE) &#8212; &#8220;N\u00e3o vamos ficar parados esperando que as ondas levem as nossas casas e a nossa infraestrutura&#8221;, disse o l\u00edder","protected":false},"author":1,"featured_media":0,"comment_status":"open","ping_status":"closed","sticky":false,"template":"","format":"standard","meta":{"_acf_changed":false,"inline_featured_image":false,"_monsterinsights_skip_tracking":false,"_monsterinsights_sitenote_active":false,"_monsterinsights_sitenote_note":"","_monsterinsights_sitenote_category":0,"footnotes":""},"categories":[34],"tags":[],"class_list":["post-112505","post","type-post","status-publish","format-standard","hentry","category-releases-geral"],"acf":[],"_links":{"self":[{"href":"https:\/\/bluestudio.estadao.com.br\/agencia-de-comunicacao\/wp-json\/wp\/v2\/posts\/112505","targetHints":{"allow":["GET"]}}],"collection":[{"href":"https:\/\/bluestudio.estadao.com.br\/agencia-de-comunicacao\/wp-json\/wp\/v2\/posts"}],"about":[{"href":"https:\/\/bluestudio.estadao.com.br\/agencia-de-comunicacao\/wp-json\/wp\/v2\/types\/post"}],"author":[{"embeddable":true,"href":"https:\/\/bluestudio.estadao.com.br\/agencia-de-comunicacao\/wp-json\/wp\/v2\/users\/1"}],"replies":[{"embeddable":true,"href":"https:\/\/bluestudio.estadao.com.br\/agencia-de-comunicacao\/wp-json\/wp\/v2\/comments?post=112505"}],"version-history":[{"count":0,"href":"https:\/\/bluestudio.estadao.com.br\/agencia-de-comunicacao\/wp-json\/wp\/v2\/posts\/112505\/revisions"}],"wp:attachment":[{"href":"https:\/\/bluestudio.estadao.com.br\/agencia-de-comunicacao\/wp-json\/wp\/v2\/media?parent=112505"}],"wp:term":[{"taxonomy":"category","embeddable":true,"href":"https:\/\/bluestudio.estadao.com.br\/agencia-de-comunicacao\/wp-json\/wp\/v2\/categories?post=112505"},{"taxonomy":"post_tag","embeddable":true,"href":"https:\/\/bluestudio.estadao.com.br\/agencia-de-comunicacao\/wp-json\/wp\/v2\/tags?post=112505"}],"curies":[{"name":"wp","href":"https:\/\/api.w.org\/{rel}","templated":true}]}}