{"id":112464,"date":"2025-06-23T13:12:00","date_gmt":"2025-06-23T16:12:00","guid":{"rendered":"https:\/\/bluestudio.estadao.com.br\/agencia-de-comunicacao\/prnewswire\/grupo-luft-destaca-a-logistica-como-pilar-das-operacoes\/"},"modified":"2025-06-23T13:12:00","modified_gmt":"2025-06-23T16:12:00","slug":"grupo-luft-destaca-a-logistica-como-pilar-das-operacoes","status":"publish","type":"post","link":"https:\/\/bluestudio.estadao.com.br\/agencia-de-comunicacao\/prnewswire\/grupo-luft-destaca-a-logistica-como-pilar-das-operacoes\/","title":{"rendered":"Grupo Luft destaca a log\u00edstica como pilar das opera\u00e7\u00f5es"},"content":{"rendered":"<div class=\"xn-content\">\n<i>O que antes era visto como um mero custo operacional hoje se transformou no centro dos neg\u00f3cios: a log\u00edstica<\/i><\/p>\n<div class=\"PRN_ImbeddedAssetReference\" id=\"DivAssetPlaceHolder1\">\n<a href=\"https:\/\/mma.prnewswire.com\/media\/2716790\/PR_Newswire_Log_stica_23jun25.html\" target=\"_blank\" rel=\"nofollow\">  <img decoding=\"async\" src=\"https:\/\/mma.prnewswire.com\/media\/2716790\/PR_Newswire_Log_stica_23jun25.jpg\" title=\"\" alt=\"\" \/><\/a>\n <\/p>\n<\/p><\/div>\n<p><span class=\"legendSpanClass\">S\u00c3O PAULO<\/span>, <span class=\"legendSpanClass\">23 de junho de 2025<\/span> \/PRNewswire\/ <b>&#8212; <\/b>Entregar o produto certo, no lugar certo e na hora certa deixou de ser um diferencial para virar exig\u00eancia b\u00e1sica do consumidor. E o que antes era visto como um mero custo operacional hoje se transformou no centro dos neg\u00f3cios: a log\u00edstica.\u00a0<\/p>\n<p class=\"prntaj\"><span>&#8220;Mais do que garantir a movimenta\u00e7\u00e3o de mercadorias, a log\u00edstica \u00e9 fator determinante na gera\u00e7\u00e3o de receita, cria\u00e7\u00e3o de valor e, sobretudo, fideliza\u00e7\u00e3o dos clientes. Bem executada, ela tamb\u00e9m fortalece a imagem, aumenta taxas de convers\u00e3o e reduz retrabalhos e desperd\u00edcios&#8221;, afirma o CIO da <\/span><a href=\"https:\/\/luft.com.br\/\" target=\"_blank\" rel=\"nofollow\"><span>Luft Logistics<\/span><\/a><span>, <span class=\"xn-person\">Gustavo Saraiva<\/span>.<\/span><\/p>\n<p>Segundo ele, em um mercado cada vez mais competitivo e digitalizado, os clientes esperam efici\u00eancia, transpar\u00eancia e agilidade em todas as etapas da jornada de compra. &#8220;Quem n\u00e3o atender essas expectativas com consist\u00eancia corre s\u00e9rio risco de perder espa\u00e7o para concorrentes mais \u00e1geis e tecnologicamente preparados&#8221;, diz ele.<\/p>\n<p><b>A base da precis\u00e3o<\/b><\/p>\n<p>Essa realidade exige uma infraestrutura s\u00f3lida, sustentada por pilares como intelig\u00eancia de dados, automa\u00e7\u00e3o e integra\u00e7\u00e3o de sistemas. Juntos, eles formam a base para uma opera\u00e7\u00e3o log\u00edstica precisa, escal\u00e1vel e capaz de responder rapidamente \u00e0s demandas do mercado.<\/p>\n<p>&#8220;A intelig\u00eancia de dados permite prever tend\u00eancias, gerenciar estoques com maior assertividade e identificar gargalos antes que impactem negativamente a cadeia. Sistemas automatizados eliminam falhas humanas, aumentam a produtividade e permitem respostas r\u00e1pidas diante das demandas. E a integra\u00e7\u00e3o entre plataformas oferece visibilidade total e atualiza\u00e7\u00e3o em tempo real, promovendo o alinhamento entre todos os elos da opera\u00e7\u00e3o ? do fornecedor ao cliente final&#8221;, continua Saraiva.<\/p>\n<p><b>Algoritmos e previsibilidade<\/b><\/p>\n<p>&#8220;No passado, para alguns bastava ter estoque dispon\u00edvel. Hoje, \u00e9 preciso saber quando, onde e como distribu\u00ed-lo com precis\u00e3o estrat\u00e9gica. \u00c9 necess\u00e1rio prever rotas, evitar gargalos e antecipar imprevistos por meio de algoritmos inteligentes. No varejo contempor\u00e2neo, a integra\u00e7\u00e3o entre canais f\u00edsicos e digitais exige uma infraestrutura log\u00edstica flex\u00edvel e robusta&#8221;, explica o executivo.\u00a0<\/p>\n<p><b><i>Experi\u00eancia do cliente: norte estrat\u00e9gico<\/i><\/b><\/p>\n<p><span class=\"xn-person\">Segundo Saraiva<\/span>, a log\u00edstica j\u00e1 n\u00e3o \u00e9 suporte \u00e0 estrat\u00e9gia ? ela \u00e9 a estrat\u00e9gia. O foco deve estar em construir relacionamentos duradouros com os clientes, entregando n\u00e3o apenas produtos, mas experi\u00eancias positivas em cada intera\u00e7\u00e3o. O momento da entrega muitas vezes \u00e9 o \u00faltimo ponto de contato direto com o consumidor e pode definir sua percep\u00e7\u00e3o sobre a marca.<\/p>\n<p>&#8220;Empresas que compreendem esse conceito est\u00e3o investindo na experi\u00eancia da entrega, comunica\u00e7\u00e3o proativa com os clientes, rastreabilidade em tempo real e op\u00e7\u00f5es flex\u00edveis de devolu\u00e7\u00e3o. Essas a\u00e7\u00f5es n\u00e3o apenas melhoram a satisfa\u00e7\u00e3o do consumidor, mas tamb\u00e9m geram feedbacks valiosos para aprimorar continuamente os processos internos. Com isso, conseguem escalar opera\u00e7\u00f5es de forma sustent\u00e1vel e consolidar sua posi\u00e7\u00e3o no mercado&#8221;, complementa.<\/p>\n<p><b>Log\u00edstica inteligente e integrada<\/b><\/p>\n<p>Uma log\u00edstica integrada e inteligente torna-se, de acordo com o CIO, um diferencial dif\u00edcil de ser replicado. &#8220;Investir em log\u00edstica inteligente e integrada \u00e9, antes de tudo, reconhecer seu papel fundamental no cora\u00e7\u00e3o do neg\u00f3cio. \u00c9 entender que, al\u00e9m de entregar produtos, \u00e9 poss\u00edvel entregar valor, confian\u00e7a e resultados consistentes. Em um mundo hiperconectado e cada vez mais exigente, a log\u00edstica \u00e9 o elo que conecta necessidades e solu\u00e7\u00f5es. E quem souber utilizar este pilar estrategicamente estar\u00e1 \u00e0 frente da competi\u00e7\u00e3o&#8221;, finaliza.<\/p>\n<p><b>Sobre a Luft Logistics ? <\/b>Desde sua funda\u00e7\u00e3o em <span class=\"xn-person\">Santa Rosa<\/span> (RS), em 1975, a <a href=\"http:\/\/www.luft.com.br\/\" target=\"_blank\" rel=\"nofollow\">Luft Logistics<\/a>\u00a0implementa solu\u00e7\u00f5es log\u00edsticas que aumentam a efici\u00eancia dos neg\u00f3cios. A vis\u00e3o integrada da Log\u00edstica enquanto parte do sistema de <i>supply <\/i>e de acelera\u00e7\u00e3o das vendas dos Clientes sempre foi um forte diferencial da Companhia, que investe continuamente em tecnologias que integram os ecossistemas e mercados. A Luft se posiciona atualmente como uma <i>logtech <\/i>pois a tecnologia, al\u00e9m de fundamental na integra\u00e7\u00e3o dos neg\u00f3cios, cria uma competitividade superior para os Clientes. Hoje, seus servi\u00e7os v\u00e3o muito al\u00e9m da Log\u00edstica. Eles tamb\u00e9m incluem opera\u00e7\u00f5es de<i> full service<\/i>, de <i>full commerce<\/i> e sistemas, que juntos transformam a log\u00edstica num potencializador de vendas para o Agro, Farma e Varejo.\u00a0 Mais informa\u00e7\u00f5es sobre a Companhia podem ser encontradas no <a href=\"http:\/\/www.luft.com.br\/\" target=\"_blank\" rel=\"nofollow\">Site<\/a>, <a href=\"https:\/\/www.linkedin.com\/company\/luft-logistics\" target=\"_blank\" rel=\"nofollow\">LinkedIn<\/a>,\u00a0<a href=\"https:\/\/www.instagram.com\/luft_logistics\/\" target=\"_blank\" rel=\"nofollow\">Instagram<\/a>\u00a0e <a href=\"https:\/\/www.tiktok.com\/@luftlogistics\" target=\"_blank\" rel=\"nofollow\">TikTok<\/a>. Contatos Comerciais: <span class=\"xn-person\">Luft Agro<\/span>: (11) 96451-0140; Luft Healthcare: (11) 99106-2715; Luft Solutions: +55 (11) 91541-7802.<\/p>\n<p>Foto &#8211; <a href=\"https:\/\/mma.prnewswire.com\/media\/2716790\/PR_Newswire_Log_stica_23jun25.jpg\" target=\"_blank\" rel=\"nofollow\">https:\/\/mma.prnewswire.com\/media\/2716790\/PR_Newswire_Log_stica_23jun25.jpg<\/a><\/p>\n<p id=\"PURL\"><img loading=\"lazy\" decoding=\"async\" title=\"Cision\" width=\"12\" height=\"12\" alt=\"Cision\" src=\"https:\/\/c212.net\/c\/img\/favicon.png?sn=PT16147&amp;sd=2025-06-23\" \/> View original content to download multimedia:<a id=\"PRNURL\" rel=\"nofollow\" href=\"https:\/\/www.prnewswire.com\/br\/comunicados-para-a-imprensa\/grupo-luft-destaca-a-logistica-como-pilar-das-operacoes-302488440.html\" target=\"_blank\">https:\/\/www.prnewswire.com\/br\/comunicados-para-a-imprensa\/grupo-luft-destaca-a-logistica-como-pilar-das-operacoes-302488440.html<\/a><\/p>\n<p>FONTE  Luft Logistics<\/p>\n<\/div>\n<p><img decoding=\"async\" alt=\"\" src=\"https:\/\/rt.prnewswire.com\/rt.gif?NewsItemId=PT16147&amp;Transmission_Id=202506231200PR_NEWS_LATAM____PT16147&amp;DateId=20250623\" style=\"border:0px;width:1px;height:1px\" \/><\/p>\n<p><strong>T\u00f3picos Relacionados:<\/strong> Transporte \/ Caminh\u00f5es \/ Ferrovias, Cadeia de Suprimentos\/Log\u00edstica, Computador\/Eletr\u00f4nica<\/p>\n<p>A <b>OESP<\/b> n\u00e3o \u00e9(s\u00e3o) respons\u00e1vel(is) por erros, incorre\u00e7\u00f5es, atrasos ou quaisquer decis\u00f5es tomadas por seus clientes com base nos Conte\u00fados ora disponibilizados, bem como tais Conte\u00fados n\u00e3o representam a opini\u00e3o da <b>OESP<\/b> e s\u00e3o de inteira responsabilidade da <b>PR Newswire Ltda<\/b><\/p>\n","protected":false},"excerpt":{"rendered":"O que antes era visto como um mero custo operacional hoje se transformou no centro dos neg\u00f3cios: a log\u00edstica S\u00c3O PAULO, 23 de junho de 2025 \/PRNewswire\/ &#8212; Entregar o produto certo, no lugar","protected":false},"author":1,"featured_media":0,"comment_status":"open","ping_status":"closed","sticky":false,"template":"","format":"standard","meta":{"_acf_changed":false,"inline_featured_image":false,"_monsterinsights_skip_tracking":false,"_monsterinsights_sitenote_active":false,"_monsterinsights_sitenote_note":"","_monsterinsights_sitenote_category":0,"footnotes":""},"categories":[27],"tags":[],"class_list":["post-112464","post","type-post","status-publish","format-standard","hentry","category-prnewswire"],"acf":[],"_links":{"self":[{"href":"https:\/\/bluestudio.estadao.com.br\/agencia-de-comunicacao\/wp-json\/wp\/v2\/posts\/112464","targetHints":{"allow":["GET"]}}],"collection":[{"href":"https:\/\/bluestudio.estadao.com.br\/agencia-de-comunicacao\/wp-json\/wp\/v2\/posts"}],"about":[{"href":"https:\/\/bluestudio.estadao.com.br\/agencia-de-comunicacao\/wp-json\/wp\/v2\/types\/post"}],"author":[{"embeddable":true,"href":"https:\/\/bluestudio.estadao.com.br\/agencia-de-comunicacao\/wp-json\/wp\/v2\/users\/1"}],"replies":[{"embeddable":true,"href":"https:\/\/bluestudio.estadao.com.br\/agencia-de-comunicacao\/wp-json\/wp\/v2\/comments?post=112464"}],"version-history":[{"count":0,"href":"https:\/\/bluestudio.estadao.com.br\/agencia-de-comunicacao\/wp-json\/wp\/v2\/posts\/112464\/revisions"}],"wp:attachment":[{"href":"https:\/\/bluestudio.estadao.com.br\/agencia-de-comunicacao\/wp-json\/wp\/v2\/media?parent=112464"}],"wp:term":[{"taxonomy":"category","embeddable":true,"href":"https:\/\/bluestudio.estadao.com.br\/agencia-de-comunicacao\/wp-json\/wp\/v2\/categories?post=112464"},{"taxonomy":"post_tag","embeddable":true,"href":"https:\/\/bluestudio.estadao.com.br\/agencia-de-comunicacao\/wp-json\/wp\/v2\/tags?post=112464"}],"curies":[{"name":"wp","href":"https:\/\/api.w.org\/{rel}","templated":true}]}}