{"id":112455,"date":"2025-06-23T09:12:00","date_gmt":"2025-06-23T12:12:00","guid":{"rendered":"https:\/\/bluestudio.estadao.com.br\/agencia-de-comunicacao\/prnewswire\/midea-realiza-cupula-de-parceiros-hvac-america-latina-2025-e-compartilha-estrategias-para-a-lideranca-do-setor\/"},"modified":"2025-06-23T09:12:00","modified_gmt":"2025-06-23T12:12:00","slug":"midea-realiza-cupula-de-parceiros-hvac-america-latina-2025-e-compartilha-estrategias-para-a-lideranca-do-setor","status":"publish","type":"post","link":"https:\/\/bluestudio.estadao.com.br\/agencia-de-comunicacao\/prnewswire\/midea-realiza-cupula-de-parceiros-hvac-america-latina-2025-e-compartilha-estrategias-para-a-lideranca-do-setor\/","title":{"rendered":"Midea realiza C\u00fapula de Parceiros HVAC Am\u00e9rica Latina 2025 e compartilha estrat\u00e9gias para a lideran\u00e7a do setor"},"content":{"rendered":"<div class=\"xn-content\">\n<p class=\"prntac\"><i>Com participantes de 18 pa\u00edses, evento apresentou portf\u00f3lio de solu\u00e7\u00f5es, tend\u00eancias de mercado e cases de sucesso na regi\u00e3o<\/i><\/p>\n<div class=\"PRN_ImbeddedAssetReference\" id=\"DivAssetPlaceHolder7582\">\n<a href=\"https:\/\/mma.prnewswire.com\/media\/2715902\/2L3A2859_3734082823.html\" target=\"_blank\" rel=\"nofollow\"><img decoding=\"async\" src=\"https:\/\/mma.prnewswire.com\/media\/2715902\/2L3A2859_3734082823.jpg\" title=\"C\u00fapula de Parceiros HVAC Am\u00e9rica Latina 2025 (Cr\u00e9dito: Divulga\u00e7\u00e3o)\" alt=\"C\u00fapula de Parceiros HVAC Am\u00e9rica Latina 2025 (Cr\u00e9dito: Divulga\u00e7\u00e3o)\" \/><\/a><\/p>\n<\/div>\n<p id=\"temp_ReleaseStart\"><span class=\"legendSpanClass\">S\u00c3O PAULO<\/span>, <span class=\"legendSpanClass\">23 de junho de 2025<\/span> \/PRNewswire\/ &#8212; Na \u00faltima semana a Midea, uma das maiores fabricantes de eletrodom\u00e9sticos do mundo, promoveu a <b>C\u00fapula de Parceiros HVAC (Heating, Ventilation and Air Conditioning) Am\u00e9rica Latina 2025<\/b>, no Hotel Grand Hyatt, em S\u00e3o Paulo. O encontro reuniu <b>170 pessoas de 18 pa\u00edses da regi\u00e3o<\/b>, incluindo executivos globais e regionais da companhia, com o objetivo de <b>reconhecer resultados, compartilhar estrat\u00e9gias e tra\u00e7ar os planos da marca para os pr\u00f3ximos anos<\/b> no mercado de climatiza\u00e7\u00e3o. Durante o evento, a Midea tamb\u00e9m foi reconhecida pela <b>Euromonitor como a n\u00famero 1 em aparelhos de climatiza\u00e7\u00e3o na Am\u00e9rica Latina<\/b>.<\/p>\n<p class=\"prntal\">&#8220;Este encontro refor\u00e7a a import\u00e2ncia das parcerias regionais e da inova\u00e7\u00e3o cont\u00ednua para impulsionarmos o setor de climatiza\u00e7\u00e3o na regi\u00e3o. Mais do que reconhecer resultados, buscamos criar espa\u00e7os estrat\u00e9gicos para olharmos para o futuro e construirmos, juntos, as solu\u00e7\u00f5es que o mercado e o consumidor final esperam de n\u00f3s nos pr\u00f3ximos anos&#8221;, afirma <span class=\"xn-person\">Felipe Costa<\/span>, CEO da <span class=\"xn-person\">Midea Carrier Brasil<\/span>, <span class=\"xn-location\">Argentina<\/span> e <span class=\"xn-location\">Chile<\/span>.<\/p>\n<div class=\"PRN_ImbeddedAssetReference\" id=\"DivAssetPlaceHolder9999\">\n<a href=\"https:\/\/mma.prnewswire.com\/media\/2715903\/2L3A0192_3734079443.html\" target=\"_blank\" rel=\"nofollow\"><img decoding=\"async\" src=\"https:\/\/mma.prnewswire.com\/media\/2715903\/2L3A0192_3734079443.jpg\" title=\"Midea \u00e9 reconhecida como n\u00ba 1 em aparelhos de climatiza\u00e7\u00e3o da Am\u00e9rica Latina\" alt=\"Midea \u00e9 reconhecida como n\u00ba 1 em aparelhos de climatiza\u00e7\u00e3o da Am\u00e9rica Latina\" \/><\/a><\/p>\n<\/div>\n<p class=\"prntal\"><b>Executivos globais apresentam estrat\u00e9gias para os pr\u00f3ximos anos<\/b><\/p>\n<p class=\"prntal\"><span class=\"xn-person\">Dennis Lee<\/span>, Vice-Presidente de Neg\u00f3cios Internacionais de Build Technologies (MBT) da Midea, apresentou a vis\u00e3o global da companhia, destacando a meta de se tornar l\u00edder mundial at\u00e9 2027, com solu\u00e7\u00f5es completas para diferentes segmentos e forte expans\u00e3o internacional.<\/p>\n<p class=\"prntal\"><span class=\"xn-person\">Vicent Chou<\/span>, Vice-Presidente de RAC (Room Air Conditioner) da Midea, compartilhou as expectativas para os pr\u00f3ximos dois anos e o lan\u00e7amento do AI Ecomaster, primeiro ar-condicionado da marca com intelig\u00eancia artificial. Ele tamb\u00e9m refor\u00e7ou o compromisso da empresa com solu\u00e7\u00f5es confi\u00e1veis, integra\u00e7\u00e3o regional e produ\u00e7\u00e3o local. &#8220;Queremos entregar solu\u00e7\u00f5es acess\u00edveis e confi\u00e1veis para todas as classes, com inova\u00e7\u00e3o real e proximidade regional, assegurando uma experi\u00eancia completa ao consumidor&#8221;, destacou. O executivo anunciou ainda <span class=\"xn-money\">US$ 1,95<\/span> bilh\u00e3o em investimentos em P&amp;D e a meta de alcan\u00e7ar quase <span class=\"xn-money\">US$ 4<\/span> bilh\u00f5es em vendas at\u00e9 2027.<\/p>\n<p class=\"prntal\"><b>Portf\u00f3lio inteligente e solu\u00e7\u00f5es inovadoras<\/b><\/p>\n<p class=\"prntal\"><span class=\"xn-person\">Wenyang Lan<\/span>, Diretor de Planejamento de Produto, apresentou o impacto das mais de 20 pesquisas regionais realizadas pela Midea nos \u00faltimos tr\u00eas anos, que orientaram lan\u00e7amentos como o AI Ecomaster, desenvolvido a partir de dados que apontam que 82% dos usu\u00e1rios da regi\u00e3o priorizam a economia de energia.<\/p>\n<p class=\"prntal\"><span class=\"xn-person\">Laurent Ropain<\/span>, Gerente de Produto RAC, mostrou como a marca est\u00e1 expandindo suas solu\u00e7\u00f5es residenciais para o segmento comercial leve, tornando tecnologias avan\u00e7adas acess\u00edveis a diferentes perfis de consumidores.<\/p>\n<p class=\"prntal\"><span class=\"xn-person\">Francisco Torres<\/span>, Gerente de Treinamento MBT, detalhou o portf\u00f3lio de solu\u00e7\u00f5es comerciais da Midea, como sistemas VRF, chillers e elevadores, com foco em efici\u00eancia energ\u00e9tica e adapta\u00e7\u00e3o \u00e0s demandas locais.<\/p>\n<p class=\"prntal\">Na sequ\u00eancia, <span class=\"xn-person\">Maggie Chou<\/span>, Gerente de Produtos Digitais Inteligentes MBTIB, abordou a digitaliza\u00e7\u00e3o dos servi\u00e7os HVAC, com destaque para a manuten\u00e7\u00e3o remota preditiva e detec\u00e7\u00e3o de problemas, ampliando a agilidade e a redu\u00e7\u00e3o de custos de opera\u00e7\u00e3o.<\/p>\n<p class=\"prntal\"><b>Tend\u00eancias de mercado e regulamenta\u00e7\u00f5es<\/b><\/p>\n<p class=\"prntal\">Fabio Assun\u00e7\u00e3o, Market CS Manager LATAM da GfK\/NIQ, empresa de pesquisas e intelig\u00eancia de mercado, compartilhou dados sobre o comportamento de consumo na regi\u00e3o, destacando o avan\u00e7o do e-commerce, a crescente ado\u00e7\u00e3o de tecnologias embarcadas e a consolida\u00e7\u00e3o da climatiza\u00e7\u00e3o como categoria em expans\u00e3o, mesmo em um cen\u00e1rio econ\u00f4mico desafiador. Segundo o executivo, embora a Am\u00e9rica Latina registre um n\u00edvel de crescimento abaixo da m\u00e9dia global, segue \u00e0 frente de mercados desenvolvidos como a Europa.<\/p>\n<p class=\"prntal\">Assun\u00e7\u00e3o ainda explicou que os produtos de linha branca, especialmente refrigeradores, lavadoras e fog\u00f5es, continuam alavancando o setor de eletrodom\u00e9sticos, mas o mercado de climatiza\u00e7\u00e3o mant\u00e9m papel de destaque. Apesar de uma leve desacelera\u00e7\u00e3o no ritmo de expans\u00e3o, a demanda por aparelhos de ar-condicionado segue elevada, especialmente na <span class=\"xn-location\">Argentina<\/span> e no Brasil, impulsionada por fatores como o aumento das temperaturas e a amplia\u00e7\u00e3o dos canais de venda.<\/p>\n<p class=\"prntal\"><span class=\"xn-person\">Henry Hwong<\/span>, Vice-Presidente Global de Servi\u00e7os da AHRI (Air-Conditioning, Heating and Refrigeration Institute), trouxe atualiza\u00e7\u00f5es sobre os novos padr\u00f5es de efici\u00eancia energ\u00e9tica e regulamenta\u00e7\u00f5es no setor.<\/p>\n<p class=\"prntal\">Por fim, Jos\u00e9 <span class=\"xn-person\">Jorge Nascimento<\/span>, Presidente Executivo da Eletros (Associa\u00e7\u00e3o Nacional de Fabricantes de Produtos Eletroeletr\u00f4nicos), tamb\u00e9m apresentou dados sobre o mercado brasileiro de ar-condicionado, que cresceu 38% em 2023 e j\u00e1 acumula 29% de crescimento em 2025. O executivo analisou o impacto da concentra\u00e7\u00e3o produtiva na Zona Franca de Manaus\u00a0e as perspectivas para um mercado mais sustent\u00e1vel e competitivo.<\/p>\n<p class=\"prntal\"><b>Desenvolvimento de canais e p\u00f3s-venda na Am\u00e9rica Latina<\/b><\/p>\n<p class=\"prntal\">A programa\u00e7\u00e3o seguiu com a apresenta\u00e7\u00e3o de cases de expans\u00e3o e p\u00f3s-venda, como o ColdSmart ProSHOP Peru, o MDI Elevator e Cozy Cool da <span class=\"xn-location\">Venezuela<\/span> e o fortalecimento do servi\u00e7o de p\u00f3s-venda no M\u00e9xico.<\/p>\n<p class=\"prntal\">J\u00e1 <span class=\"xn-person\">Laurent Ropain<\/span> apresentou as iniciativas do Brasil Midea Club, programa de relacionamento exclusivo para instaladores, que j\u00e1 conta com 22 mil profissionais cadastrados, 16 mil certificados e mais de 35 mil instala\u00e7\u00f5es registradas. A executiva apresentou o <span class=\"xn-person\">Midea Service Master<\/span>, plataforma de capacita\u00e7\u00e3o e fideliza\u00e7\u00e3o, com treinamentos gratuitos e certifica\u00e7\u00f5es, al\u00e9m de um sistema de pontua\u00e7\u00e3o e benef\u00edcios.<\/p>\n<p class=\"prntal\"><b>Resultados comerciais e planos at\u00e9 2027<\/b><\/p>\n<p class=\"prntal\">Encerrando a C\u00fapula, <span class=\"xn-person\">Carter Yang<\/span>, Diretor de Vendas RAC LATAM, apresentou os resultados da divis\u00e3o e a meta de aumentar em 20% as vendas at\u00e9 2027.<\/p>\n<p class=\"prntal\">Em seguida, <span class=\"xn-person\">Tim Xie<\/span>, Diretor de Vendas MBT LATAM, compartilhou a estrat\u00e9gia da Midea para alcan\u00e7ar a terceira posi\u00e7\u00e3o no mercado de Building Technologies na Am\u00e9rica Latina, com foco em amplia\u00e7\u00e3o de canais, aprimoramento dos servi\u00e7os t\u00e9cnicos e investimentos em marketing.<\/p>\n<p class=\"prntal\"><b>Sobre a C\u00fapula de Parceiros Midea HVAC Am\u00e9rica Latina<\/b><\/p>\n<p class=\"prntal\">A C\u00fapula de Parceiros Midea HVAC Am\u00e9rica Latina 2025 faz parte da estrat\u00e9gia de expans\u00e3o da companhia na regi\u00e3o e consolida\u00e7\u00e3o da marca como refer\u00eancia em inova\u00e7\u00e3o, proximidade regional e solu\u00e7\u00f5es personalizadas para as demandas locais. Esta foi a segunda edi\u00e7\u00e3o do encontro, que se firma como o principal evento de relacionamento e planejamento estrat\u00e9gico da Midea para seus parceiros comerciais na Am\u00e9rica Latina.<\/p>\n<div class=\"PRN_ImbeddedAssetReference\" id=\"DivAssetPlaceHolder5991\">\n<a href=\"https:\/\/mma.prnewswire.com\/media\/2715904\/2L3A0842_3734057911.html\" target=\"_blank\" rel=\"nofollow\"><img decoding=\"async\" src=\"https:\/\/mma.prnewswire.com\/media\/2715904\/2L3A0842_3734057911.jpg\" title=\"Midea \u00e9 reconhecida como n\u00ba 1 em aparelhos de climatiza\u00e7\u00e3o da Am\u00e9rica Latina\" alt=\"Midea \u00e9 reconhecida como n\u00ba 1 em aparelhos de climatiza\u00e7\u00e3o da Am\u00e9rica Latina\" \/><\/a><\/p>\n<\/div>\n<p class=\"prntal\"><b>Sobre a <span class=\"xn-person\">Midea Carrier<\/span><\/b>?\u00a0<\/p>\n<p class=\"prntal\">A <span class=\"xn-person\">Midea Carrier<\/span> \u00e9 fruto da uni\u00e3o de duas gigantes mundiais do mercado: a Midea, l\u00edder em produ\u00e7\u00e3o de eletrodom\u00e9sticos, e a Carrier, l\u00edder em climatiza\u00e7\u00e3o e fundada pelo inventor do ar-condicionado ? <span class=\"xn-person\">Willis Carrier<\/span>. Em 2011, as duas empresas formaram uma joint venture para produzir e distribuir produtos no Brasil, <span class=\"xn-location\">Argentina<\/span> e <span class=\"xn-location\">Chile<\/span>, se tornando assim a maior fabricante de equipamentos de climatiza\u00e7\u00e3o da Am\u00e9rica Latina. No Brasil, o grupo \u00e9 detentor das marcas Midea, Carrier, Springer, Toshiba e Comfee que oferecem um amplo portf\u00f3lio de produtos para atender as necessidades comerciais e residenciais dos consumidores brasileiros.\u00a0\u00a0<\/p>\n<p class=\"prntal\">A empresa conta com um centro de engenharia e pesquisa, respons\u00e1vel pelo lan\u00e7amento de novas tecnologias que tornam seus produtos cada vez mais inovadores, eficientes, econ\u00f4micos e sustent\u00e1veis.?As f\u00e1bricas da <span class=\"xn-person\">Midea Carrier<\/span> no Brasil?possuem m\u00e9todos de produ\u00e7\u00e3o sustent\u00e1veis que garantem o compromisso da empresa com a gest\u00e3o respons\u00e1vel do neg\u00f3cio.?\u00a0<\/p>\n<p class=\"prntal\">Foto &#8211; <a href=\"https:\/\/mma.prnewswire.com\/media\/2715902\/2L3A2859_3734082823.jpg\" target=\"_blank\" rel=\"nofollow\">https:\/\/mma.prnewswire.com\/media\/2715902\/2L3A2859_3734082823.jpg<\/a><\/p>\n<p class=\"prntal\">Foto &#8211; <a href=\"https:\/\/mma.prnewswire.com\/media\/2715903\/2L3A0192_3734079443.jpg\" target=\"_blank\" rel=\"nofollow\">https:\/\/mma.prnewswire.com\/media\/2715903\/2L3A0192_3734079443.jpg<\/a><\/p>\n<p class=\"prntal\">Foto &#8211; <a href=\"https:\/\/mma.prnewswire.com\/media\/2715904\/2L3A0842_3734057911.jpg\" target=\"_blank\" rel=\"nofollow\">https:\/\/mma.prnewswire.com\/media\/2715904\/2L3A0842_3734057911.jpg<\/a><\/p>\n<div class=\"PRN_ImbeddedAssetReference\" id=\"DivAssetPlaceHolder0\"><\/div>\n<p id=\"PURL\"><img loading=\"lazy\" decoding=\"async\" title=\"Cision\" width=\"12\" height=\"12\" alt=\"Cision\" src=\"https:\/\/c212.net\/c\/img\/favicon.png?sn=PT15338&amp;sd=2025-06-23\" \/> View original content to download multimedia:<a id=\"PRNURL\" rel=\"nofollow\" href=\"https:\/\/www.prnewswire.com\/br\/comunicados-para-a-imprensa\/midea-realiza-cupula-de-parceiros-hvac-america-latina-2025-e-compartilha-estrategias-para-a-lideranca-do-setor-302487420.html\" target=\"_blank\">https:\/\/www.prnewswire.com\/br\/comunicados-para-a-imprensa\/midea-realiza-cupula-de-parceiros-hvac-america-latina-2025-e-compartilha-estrategias-para-a-lideranca-do-setor-302487420.html<\/a><\/p>\n<p>FONTE  Midea<\/p>\n<\/div>\n<p><img decoding=\"async\" alt=\"\" src=\"https:\/\/rt.prnewswire.com\/rt.gif?NewsItemId=PT15338&amp;Transmission_Id=202506230800PR_NEWS_LATAM____PT15338&amp;DateId=20250623\" style=\"border:0px;width:1px;height:1px\" \/><\/p>\n<p><strong>T\u00f3picos Relacionados:<\/strong> Pesquisa, Enquetes e Estudos, Not\u00edcias de Feiras Comerciais, Produtos Dom\u00e9sticos, Varejo, Dom\u00e9stico\/Consumidor\/Cosm\u00e9ticos<\/p>\n<p>A <b>OESP<\/b> n\u00e3o \u00e9(s\u00e3o) respons\u00e1vel(is) por erros, incorre\u00e7\u00f5es, atrasos ou quaisquer decis\u00f5es tomadas por seus clientes com base nos Conte\u00fados ora disponibilizados, bem como tais Conte\u00fados n\u00e3o representam a opini\u00e3o da <b>OESP<\/b> e s\u00e3o de inteira responsabilidade da <b>PR Newswire Ltda<\/b><\/p>\n","protected":false},"excerpt":{"rendered":"Com participantes de 18 pa\u00edses, evento apresentou portf\u00f3lio de solu\u00e7\u00f5es, tend\u00eancias de mercado e cases de sucesso na regi\u00e3o S\u00c3O PAULO, 23 de junho de 2025 \/PRNewswire\/ &#8212; Na \u00faltima semana","protected":false},"author":1,"featured_media":0,"comment_status":"open","ping_status":"closed","sticky":false,"template":"","format":"standard","meta":{"_acf_changed":false,"inline_featured_image":false,"_monsterinsights_skip_tracking":false,"_monsterinsights_sitenote_active":false,"_monsterinsights_sitenote_note":"","_monsterinsights_sitenote_category":0,"footnotes":""},"categories":[27],"tags":[],"class_list":["post-112455","post","type-post","status-publish","format-standard","hentry","category-prnewswire"],"acf":[],"_links":{"self":[{"href":"https:\/\/bluestudio.estadao.com.br\/agencia-de-comunicacao\/wp-json\/wp\/v2\/posts\/112455","targetHints":{"allow":["GET"]}}],"collection":[{"href":"https:\/\/bluestudio.estadao.com.br\/agencia-de-comunicacao\/wp-json\/wp\/v2\/posts"}],"about":[{"href":"https:\/\/bluestudio.estadao.com.br\/agencia-de-comunicacao\/wp-json\/wp\/v2\/types\/post"}],"author":[{"embeddable":true,"href":"https:\/\/bluestudio.estadao.com.br\/agencia-de-comunicacao\/wp-json\/wp\/v2\/users\/1"}],"replies":[{"embeddable":true,"href":"https:\/\/bluestudio.estadao.com.br\/agencia-de-comunicacao\/wp-json\/wp\/v2\/comments?post=112455"}],"version-history":[{"count":1,"href":"https:\/\/bluestudio.estadao.com.br\/agencia-de-comunicacao\/wp-json\/wp\/v2\/posts\/112455\/revisions"}],"predecessor-version":[{"id":112461,"href":"https:\/\/bluestudio.estadao.com.br\/agencia-de-comunicacao\/wp-json\/wp\/v2\/posts\/112455\/revisions\/112461"}],"wp:attachment":[{"href":"https:\/\/bluestudio.estadao.com.br\/agencia-de-comunicacao\/wp-json\/wp\/v2\/media?parent=112455"}],"wp:term":[{"taxonomy":"category","embeddable":true,"href":"https:\/\/bluestudio.estadao.com.br\/agencia-de-comunicacao\/wp-json\/wp\/v2\/categories?post=112455"},{"taxonomy":"post_tag","embeddable":true,"href":"https:\/\/bluestudio.estadao.com.br\/agencia-de-comunicacao\/wp-json\/wp\/v2\/tags?post=112455"}],"curies":[{"name":"wp","href":"https:\/\/api.w.org\/{rel}","templated":true}]}}