{"id":112453,"date":"2025-06-23T08:27:00","date_gmt":"2025-06-23T11:27:00","guid":{"rendered":"https:\/\/bluestudio.estadao.com.br\/agencia-de-comunicacao\/prnewswire\/verosoft-expande-a-inovacao-do-eam-com-o-lancamento-do-tag-mobi-eam-para-microsoft-business-central\/"},"modified":"2025-06-23T08:27:00","modified_gmt":"2025-06-23T11:27:00","slug":"verosoft-expande-a-inovacao-do-eam-com-o-lancamento-do-tag-mobi-eam-para-microsoft-business-central","status":"publish","type":"post","link":"https:\/\/bluestudio.estadao.com.br\/agencia-de-comunicacao\/prnewswire\/verosoft-expande-a-inovacao-do-eam-com-o-lancamento-do-tag-mobi-eam-para-microsoft-business-central\/","title":{"rendered":"Verosoft expande a inova\u00e7\u00e3o do EAM com o lan\u00e7amento do TAG Mobi EAM para Microsoft Business Central"},"content":{"rendered":"<div class=\"xn-content\">\n<span class=\"legendSpanClass\"><span class=\"xn-location\">MONTREAL<\/span><\/span>, <span class=\"legendSpanClass\">23 de junho de 2025<\/span> \/PRNewswire\/ &#8212; A <a href=\"https:\/\/c212.net\/c\/link\/?t=0&amp;l=pt&amp;o=4452436-1&amp;h=1350294669&amp;u=https%3A%2F%2Fc212.net%2Fc%2Flink%2F%3Ft%3D0%26l%3Den%26o%3D4452436-1%26h%3D1821020481%26u%3Dhttps%253A%252F%252Fwww.verosoftdesign.com%252F%26a%3DVerosoft&amp;a=Verosoft\" target=\"_blank\" rel=\"nofollow\">Verosoft<\/a>, fornecedora l\u00edder de solu\u00e7\u00f5es de gerenciamento de ativos corporativos (EAM), anunciou hoje o lan\u00e7amento do <a href=\"https:\/\/c212.net\/c\/link\/?t=0&amp;l=pt&amp;o=4452436-1&amp;h=886310316&amp;u=https%3A%2F%2Fc212.net%2Fc%2Flink%2F%3Ft%3D0%26l%3Den%26o%3D4452436-1%26h%3D2280377604%26u%3Dhttps%253A%252F%252Fwww.verosoftdesign.com%252Fthe-asset-guardian%26a%3DTAG%2BMobi%2BEAM&amp;a=TAG+Mobi+EAM\" target=\"_blank\" rel=\"nofollow\">TAG Mobi EAM<\/a>, uma plataforma de EAM m\u00f3vel criada para revolucionar a forma como as organiza\u00e7\u00f5es de fabrica\u00e7\u00e3o, energia e gerenciamento de instala\u00e7\u00f5es modernizam as opera\u00e7\u00f5es de manuten\u00e7\u00e3o, fortalecem a efici\u00eancia da for\u00e7a de trabalho e aumentam a produtividade.<\/p>\n<div id=\"prni_dvprnejpg2ad1left\" dir=\"ltr\" style=\"width: 100%;text-align: left\"><img decoding=\"async\" id=\"prnejpg2ad1left\" title=\"Verosoft logo\" src=\"https:\/\/mma.prnewswire.com\/media\/2714285\/Verosoft_Verosoft_Expands_EAM_Innovation_with_Launch_of_TAG_Mobi.jpg\" alt=\"Verosoft logo\" align=\"middle\" \/><\/div>\n<p>\u00c0 medida que as empresas globais trabalham para guiar a produ\u00e7\u00e3o em v\u00e1rios locais, manobrar interrup\u00e7\u00f5es na cadeia de suprimentos, atingir metas de sustentabilidade e mitigar a escassez de m\u00e3o de obra qualificada, o TAG Mobi EAM oferece uma alternativa econ\u00f4mica, m\u00f3vel e alimentada por IA aos sistemas EAM tradicionais. <a href=\"https:\/\/c212.net\/c\/link\/?t=0&amp;l=pt&amp;o=4452436-1&amp;h=232566716&amp;u=https%3A%2F%2Fc212.net%2Fc%2Flink%2F%3Ft%3D0%26l%3Den%26o%3D4452436-1%26h%3D2066532619%26u%3Dhttps%253A%252F%252Fwww.verosoftdesign.com%252Ffeatures%252Fmicrosoft-dynamics-365-business-central%26a%3DFully%2Bembedded%2Bin%2BMicrosoft%2BDynamics%2B365%2BBusiness%2BCentral&amp;a=Totalmente+incorporado+ao+Microsoft+Dynamics+365+Business+Central\" target=\"_blank\" rel=\"nofollow\">Totalmente incorporado ao Microsoft Dynamics 365 Business Central<\/a>, o TAG Mobi EAM capacita as empresas com implanta\u00e7\u00e3o mais r\u00e1pida e menor custo total de opera\u00e7\u00f5es (TCOP), capacitando as empresas a dimensionar suas opera\u00e7\u00f5es de ativos sem a complexidade do software legado.<\/p>\n<p>&#8220;Quer\u00edamos um sistema EAM totalmente m\u00f3vel e assistido por IA para incentivar a ado\u00e7\u00e3o do usu\u00e1rio&#8221;, disse <span class=\"xn-person\">Alexis Turgeon<\/span>, diretor de inova\u00e7\u00e3o da Verosoft. &#8220;Os recursos de IA do sistema TAG Mobi EAM s\u00e3o projetados para apoiar os usu\u00e1rios em toda a jornada de transforma\u00e7\u00e3o digital, os treinando e ajudando \u00e0 medida que aprendem. Olhando para o futuro, estamos bem-posicionados para treinar agentes de IA que n\u00e3o apenas simplificar\u00e3o as implementa\u00e7\u00f5es de EAM, mas tamb\u00e9m ajudar\u00e3o a orientar as decis\u00f5es com base nos dados do equipamento.&#8221;<\/p>\n<p><b> TAG Mobi: modernizando ind\u00fastrias com simplicidade e rapidez <\/b><\/p>\n<p>O TAG Mobi EAM capacita as equipes a mudar de <a href=\"https:\/\/c212.net\/c\/link\/?t=0&amp;l=pt&amp;o=4452436-1&amp;h=1271857572&amp;u=https%3A%2F%2Fc212.net%2Fc%2Flink%2F%3Ft%3D0%26l%3Den%26o%3D4452436-1%26h%3D1101600861%26u%3Dhttps%253A%252F%252Fwww.verosoftdesign.com%252Ffeatures%252Fpreventive-maintenance%26a%3Dpreventive%2Band%2Bpredictive%2Bmaintenance%2Bstrategies&amp;a=estrat%C3%A9gias+de+manuten%C3%A7%C3%A3o+reativa+para+preventiva+e+preditiva\" target=\"_blank\" rel=\"nofollow\">estrat\u00e9gias de manuten\u00e7\u00e3o reativa para preventiva e preditiva<\/a>, estendendo os ciclos de vida dos ativos e reduzindo o tempo de inatividade. Ao conectar o TAG Mobi EAM e os ambientes de planejamento de recursos empresariais (ERP), as equipes de manuten\u00e7\u00e3o, finan\u00e7as e opera\u00e7\u00f5es podem tomar decis\u00f5es mais inteligentes e r\u00e1pidas sobre o desempenho do equipamento.<\/p>\n<p>A experi\u00eancia flex\u00edvel e baseada no usu\u00e1rio do TAG Mobi EAM garante que t\u00e9cnicos, supervisores, gerentes e opera\u00e7\u00f5es vejam apenas as ferramentas e informa\u00e7\u00f5es relevantes para suas responsabilidades, melhorando o foco e a efici\u00eancia no trabalho.<\/p>\n<p>Com ferramentas integradas de assist\u00eancia de IA, o TAG Mobi EAM tamb\u00e9m acelera o treinamento e a ado\u00e7\u00e3o do usu\u00e1rio, orientando os indiv\u00edduos por meio de fluxos de trabalho em tempo real, o que \u00e9 uma vantagem essencial em setores onde a m\u00e3o de obra qualificada \u00e9 limitada e as demandas de produtividade s\u00e3o altas.<\/p>\n<p><b>Fortalecimento da posi\u00e7\u00e3o do TAG Mobi no mercado de EAM<\/b><\/p>\n<p>\u00c0 medida que as empresas continuam investindo na moderniza\u00e7\u00e3o da infraestrutura e opera\u00e7\u00f5es sustent\u00e1veis, a necessidade de gerenciamento de ativos confi\u00e1vel, flex\u00edvel e preparado para o futuro \u00e9 imperativa em uma economia orientada por dados. O TAG Mobi EAM ajuda empresas de m\u00e9dio a grande porte, de inovadores regionais a globais, a enfrentar neste cen\u00e1rio econ\u00f4mico em constante mudan\u00e7a.<\/p>\n<p>Com o lan\u00e7amento do TAG Mobi EAM, a Verosoft consolida ainda mais sua posi\u00e7\u00e3o como l\u00edder em inova\u00e7\u00e3o no setor de gerenciamento e manuten\u00e7\u00e3o de ativos corporativos. Ao fornecer uma solu\u00e7\u00e3o m\u00f3vel e baseada em IA totalmente incorporada ao Microsoft Dynamics 365 Business Central, o TAG Mobi EAM oferece uma op\u00e7\u00e3o escal\u00e1vel para empresas que buscam simplicidade de uso e integra\u00e7\u00e3o no ecossistema da Microsoft.<\/p>\n<p>O TAG Mobi refor\u00e7a a miss\u00e3o da Verosoft de capacitar as empresas com software inovador e inteligente necess\u00e1rio para gerenciar ativos de forma eficaz, reduzir custos operacionais e dimensionar e proteger seus neg\u00f3cios.<\/p>\n<p><b>Sobre a Verosoft<\/b><\/p>\n<p>Orgulhosamente canadense, a Verosoft \u00e9 uma empresa global de software dedicada a ajudar empresas com uso intensivo de ativos a alcan\u00e7ar a excel\u00eancia operacional por meio de solu\u00e7\u00f5es intuitivas e inteligentes. Seu principal produto, o The Asset Guardian (TAG) Mobi EAM capacita as organiza\u00e7\u00f5es a gerenciar, manter e otimizar ativos f\u00edsicos em setores-chave, como fabrica\u00e7\u00e3o, gerenciamento de instala\u00e7\u00f5es e energia renov\u00e1vel. Saiba mais em verosoftdesign.com.<\/p>\n<div id=\"prni_dvprnejpgc6b9left\" dir=\"ltr\" style=\"width: 100%;text-align: left\"><img decoding=\"async\" id=\"prnejpgc6b9left\" title=\"A maintenance professional uses The Asset Guardian (TAG) Mobi to optimize the assets in their plant. \" src=\"https:\/\/mma.prnewswire.com\/media\/2714287\/Verosoft_Verosoft_Expands_EAM_Innovation_with_Launch_of_TAG_Mobi.jpg\" alt=\"A maintenance professional uses The Asset Guardian (TAG) Mobi to optimize the assets in their plant. \" align=\"middle\" \/><\/div>\n<p>Logotipo &#8211; <a href=\"https:\/\/c212.net\/c\/link\/?t=0&amp;l=pt&amp;o=4452436-1&amp;h=1967552479&amp;u=https%3A%2F%2Fmma.prnewswire.com%2Fmedia%2F2714285%2FVerosoft_Verosoft_Expands_EAM_Innovation_with_Launch_of_TAG_Mobi.jpg&amp;a=https%3A%2F%2Fmma.prnewswire.com%2Fmedia%2F2714285%2FVerosoft_Verosoft_Expands_EAM_Innovation_with_Launch_of_TAG_Mobi.jpg\" target=\"_blank\" rel=\"nofollow\">https:\/\/mma.prnewswire.com\/media\/2714285\/Verosoft_Verosoft_Expands_EAM_Innovation_with_Launch_of_TAG_Mobi.jpg<\/a><br \/>Foto &#8211; <a href=\"https:\/\/c212.net\/c\/link\/?t=0&amp;l=pt&amp;o=4452436-1&amp;h=2034794910&amp;u=https%3A%2F%2Fmma.prnewswire.com%2Fmedia%2F2714287%2FVerosoft_Verosoft_Expands_EAM_Innovation_with_Launch_of_TAG_Mobi.jpg&amp;a=https%3A%2F%2Fmma.prnewswire.com%2Fmedia%2F2714287%2FVerosoft_Verosoft_Expands_EAM_Innovation_with_Launch_of_TAG_Mobi.jpg\" target=\"_blank\" rel=\"nofollow\">https:\/\/mma.prnewswire.com\/media\/2714287\/Verosoft_Verosoft_Expands_EAM_Innovation_with_Launch_of_TAG_Mobi.jpg<\/a><\/p>\n<p id=\"PURL\"><img loading=\"lazy\" decoding=\"async\" title=\"Cision\" width=\"12\" height=\"12\" alt=\"Cision\" src=\"https:\/\/c212.net\/c\/img\/favicon.png?sn=PT13767&amp;sd=2025-06-23\" \/> View original content:<a id=\"PRNURL\" rel=\"nofollow\" href=\"https:\/\/www.prnewswire.com\/br\/comunicados-para-a-imprensa\/verosoft-expande-a-inovacao-do-eam-com-o-lancamento-do-tag-mobi-eam-para-microsoft-business-central-302486621.html\" target=\"_blank\">https:\/\/www.prnewswire.com\/br\/comunicados-para-a-imprensa\/verosoft-expande-a-inovacao-do-eam-com-o-lancamento-do-tag-mobi-eam-para-microsoft-business-central-302486621.html<\/a><\/p>\n<p>FONTE  Verosoft<\/p>\n<\/div>\n<p><img decoding=\"async\" alt=\"\" src=\"https:\/\/rt.prnewswire.com\/rt.gif?NewsItemId=PT13767&amp;Transmission_Id=202506230718PR_NEWS_LATAM____PT13767&amp;DateId=20250623\" style=\"border:0px;width:1px;height:1px\" \/><\/p>\n<p><strong>T\u00f3picos Relacionados:<\/strong> Novos Produtos\/Servi\u00e7os, Software de Computador, Telecomunica\u00e7\u00f5es, Computador\/Eletr\u00f4nica<\/p>\n<p>A <b>OESP<\/b> n\u00e3o \u00e9(s\u00e3o) respons\u00e1vel(is) por erros, incorre\u00e7\u00f5es, atrasos ou quaisquer decis\u00f5es tomadas por seus clientes com base nos Conte\u00fados ora disponibilizados, bem como tais Conte\u00fados n\u00e3o representam a opini\u00e3o da <b>OESP<\/b> e s\u00e3o de inteira responsabilidade da <b>PR Newswire Ltda<\/b><\/p>\n","protected":false},"excerpt":{"rendered":"MONTREAL, 23 de junho de 2025 \/PRNewswire\/ &#8212; A Verosoft, fornecedora l\u00edder de solu\u00e7\u00f5es de gerenciamento de ativos corporativos (EAM), anunciou hoje o lan\u00e7amento do TAG Mobi EAM, uma","protected":false},"author":1,"featured_media":0,"comment_status":"open","ping_status":"closed","sticky":false,"template":"","format":"standard","meta":{"_acf_changed":false,"inline_featured_image":false,"_monsterinsights_skip_tracking":false,"_monsterinsights_sitenote_active":false,"_monsterinsights_sitenote_note":"","_monsterinsights_sitenote_category":0,"footnotes":""},"categories":[27],"tags":[],"class_list":["post-112453","post","type-post","status-publish","format-standard","hentry","category-prnewswire"],"acf":[],"_links":{"self":[{"href":"https:\/\/bluestudio.estadao.com.br\/agencia-de-comunicacao\/wp-json\/wp\/v2\/posts\/112453","targetHints":{"allow":["GET"]}}],"collection":[{"href":"https:\/\/bluestudio.estadao.com.br\/agencia-de-comunicacao\/wp-json\/wp\/v2\/posts"}],"about":[{"href":"https:\/\/bluestudio.estadao.com.br\/agencia-de-comunicacao\/wp-json\/wp\/v2\/types\/post"}],"author":[{"embeddable":true,"href":"https:\/\/bluestudio.estadao.com.br\/agencia-de-comunicacao\/wp-json\/wp\/v2\/users\/1"}],"replies":[{"embeddable":true,"href":"https:\/\/bluestudio.estadao.com.br\/agencia-de-comunicacao\/wp-json\/wp\/v2\/comments?post=112453"}],"version-history":[{"count":0,"href":"https:\/\/bluestudio.estadao.com.br\/agencia-de-comunicacao\/wp-json\/wp\/v2\/posts\/112453\/revisions"}],"wp:attachment":[{"href":"https:\/\/bluestudio.estadao.com.br\/agencia-de-comunicacao\/wp-json\/wp\/v2\/media?parent=112453"}],"wp:term":[{"taxonomy":"category","embeddable":true,"href":"https:\/\/bluestudio.estadao.com.br\/agencia-de-comunicacao\/wp-json\/wp\/v2\/categories?post=112453"},{"taxonomy":"post_tag","embeddable":true,"href":"https:\/\/bluestudio.estadao.com.br\/agencia-de-comunicacao\/wp-json\/wp\/v2\/tags?post=112453"}],"curies":[{"name":"wp","href":"https:\/\/api.w.org\/{rel}","templated":true}]}}