{"id":112415,"date":"2025-06-19T17:42:00","date_gmt":"2025-06-19T20:42:00","guid":{"rendered":"https:\/\/bluestudio.estadao.com.br\/agencia-de-comunicacao\/prnewswire\/lider-experiente-owen-james-e-promovido-a-presidente-do-pra-group-europe\/"},"modified":"2025-06-19T17:42:00","modified_gmt":"2025-06-19T20:42:00","slug":"lider-experiente-owen-james-e-promovido-a-presidente-do-pra-group-europe","status":"publish","type":"post","link":"https:\/\/bluestudio.estadao.com.br\/agencia-de-comunicacao\/prnewswire\/lider-experiente-owen-james-e-promovido-a-presidente-do-pra-group-europe\/","title":{"rendered":"L\u00edder experiente Owen James \u00e9 promovido a presidente do PRA Group Europe"},"content":{"rendered":"<div class=\"xn-content\">\n<i>A promo\u00e7\u00e3o se baseia em uma carreira de sucesso de 13 anos no PRA Group, mas recentemente supervisionando investimentos de portf\u00f3lio recordes como Diretor de Investimentos Globais<\/i><\/p>\n<p><span class=\"legendSpanClass\">NORFOLK, Virg\u00ednia<\/span>, <span class=\"legendSpanClass\">19 de junho de 2025<\/span> \/PRNewswire\/ &#8212; O <a href=\"https:\/\/c212.net\/c\/link\/?t=0&amp;l=pt&amp;o=4452578-1&amp;h=1651872071&amp;u=https%3A%2F%2Fc212.net%2Fc%2Flink%2F%3Ft%3D0%26l%3Den%26o%3D4452578-1%26h%3D1885251963%26u%3Dhttps%253A%252F%252Fwww.pragroup.com%252Fabout-pra-group%252F%26a%3DPRA%2BGroup%252C%2BInc.&amp;a=PRA+Group%2C+Inc.\" target=\"_blank\" rel=\"nofollow\">PRA Group, Inc.<\/a> (Nasdaq: PRAA ), l\u00edder global em aquisi\u00e7\u00e3o e cobran\u00e7a de empr\u00e9stimos inadimplentes, promoveu <span class=\"xn-person\">Owen James<\/span> a presidente do PRA Group Europe. Como presidente do PRA Group Europe, James assumir\u00e1 a lideran\u00e7a em 15 mercados na Europa , Canad\u00e1 e Austr\u00e1lia. Ele tamb\u00e9m ser\u00e1 respons\u00e1vel por supervisionar os investimentos do portf\u00f3lio em toda a Europa , ao mesmo tempo em que fortalece a lucratividade cont\u00ednua dos neg\u00f3cios europeus.<\/p>\n<div class=\"PRN_ImbeddedAssetReference\" id=\"DivAssetPlaceHolder7403\">\n<a href=\"https:\/\/mma.prnewswire.com\/media\/2714443\/PRA_Group_Owen_James.html\" target=\"_blank\" rel=\"nofollow\"><img decoding=\"async\" src=\"https:\/\/mma.prnewswire.com\/media\/2714443\/PRA_Group_Owen_James.jpg\" title=\"Owen James foi promovido a presidente do PRA Group Europe, anteriormente diretor de investimentos globais. (PRNewsfoto\/PRA Group, Inc.)\" alt=\"Owen James foi promovido a presidente do PRA Group Europe, anteriormente diretor de investimentos globais. (PRNewsfoto\/PRA Group, Inc.)\" \/><\/a><\/p>\n<\/div>\n<p>James se reportar\u00e1 ao <a href=\"https:\/\/c212.net\/c\/link\/?t=0&amp;l=pt&amp;o=4452578-1&amp;h=2090912222&amp;u=https%3A%2F%2Fc212.net%2Fc%2Flink%2F%3Ft%3D0%26l%3Den%26o%3D4452578-1%26h%3D372523772%26u%3Dhttps%253A%252F%252Fwww.pragroup.com%252F2025%252F04%252Fpra-group-announces-leadership-succession-plan-martin-sjolund%252F%26a%3DPresident%2Band%2BCEO%2BMartin%2BSjolund&amp;a=presidente+e+CEO+Martin+Sjolund\" target=\"_blank\" rel=\"nofollow\">presidente e CEO <span class=\"xn-person\">Martin Sjolund<\/span><\/a>, a quem ele suceder\u00e1.<\/p>\n<p>&#8220;\u00c9 uma honra para mim servir como presidente do PRA Group Europe e consolidar o sucesso dos nossos neg\u00f3cios europeus. Estou entusiasmado em continuar trabalhando com nossa equipe de lideran\u00e7a s\u00eanior nesta nova fun\u00e7\u00e3o para executar nossa estrat\u00e9gia e fortalecer ainda mais a presen\u00e7a da nossa empresa em mercados estrat\u00e9gicos importantes em toda a Europa&#8221;, disse James.<\/p>\n<p>Nos \u00faltimos sete anos, os neg\u00f3cios europeus do PRA Group apresentaram resultados s\u00f3lidos e se tornaram um importante impulsionador do desempenho da empresa, com mais de <span class=\"xn-money\">US$ 3<\/span> bilh\u00f5es investidos com sucesso em portf\u00f3lios por toda a Europa .<\/p>\n<p>James possui mais de 30 anos de experi\u00eancia em servi\u00e7os financeiros. Ingressou no PRA Group h\u00e1 13 anos, por meio da aquisi\u00e7\u00e3o da Mackenzie Hall Holdings pela empresa em 2012. James ocupou diversos cargos de lideran\u00e7a nos neg\u00f3cios europeus do PRA Group antes de assumir o cargo de diretor de investimentos globais, onde supervisionou a estrat\u00e9gia global de investimentos da empresa. Antes de ingressar no PRA Group, trabalhou por mais de 15 anos em diversos cargos de lideran\u00e7a na Intrum, uma importante compradora e prestadora de servi\u00e7os de d\u00edvida europeia.<\/p>\n<p>&#8220;Tendo trabalhado com Owen por mais de 10 anos, ele \u00e9 a pessoa ideal para liderar o PRA Group Europe rumo ao sucesso cont\u00ednuo. Owen possui vasta experi\u00eancia em investimentos, s\u00f3lido conhecimento operacional e \u00e9 um l\u00edder altamente respeitado no setor global de empr\u00e9stimos inadimplentes. Sei que ele consolidar\u00e1 o hist\u00f3rico de sucesso do PRA Group Europe como uma das opera\u00e7\u00f5es de compra de d\u00edvida mais eficientes&#8221;, disse Sjolund.<\/p>\n<p><b>Sobre o PRA Group<br \/><\/b>Como l\u00edder global na aquisi\u00e7\u00e3o e cobran\u00e7a de empr\u00e9stimos inadimplentes, o PRA Group, Inc. devolve capital a bancos e outros credores para ajudar a expandir os servi\u00e7os financeiros para consumidores nas Am\u00e9ricas, Europa e Austr\u00e1lia. Contando com milhares de funcion\u00e1rios em todo o mundo, as empresas do PRA Group ajudam os clientes a solucionar suas d\u00edvidas. Para mais informa\u00e7\u00f5es, acesse <a href=\"https:\/\/c212.net\/c\/link\/?t=0&amp;l=pt&amp;o=4452578-1&amp;h=1686112266&amp;u=https%3A%2F%2Fc212.net%2Fc%2Flink%2F%3Ft%3D0%26l%3Den%26o%3D4452578-1%26h%3D1971448338%26u%3Dhttp%253A%252F%252Fwww.pragroup.com%252F%26a%3Dwww.pragroup.com&amp;a=www.pragroup.com\" target=\"_blank\" rel=\"nofollow\">www.pragroup.com<\/a>.<\/p>\n<p><b>Contato com a m\u00eddia:<\/b> <br \/><span class=\"xn-person\">Giovanna Genard<\/span><br \/>Vice-presidente, Comunica\u00e7\u00f5es Globais e Assuntos Externos | L\u00edder de Marketing<br \/>(757) 282-3343<br \/><a href=\"mailto:Giovanna.Genard@PRAGroup.com\" target=\"_blank\" rel=\"nofollow\">Giovanna.Genard@PRAGroup.com<\/a><\/p>\n<p><b>Contato com investidores:<br \/><\/b><span class=\"xn-person\">Najim Mostamand<\/span>, CFA<br \/>Vice-presidente de Rela\u00e7\u00f5es com Investidores<br \/>(757) 431-7913<br \/><a href=\"mailto:IR@PRAGroup.com\" target=\"_blank\" rel=\"nofollow\">IR@PRAGroup.com<\/a><\/p>\n<div class=\"PRN_ImbeddedAssetReference\" id=\"DivAssetPlaceHolder1317\">\n<a href=\"https:\/\/mma.prnewswire.com\/media\/819349\/PRA_Logo.html\" target=\"_blank\" rel=\"nofollow\"><img decoding=\"async\" src=\"https:\/\/mma.prnewswire.com\/media\/819349\/PRA_Logo.jpg\" title=\"(PRNewsfoto\/PRA Group)\" alt=\"(PRNewsfoto\/PRA Group)\" \/><\/a><\/p>\n<\/div>\n<p>Foto &#8211; <a href=\"https:\/\/c212.net\/c\/link\/?t=0&amp;l=pt&amp;o=4452578-1&amp;h=3368168412&amp;u=https%3A%2F%2Fmma.prnewswire.com%2Fmedia%2F2714443%2FPRA_Group_Owen_James.jpg&amp;a=https%3A%2F%2Fmma.prnewswire.com%2Fmedia%2F2714443%2FPRA_Group_Owen_James.jpg\" target=\"_blank\" rel=\"nofollow\">https:\/\/mma.prnewswire.com\/media\/2714443\/PRA_Group_Owen_James.jpg<\/a><\/p>\n<p>Logotipo &#8211; <a href=\"https:\/\/c212.net\/c\/link\/?t=0&amp;l=pt&amp;o=4452578-1&amp;h=2815035867&amp;u=https%3A%2F%2Fmma.prnewswire.com%2Fmedia%2F819349%2F5377903%2FPRA_Logo.jpg&amp;a=https%3A%2F%2Fmma.prnewswire.com%2Fmedia%2F819349%2F5377903%2FPRA_Logo.jpg\" target=\"_blank\" rel=\"nofollow\">https:\/\/mma.prnewswire.com\/media\/819349\/5377903\/PRA_Logo.jpg<\/a><\/p>\n<p>\u00a0<\/p>\n<div class=\"PRN_ImbeddedAssetReference\" id=\"DivAssetPlaceHolder0\"><\/div>\n<p id=\"PURL\"><img loading=\"lazy\" decoding=\"async\" title=\"Cision\" width=\"12\" height=\"12\" alt=\"Cision\" src=\"https:\/\/c212.net\/c\/img\/favicon.png?sn=PT13911&amp;sd=2025-06-19\" \/> View original content to download multimedia:<a id=\"PRNURL\" rel=\"nofollow\" href=\"https:\/\/www.prnewswire.com\/br\/comunicados-para-a-imprensa\/lider-experiente-owen-james-e-promovido-a-presidente-do-pra-group-europe-302486626.html\" target=\"_blank\">https:\/\/www.prnewswire.com\/br\/comunicados-para-a-imprensa\/lider-experiente-owen-james-e-promovido-a-presidente-do-pra-group-europe-302486626.html<\/a><\/p>\n<p>FONTE  PRA Group, Inc.<\/p>\n<\/div>\n<p><img decoding=\"async\" alt=\"\" src=\"https:\/\/rt.prnewswire.com\/rt.gif?NewsItemId=PT13911&amp;Transmission_Id=202506191639PR_NEWS_LATAM____PT13911&amp;DateId=20250619\" style=\"border:0px;width:1px;height:1px\" \/><\/p>\n<p><strong>T\u00f3picos Relacionados:<\/strong> An\u00fancios de Pessoal, Servi\u00e7os Banc\u00e1rios\/Financeiros<\/p>\n<p>A <b>OESP<\/b> n\u00e3o \u00e9(s\u00e3o) respons\u00e1vel(is) por erros, incorre\u00e7\u00f5es, atrasos ou quaisquer decis\u00f5es tomadas por seus clientes com base nos Conte\u00fados ora disponibilizados, bem como tais Conte\u00fados n\u00e3o representam a opini\u00e3o da <b>OESP<\/b> e s\u00e3o de inteira responsabilidade da <b>PR Newswire Ltda<\/b><\/p>\n","protected":false},"excerpt":{"rendered":"A promo\u00e7\u00e3o se baseia em uma carreira de sucesso de 13 anos no PRA Group, mas recentemente supervisionando investimentos de portf\u00f3lio recordes como Diretor de Investimentos Globais NORFOLK,","protected":false},"author":1,"featured_media":0,"comment_status":"open","ping_status":"closed","sticky":false,"template":"","format":"standard","meta":{"_acf_changed":false,"inline_featured_image":false,"_monsterinsights_skip_tracking":false,"_monsterinsights_sitenote_active":false,"_monsterinsights_sitenote_note":"","_monsterinsights_sitenote_category":0,"footnotes":""},"categories":[27],"tags":[],"class_list":["post-112415","post","type-post","status-publish","format-standard","hentry","category-prnewswire"],"acf":[],"_links":{"self":[{"href":"https:\/\/bluestudio.estadao.com.br\/agencia-de-comunicacao\/wp-json\/wp\/v2\/posts\/112415","targetHints":{"allow":["GET"]}}],"collection":[{"href":"https:\/\/bluestudio.estadao.com.br\/agencia-de-comunicacao\/wp-json\/wp\/v2\/posts"}],"about":[{"href":"https:\/\/bluestudio.estadao.com.br\/agencia-de-comunicacao\/wp-json\/wp\/v2\/types\/post"}],"author":[{"embeddable":true,"href":"https:\/\/bluestudio.estadao.com.br\/agencia-de-comunicacao\/wp-json\/wp\/v2\/users\/1"}],"replies":[{"embeddable":true,"href":"https:\/\/bluestudio.estadao.com.br\/agencia-de-comunicacao\/wp-json\/wp\/v2\/comments?post=112415"}],"version-history":[{"count":0,"href":"https:\/\/bluestudio.estadao.com.br\/agencia-de-comunicacao\/wp-json\/wp\/v2\/posts\/112415\/revisions"}],"wp:attachment":[{"href":"https:\/\/bluestudio.estadao.com.br\/agencia-de-comunicacao\/wp-json\/wp\/v2\/media?parent=112415"}],"wp:term":[{"taxonomy":"category","embeddable":true,"href":"https:\/\/bluestudio.estadao.com.br\/agencia-de-comunicacao\/wp-json\/wp\/v2\/categories?post=112415"},{"taxonomy":"post_tag","embeddable":true,"href":"https:\/\/bluestudio.estadao.com.br\/agencia-de-comunicacao\/wp-json\/wp\/v2\/tags?post=112415"}],"curies":[{"name":"wp","href":"https:\/\/api.w.org\/{rel}","templated":true}]}}