{"id":112375,"date":"2025-06-18T10:57:00","date_gmt":"2025-06-18T13:57:00","guid":{"rendered":"https:\/\/bluestudio.estadao.com.br\/agencia-de-comunicacao\/prnewswire\/amc-networks-international-latin-america-e-lg-lancam-the-walking-dead-no-lg-channels-em-todo-o-brasil\/"},"modified":"2025-06-18T10:57:00","modified_gmt":"2025-06-18T13:57:00","slug":"amc-networks-international-latin-america-e-lg-lancam-the-walking-dead-no-lg-channels-em-todo-o-brasil","status":"publish","type":"post","link":"https:\/\/bluestudio.estadao.com.br\/agencia-de-comunicacao\/prnewswire\/amc-networks-international-latin-america-e-lg-lancam-the-walking-dead-no-lg-channels-em-todo-o-brasil\/","title":{"rendered":"AMC Networks International &#8211; Latin America e LG lan\u00e7am &#8220;The Walking Dead&#8221; no LG Channels em todo o Brasil"},"content":{"rendered":"<div class=\"xn-content\">\n<div class=\"PRN_ImbeddedAssetReference\" id=\"DivAssetPlaceHolder3948\">\n<a href=\"https:\/\/mma.prnewswire.com\/media\/2714028\/the_walking_dead.html\" target=\"_blank\" rel=\"nofollow\"><img decoding=\"async\" src=\"https:\/\/mma.prnewswire.com\/media\/2714028\/the_walking_dead.jpg\" title=\"\" alt=\"\" \/><\/a><\/p>\n<\/div>\n<p><b>A s\u00e9rie est\u00e1 dispon\u00edvel gratuitamente nas plataformas LG\u00a0<\/b><b>em todo o Brasil desde o \u00faltimo dia 13 de junho<\/b><\/p>\n<p><span class=\"legendSpanClass\">S\u00c3O PAULO<\/span>, <span class=\"legendSpanClass\">18 de junho de 2025<\/span> \/PRNewswire\/ &#8212; A <b>AMC Networks International ? <span class=\"xn-location\">Latin America<\/span> <\/b>e a <b>LG<\/b> anunciam o lan\u00e7amento de <b><i>The Walking Dead by AMC, <\/i><\/b>canal \u00a0dedicado a uma das s\u00e9ries mais ic\u00f4nicas da televis\u00e3o, que est\u00e1 dispon\u00edvel pela primeira vez no Brasil no servi\u00e7o gratuito das Smart TVs da LG, o LG Channels.<\/p>\n<p>Com The Walking Dead by AMC, junta-se a Daryl, Michonne, Rick e outros do mundo de The Walking Dead, o fen\u00f4meno global que continua a cativar os f\u00e3s. Aproveite o acesso 24 horas a todos os epis\u00f3dios de todas as temporadas da s\u00e9rie, al\u00e9m de entrevistas com o elenco, momentos dos bastidores e muito mais, sem a necessidade de assinatura ou registro.<\/p>\n<p>Com o lan\u00e7amento deste canal, a LG expande suas ofertas de cat\u00e1logo, reafirmando seu compromisso de oferecer experi\u00eancias de entretenimento acess\u00edveis e de qualidade por meio de sua plataforma integrada.\u00a0<\/p>\n<p>&#8220;Estamos animados em trazer uma das s\u00e9ries originais de maior sucesso na hist\u00f3ria da televis\u00e3o a cabo para milh\u00f5es de clientes da LG com este lan\u00e7amento&#8221;, disse <span class=\"xn-person\">John Huff<\/span>, EVP e MD da AMC Networks International ? Am\u00e9rica Latina. &#8220;A introdu\u00e7\u00e3o de The Walking Dead by AMC num canal FAST representa nosso compromisso em criar e curar conte\u00fados de alta qualidade e trabalhar com parceiros como a LG para torn\u00e1-lo dispon\u00edvel para os espectadores onde quer que eles escolham assistir.&#8221;\u00a0<\/p>\n<p>&#8220;A chegada do canal &#8216;The Walking Dead by AMC&#8217; nos LG Channels \u00e9 um marco significativo que refor\u00e7a nosso compromisso em trazer o melhor do entretenimento diretamente para as casas de nossos usu\u00e1rios, de forma gratuita e com f\u00e1cil acesso. Estamos extremamente felizes em expandir nossa parceria com a AMC Networks International ? Am\u00e9rica Latina, entregando um conte\u00fado t\u00e3o ic\u00f4nico e com uma base de f\u00e3s t\u00e3o dedicada.&#8221; disse Jana\u00edna Tadeu, Gerente de ESTRAT\u00c9GIA DE NEG\u00d3CIOS LATAM da LG Electronics.<\/p>\n<p>&#8220;Estamos particularmente orgulhosos de que o LG Channels seja a primeira plataforma na Am\u00e9rica Latina a trazer este canal dedicado para os espectadores, tornando isso uma experi\u00eancia exclusiva dispon\u00edvel apenas no LG Channels. Esta adi\u00e7\u00e3o n\u00e3o s\u00f3 enriquece nossa plataforma com uma experi\u00eancia 24\/7 de um dos maiores fen\u00f4menos da TV, mas tamb\u00e9m solidifica o LG Channels como um destino premium para aqueles que buscam conte\u00fado de alta qualidade sem custos adicionais.&#8221;<\/p>\n<p><b><u>SOBRE A LG ELECTRONICS, INC. <\/u><\/b><\/p>\n<p>A LG Electronics \u00e9 uma inovadora global em tecnologia e eletr\u00f4nicos de consumo, com presen\u00e7a em quase todos os pa\u00edses e uma for\u00e7a de trabalho internacional de mais de 74.000 pessoas. As quatro empresas da LG ? Solu\u00e7\u00f5es de Eletrodom\u00e9sticos e Ar, Entretenimento em Casa, Solu\u00e7\u00f5es de Componentes Automotivos e Solu\u00e7\u00f5es Empresariais ? geraram receita global de mais de 84 trilh\u00f5es de KRW em 2023. A LG \u00e9 uma fabricante l\u00edder de produtos para consumidor e comercial, variando de TVs, eletrodom\u00e9sticos, solu\u00e7\u00f5es de ar, monitores, componentes automotivos e solu\u00e7\u00f5es, e suas marcas premium LG SIGNATURE e o inteligente LG ThinQ s\u00e3o reconhecidas mundialmente. Visite <a href=\"http:\/\/www.LGnewsroom.com\" rel=\"nofollow\">www.LGnewsroom.com<\/a> para as \u00faltimas not\u00edcias.<\/p>\n<p><b><u>SOBRE A LG ELECTRONICS NO BRASIL <br \/><\/u><\/b>Operando no Brasil desde 1996, a LG Electronics comercializa uma extensa linha de produtos no pa\u00eds, com mais de 350 itens, incluindo TVs, equipamentos de \u00e1udio e v\u00eddeo, dispositivos de TI, ar-condicionados, eletrodom\u00e9sticos e solu\u00e7\u00f5es para empresas. A empresa fabrica a maioria dos produtos vendidos no Brasil em sua planta em Manaus e j\u00e1 \u00e9 considerada a segunda maior opera\u00e7\u00e3o da LG fora da Coreia, atr\u00e1s apenas dos Estados Unidos. Com cerca de 3.000 funcion\u00e1rios, a filial brasileira possui seu pr\u00f3prio centro de Pesquisa e Desenvolvimento, suporte t\u00e9cnico e call center, al\u00e9m de uma loja flagship em <span class=\"xn-location\">Recife<\/span>.<\/p>\n<p><b><u>Sobre o AMC Channel <br \/><\/u><\/b>O AMC continua expandindo a sua oferta de narrativas originais e produ\u00e7\u00f5es de alta qualidade. O canal chefe do AMC Networks completa dez anos na Am\u00e9rica Latina criando universos na regi\u00e3o e sendo a casa de t\u00edtulos ic\u00f4nicos, como &#8220;Breaking Bad&#8221;, &#8220;Mad Men&#8221;, &#8220;Better Call Saul&#8221; etc. Com o Universo de The Walking Dead, o AMC segue redefinindo a forma de contar hist\u00f3rias na TV a cabo e por sat\u00e9lite para o mercado latino.<\/p>\n<p><b>Site<\/b>:<u><a href=\"https:\/\/www.amctv.com.br\/\" target=\"_blank\" rel=\"nofollow\"> <\/a><a href=\"https:\/\/www.amctv.com.br\/\" target=\"_blank\" rel=\"nofollow\">amctv.com.br <\/a><br \/><\/u><b>Twitter<\/b>:<u><a href=\"https:\/\/twitter.com\/amctv_br\" target=\"_blank\" rel=\"nofollow\"> <\/a><a href=\"https:\/\/twitter.com\/amctv_br\" target=\"_blank\" rel=\"nofollow\">@amctv_br<\/a> <\/u>\u00a0<br \/><b>Facebook<\/b>:<u><a href=\"https:\/\/www.facebook.com\/AMCTVBr\/\" target=\"_blank\" rel=\"nofollow\"> <\/a><a href=\"https:\/\/www.facebook.com\/AMCTVBr\/\" target=\"_blank\" rel=\"nofollow\">@AMCTVBr <\/a><br \/><\/u><b>Instagram<\/b>:<u><a href=\"https:\/\/www.instagram.com\/amctvbrasil\/\" target=\"_blank\" rel=\"nofollow\"> <\/a><a href=\"https:\/\/www.instagram.com\/amctvbrasil\/\" target=\"_blank\" rel=\"nofollow\">@amctvbrasil<\/a><br \/><\/u><b>YouTube<\/b>:<u><a href=\"https:\/\/www.youtube.com\/c\/AmctvBrasil\" target=\"_blank\" rel=\"nofollow\"> <\/a><a href=\"https:\/\/www.youtube.com\/c\/AmctvBrasil\" target=\"_blank\" rel=\"nofollow\">AMCTVBrasil<\/a><\/u><\/p>\n<p><b><u>Sobre AMC Networks International ? <span class=\"xn-location\">Latin America<\/span> <br \/><\/u><\/b>A AMC Networks International Latin America (AMCNI-LA) \u00e9 uma unidade de neg\u00f3cios da AMC Networks International (AMCNI), uma empresa que distribui conte\u00fado de entretenimento e programa\u00e7\u00e3o aclamada para mais de 125 pa\u00edses e territ\u00f3rios. O portf\u00f3lio de canais da AMCNI inclui as marcas globais AMC e Sundance TV, bem como marcas locais populares e conhecidas em v\u00e1rios g\u00eaneros de programa\u00e7\u00e3o.<\/p>\n<p>A AMCNI-LA est\u00e1 focada na produ\u00e7\u00e3o e distribui\u00e7\u00e3o de programas de TV de alta qualidade em espanhol e portugu\u00eas para os mercados da Am\u00e9rica Latina, Caribe e outros territ\u00f3rios. O portf\u00f3lio de canais no Brasil inclui<u><a href=\"https:\/\/www.amctv.com.br\/\" target=\"_blank\" rel=\"nofollow\"> <\/a><a href=\"https:\/\/www.amctv.com.br\/\" target=\"_blank\" rel=\"nofollow\">AMC<\/a><\/u> e<u><a href=\"https:\/\/filmandarts.com.br\/\" target=\"_blank\" rel=\"nofollow\"> <\/a><a href=\"https:\/\/filmandarts.com.br\/\" target=\"_blank\" rel=\"nofollow\">Film&amp;Arts<\/a><\/u>, e no resto de Am\u00e9rica Latina<u><a href=\"https:\/\/www.amctv.la\/\" target=\"_blank\" rel=\"nofollow\"> <\/a><a href=\"https:\/\/www.amctv.la\/\" target=\"_blank\" rel=\"nofollow\">AMC<\/a><\/u>,<u><a href=\"https:\/\/elgourmet.com\/\" target=\"_blank\" rel=\"nofollow\"> <\/a><a href=\"https:\/\/elgourmet.com\/\" target=\"_blank\" rel=\"nofollow\">El Gourmet<\/a><\/u>,<u><a href=\"https:\/\/maschic.com\/\" target=\"_blank\" rel=\"nofollow\"> <\/a><a href=\"https:\/\/maschic.com\/\" target=\"_blank\" rel=\"nofollow\">M\u00e1s Chic<\/a><\/u>,<u><a href=\"https:\/\/www.filmandarts.tv\/\" target=\"_blank\" rel=\"nofollow\"> <\/a><a href=\"https:\/\/www.filmandarts.tv\/\" target=\"_blank\" rel=\"nofollow\">Film&amp;Arts<\/a><\/u>,<u><a href=\"https:\/\/www.europaeuropa.tv\/\" target=\"_blank\" rel=\"nofollow\"> <\/a><a href=\"https:\/\/www.europaeuropa.tv\/\" target=\"_blank\" rel=\"nofollow\">Europa Europa<\/a><\/u>,<u><a href=\"https:\/\/amcnetworkslatam.com\/canais\/amc-selekt-4k\" target=\"_blank\" rel=\"nofollow\"> <\/a><a href=\"https:\/\/amcnetworkslatam.com\/canais\/amc-selekt-4k\" target=\"_blank\" rel=\"nofollow\">AMC Selekt <span class=\"xn-money\">4k<\/span><\/a><\/u>,<u><a href=\"https:\/\/amcnetworkslatam.com\/canais\/strib\" target=\"_blank\" rel=\"nofollow\"> <\/a><a href=\"https:\/\/amcnetworkslatam.com\/canais\/strib\" target=\"_blank\" rel=\"nofollow\">Strib<\/a><\/u> e StribLab.<\/p>\n<p><b>Site<\/b>:<u><a href=\"https:\/\/amcnetworkslatam.com\/\" target=\"_blank\" rel=\"nofollow\"> <\/a><a href=\"https:\/\/amcnetworkslatam.com\/\" target=\"_blank\" rel=\"nofollow\">amcnetworkslatam.com <\/a><br \/><\/u><b>Linkedin<\/b>:<u><a href=\"https:\/\/www.linkedin.com\/company\/amc-networks-international-latin-america\/\" target=\"_blank\" rel=\"nofollow\"> <\/a><a href=\"https:\/\/www.linkedin.com\/company\/amc-networks-international-latin-america\/\" target=\"_blank\" rel=\"nofollow\">AMC Networks International Latin America <\/a><br \/><\/u><b>Twitter<\/b>:<u><a href=\"https:\/\/twitter.com\/AMCNetworksLA\" target=\"_blank\" rel=\"nofollow\"> <\/a><a href=\"https:\/\/twitter.com\/AMCNetworksLA\" target=\"_blank\" rel=\"nofollow\">@AMCNetworksLA<\/a><\/u><\/p>\n<p>Foto &#8211; <a href=\"https:\/\/mma.prnewswire.com\/media\/2714028\/the_walking_dead.jpg\" target=\"_blank\" rel=\"nofollow\">https:\/\/mma.prnewswire.com\/media\/2714028\/the_walking_dead.jpg<\/a><\/p>\n<div class=\"PRN_ImbeddedAssetReference\" id=\"DivAssetPlaceHolder0\"><\/div>\n<p id=\"PURL\"><img loading=\"lazy\" decoding=\"async\" title=\"Cision\" width=\"12\" height=\"12\" alt=\"Cision\" src=\"https:\/\/c212.net\/c\/img\/favicon.png?sn=PT13483&amp;sd=2025-06-18\" \/> View original content to download multimedia:<a id=\"PRNURL\" rel=\"nofollow\" href=\"https:\/\/www.prnewswire.com\/br\/comunicados-para-a-imprensa\/amc-networks-international--latin-america-e-lg-lancam-the-walking-dead-no-lg-channels-em-todo-o-brasil-302485284.html\" target=\"_blank\">https:\/\/www.prnewswire.com\/br\/comunicados-para-a-imprensa\/amc-networks-international&#8211;latin-america-e-lg-lancam-the-walking-dead-no-lg-channels-em-todo-o-brasil-302485284.html<\/a><\/p>\n<p>FONTE  LG Electronics Brasil<\/p>\n<\/div>\n<p><img decoding=\"async\" alt=\"\" src=\"https:\/\/rt.prnewswire.com\/rt.gif?NewsItemId=PT13483&amp;Transmission_Id=202506180930PR_NEWS_LATAM____PT13483&amp;DateId=20250618\" style=\"border:0px;width:1px;height:1px\" \/><\/p>\n<p><strong>T\u00f3picos Relacionados:<\/strong> Eletr\u00f4nicos de Consumo, Computador\/Eletr\u00f4nica, Televis\u00e3o, Entretenimento<\/p>\n<p>A <b>OESP<\/b> n\u00e3o \u00e9(s\u00e3o) respons\u00e1vel(is) por erros, incorre\u00e7\u00f5es, atrasos ou quaisquer decis\u00f5es tomadas por seus clientes com base nos Conte\u00fados ora disponibilizados, bem como tais Conte\u00fados n\u00e3o representam a opini\u00e3o da <b>OESP<\/b> e s\u00e3o de inteira responsabilidade da <b>PR Newswire Ltda<\/b><\/p>\n","protected":false},"excerpt":{"rendered":"A s\u00e9rie est\u00e1 dispon\u00edvel gratuitamente nas plataformas LG\u00a0em todo o Brasil desde o \u00faltimo dia 13 de junho S\u00c3O PAULO, 18 de junho de 2025 \/PRNewswire\/ &#8212; A AMC Networks International ? Latin","protected":false},"author":1,"featured_media":0,"comment_status":"open","ping_status":"closed","sticky":false,"template":"","format":"standard","meta":{"_acf_changed":false,"inline_featured_image":false,"_monsterinsights_skip_tracking":false,"_monsterinsights_sitenote_active":false,"_monsterinsights_sitenote_note":"","_monsterinsights_sitenote_category":0,"footnotes":""},"categories":[27],"tags":[],"class_list":["post-112375","post","type-post","status-publish","format-standard","hentry","category-prnewswire"],"acf":[],"_links":{"self":[{"href":"https:\/\/bluestudio.estadao.com.br\/agencia-de-comunicacao\/wp-json\/wp\/v2\/posts\/112375","targetHints":{"allow":["GET"]}}],"collection":[{"href":"https:\/\/bluestudio.estadao.com.br\/agencia-de-comunicacao\/wp-json\/wp\/v2\/posts"}],"about":[{"href":"https:\/\/bluestudio.estadao.com.br\/agencia-de-comunicacao\/wp-json\/wp\/v2\/types\/post"}],"author":[{"embeddable":true,"href":"https:\/\/bluestudio.estadao.com.br\/agencia-de-comunicacao\/wp-json\/wp\/v2\/users\/1"}],"replies":[{"embeddable":true,"href":"https:\/\/bluestudio.estadao.com.br\/agencia-de-comunicacao\/wp-json\/wp\/v2\/comments?post=112375"}],"version-history":[{"count":0,"href":"https:\/\/bluestudio.estadao.com.br\/agencia-de-comunicacao\/wp-json\/wp\/v2\/posts\/112375\/revisions"}],"wp:attachment":[{"href":"https:\/\/bluestudio.estadao.com.br\/agencia-de-comunicacao\/wp-json\/wp\/v2\/media?parent=112375"}],"wp:term":[{"taxonomy":"category","embeddable":true,"href":"https:\/\/bluestudio.estadao.com.br\/agencia-de-comunicacao\/wp-json\/wp\/v2\/categories?post=112375"},{"taxonomy":"post_tag","embeddable":true,"href":"https:\/\/bluestudio.estadao.com.br\/agencia-de-comunicacao\/wp-json\/wp\/v2\/tags?post=112375"}],"curies":[{"name":"wp","href":"https:\/\/api.w.org\/{rel}","templated":true}]}}