{"id":112371,"date":"2025-06-18T10:50:00","date_gmt":"2025-06-18T13:50:00","guid":{"rendered":"https:\/\/bluestudio.estadao.com.br\/agencia-de-comunicacao\/saftec-digital\/pedro-duarte-guimaraes-e-a-preparacao-fisica-e-mental-na-natacao-competitiva-o-caminho-para-o-alto-desempenho\/"},"modified":"2025-06-18T10:50:00","modified_gmt":"2025-06-18T13:50:00","slug":"pedro-duarte-guimaraes-e-a-preparacao-fisica-e-mental-na-natacao-competitiva-o-caminho-para-o-alto-desempenho","status":"publish","type":"post","link":"https:\/\/bluestudio.estadao.com.br\/agencia-de-comunicacao\/saftec-digital\/pedro-duarte-guimaraes-e-a-preparacao-fisica-e-mental-na-natacao-competitiva-o-caminho-para-o-alto-desempenho\/","title":{"rendered":"Pedro Duarte Guimar\u00e3es e a prepara\u00e7\u00e3o f\u00edsica e mental na nata\u00e7\u00e3o competitiva: o caminho para o alto desempenho"},"content":{"rendered":"<p>A prepara\u00e7\u00e3o f\u00edsica e mental na nata\u00e7\u00e3o competitiva \u00e9 fundamental para alcan\u00e7ar o alto desempenho. Segundo Pedro Duarte Guimar\u00e3es, a combina\u00e7\u00e3o desses dois aspectos permite que o atleta desenvolva n\u00e3o apenas a for\u00e7a e resist\u00eancia necess\u00e1rias, mas tamb\u00e9m a concentra\u00e7\u00e3o e o controle emocional indispens\u00e1veis para competir em n\u00edveis elevados. Neste artigo, exploraremos as principais estrat\u00e9gias para otimizar a prepara\u00e7\u00e3o f\u00edsica e mental na nata\u00e7\u00e3o competitiva, visando melhores resultados nas piscinas.<\/p>\n<p><b>Prepara\u00e7\u00e3o f\u00edsica na nata\u00e7\u00e3o competitiva: fundamentos para o sucesso<\/b><\/p>\n<p>\nA prepara\u00e7\u00e3o f\u00edsica na nata\u00e7\u00e3o competitiva come\u00e7a com o desenvolvimento da resist\u00eancia cardiovascular, for\u00e7a muscular e flexibilidade. Conforme Pedro Duarte Guimar\u00e3es, o treino f\u00edsico deve ser planejado de forma integrada para fortalecer os principais grupos musculares utilizados durante as provas, al\u00e9m de melhorar a capacidade respirat\u00f3ria do nadador.<\/p>\n<p>Uma rotina de exerc\u00edcios inclui treinos na \u00e1gua e fora dela. No meio aqu\u00e1tico, o foco est\u00e1 em t\u00e9cnicas de nado, velocidade e resist\u00eancia, enquanto em terra firme s\u00e3o aplicados exerc\u00edcios de muscula\u00e7\u00e3o, alongamento e treinamento funcional. Al\u00e9m disso, a alimenta\u00e7\u00e3o adequada e a recupera\u00e7\u00e3o muscular s\u00e3o elementos essenciais que comp\u00f5em essa prepara\u00e7\u00e3o, garantindo que o corpo esteja sempre em condi\u00e7\u00f5es ideais para o treino e a competi\u00e7\u00e3o.<\/p>\n<p><b>A import\u00e2ncia da prepara\u00e7\u00e3o mental na nata\u00e7\u00e3o competitiva<\/b><\/p>\n<p>\nN\u00e3o menos importante, a prepara\u00e7\u00e3o mental na nata\u00e7\u00e3o competitiva \u00e9 um diferencial que pode transformar a performance do atleta. De acordo com Pedro Duarte Guimar\u00e3es, o controle da ansiedade, a concentra\u00e7\u00e3o plena e a visualiza\u00e7\u00e3o positiva s\u00e3o t\u00e9cnicas que auxiliam o nadador a manter o foco e superar desafios durante as competi\u00e7\u00f5es.<\/p>\n<p>A pr\u00e1tica regular de exerc\u00edcios mentais, como a medita\u00e7\u00e3o e o treinamento de mindfulness, contribui para a melhora da resili\u00eancia psicol\u00f3gica. Al\u00e9m disso, o planejamento de rotinas e o estabelecimento de metas claras ajudam o atleta a manter a motiva\u00e7\u00e3o constante. Trabalhar o aspecto psicol\u00f3gico faz com que o nadador esteja mais preparado para lidar com a press\u00e3o das provas e a competi\u00e7\u00e3o intensa.<\/p>\n<p><b>Integra\u00e7\u00e3o entre prepara\u00e7\u00e3o f\u00edsica e mental: chave para o equil\u00edbrio<\/b><\/p>\n<p>\nA integra\u00e7\u00e3o entre prepara\u00e7\u00e3o f\u00edsica e mental na nata\u00e7\u00e3o competitiva \u00e9 indispens\u00e1vel para o desenvolvimento completo do atleta. Conforme Pedro Duarte Guimar\u00e3es, apenas o equil\u00edbrio entre corpo e mente permite atingir o m\u00e1ximo potencial. Dessa forma, o planejamento de treinos deve considerar a inclus\u00e3o de t\u00e9cnicas que promovam o condicionamento f\u00edsico aliado ao fortalecimento mental.<\/p>\n<p>Por exemplo, em momentos de maior estresse f\u00edsico, como provas longas ou treinos intensos, a aplica\u00e7\u00e3o de t\u00e9cnicas respirat\u00f3rias ajuda a controlar a frequ\u00eancia card\u00edaca e a manter a calma. Da mesma forma, exerc\u00edcios de relaxamento e alongamento contribuem para o bem-estar geral e a preven\u00e7\u00e3o de les\u00f5es, refletindo diretamente na performance.<\/p>\n<p><b>Estrat\u00e9gias pr\u00e1ticas para aprimorar a prepara\u00e7\u00e3o f\u00edsica e mental na nata\u00e7\u00e3o competitiva<\/b><\/p>\n<p>\nPara aprimorar a prepara\u00e7\u00e3o f\u00edsica e mental na nata\u00e7\u00e3o competitiva, \u00e9 fundamental que o atleta conte com um programa estruturado, orientado por profissionais especializados. De acordo com Pedro Duarte Guimar\u00e3es, um plano eficiente deve contemplar os seguintes pontos:<\/p>\n<p>Avalia\u00e7\u00e3o f\u00edsica e psicol\u00f3gica peri\u00f3dica para monitorar o progresso e ajustar o treinamento.<\/p>\n<p>Variedade nos treinos para estimular diferentes capacidades f\u00edsicas e evitar a monotonia.<\/p>\n<p>Uso de tecnologias, como wearables e softwares de monitoramento, para an\u00e1lise de dados e otimiza\u00e7\u00e3o dos treinos.<\/p>\n<p>T\u00e9cnicas de prepara\u00e7\u00e3o mental, como visualiza\u00e7\u00e3o, controle respirat\u00f3rio e autoconhecimento, para aumentar a resili\u00eancia.<\/p>\n<p>Equil\u00edbrio entre treino, descanso e alimenta\u00e7\u00e3o para garantir recupera\u00e7\u00e3o e evitar o desgaste.<\/p>\n<p>Al\u00e9m disso, o acompanhamento constante de um psic\u00f3logo esportivo pode ser decisivo para fortalecer a confian\u00e7a e a motiva\u00e7\u00e3o do atleta. A sinergia entre esses elementos contribui para a constru\u00e7\u00e3o de uma base s\u00f3lida, essencial para o sucesso na nata\u00e7\u00e3o competitiva.<\/p>\n<p><b>Conclus\u00e3o<\/b><\/p>\n<p>\nA prepara\u00e7\u00e3o f\u00edsica e mental na nata\u00e7\u00e3o competitiva s\u00e3o pilares insepar\u00e1veis para quem busca resultados expressivos e duradouros. Com isso, Pedro Duarte Guimar\u00e3es frisa que, investir em ambos os aspectos proporciona ao atleta n\u00e3o apenas a condi\u00e7\u00e3o f\u00edsica ideal, mas tamb\u00e9m a for\u00e7a mental necess\u00e1ria para enfrentar desafios e vencer competi\u00e7\u00f5es. Com um planejamento bem estruturado, apoio profissional e disciplina, \u00e9 poss\u00edvel alcan\u00e7ar n\u00edveis superiores de performance, elevando o patamar do nadador em cada etapa da sua carreira.<\/p>\n<p><b>Aviso Legal:<\/b><\/p>\n<p>\nTodos os textos, conte\u00fados e materiais criados pela Saftec Digital s\u00e3o protegidos por direitos autorais, conforme a Lei n\u00ba 9.610\/98, que regula os direitos autorais no Brasil. \u00c9 expressamente proibida a c\u00f3pia, reprodu\u00e7\u00e3o, distribui\u00e7\u00e3o ou utiliza\u00e7\u00e3o n\u00e3o autorizada, total ou parcial, deste conte\u00fado, sob pena de responsabiliza\u00e7\u00e3o civil e criminal, incluindo a possibilidade de ajuizamento de a\u00e7\u00f5es judiciais para repara\u00e7\u00e3o de danos e aplica\u00e7\u00e3o das san\u00e7\u00f5es previstas em lei. Para solicita\u00e7\u00f5es de uso ou licenciamento, entre em contato diretamente com a Saftec Digital.<\/p>\n<p>A <b>OESP<\/b> n\u00e3o \u00e9(s\u00e3o) respons\u00e1vel(is) por erros, incorre\u00e7\u00f5es, atrasos ou quaisquer decis\u00f5es tomadas por seus clientes com base nos Conte\u00fados ora disponibilizados, bem como tais Conte\u00fados n\u00e3o representam a opini\u00e3o da <b>OESP<\/b> e s\u00e3o de inteira responsabilidade da <b>Ag\u00eancia Saftec<\/b><\/p>\n","protected":false},"excerpt":{"rendered":"A prepara\u00e7\u00e3o f\u00edsica e mental na nata\u00e7\u00e3o competitiva \u00e9 fundamental para alcan\u00e7ar o alto desempenho. Segundo Pedro Duarte Guimar\u00e3es, a combina\u00e7\u00e3o desses dois aspectos permite que o atleta","protected":false},"author":1,"featured_media":112372,"comment_status":"open","ping_status":"closed","sticky":false,"template":"","format":"standard","meta":{"_acf_changed":false,"inline_featured_image":false,"_monsterinsights_skip_tracking":false,"_monsterinsights_sitenote_active":false,"_monsterinsights_sitenote_note":"","_monsterinsights_sitenote_category":0,"footnotes":""},"categories":[525],"tags":[],"class_list":["post-112371","post","type-post","status-publish","format-standard","has-post-thumbnail","hentry","category-saftec-digital"],"acf":[],"_links":{"self":[{"href":"https:\/\/bluestudio.estadao.com.br\/agencia-de-comunicacao\/wp-json\/wp\/v2\/posts\/112371","targetHints":{"allow":["GET"]}}],"collection":[{"href":"https:\/\/bluestudio.estadao.com.br\/agencia-de-comunicacao\/wp-json\/wp\/v2\/posts"}],"about":[{"href":"https:\/\/bluestudio.estadao.com.br\/agencia-de-comunicacao\/wp-json\/wp\/v2\/types\/post"}],"author":[{"embeddable":true,"href":"https:\/\/bluestudio.estadao.com.br\/agencia-de-comunicacao\/wp-json\/wp\/v2\/users\/1"}],"replies":[{"embeddable":true,"href":"https:\/\/bluestudio.estadao.com.br\/agencia-de-comunicacao\/wp-json\/wp\/v2\/comments?post=112371"}],"version-history":[{"count":0,"href":"https:\/\/bluestudio.estadao.com.br\/agencia-de-comunicacao\/wp-json\/wp\/v2\/posts\/112371\/revisions"}],"wp:featuredmedia":[{"embeddable":true,"href":"https:\/\/bluestudio.estadao.com.br\/agencia-de-comunicacao\/wp-json\/wp\/v2\/media\/112372"}],"wp:attachment":[{"href":"https:\/\/bluestudio.estadao.com.br\/agencia-de-comunicacao\/wp-json\/wp\/v2\/media?parent=112371"}],"wp:term":[{"taxonomy":"category","embeddable":true,"href":"https:\/\/bluestudio.estadao.com.br\/agencia-de-comunicacao\/wp-json\/wp\/v2\/categories?post=112371"},{"taxonomy":"post_tag","embeddable":true,"href":"https:\/\/bluestudio.estadao.com.br\/agencia-de-comunicacao\/wp-json\/wp\/v2\/tags?post=112371"}],"curies":[{"name":"wp","href":"https:\/\/api.w.org\/{rel}","templated":true}]}}