{"id":112239,"date":"2025-06-15T18:12:00","date_gmt":"2025-06-15T21:12:00","guid":{"rendered":"https:\/\/bluestudio.estadao.com.br\/agencia-de-comunicacao\/releases\/releases-geral\/tudo-pronto-para-as-1-000-miglia-2025\/"},"modified":"2025-06-15T18:12:00","modified_gmt":"2025-06-15T21:12:00","slug":"tudo-pronto-para-as-1-000-miglia-2025","status":"publish","type":"post","link":"https:\/\/bluestudio.estadao.com.br\/agencia-de-comunicacao\/releases\/releases-geral\/tudo-pronto-para-as-1-000-miglia-2025\/","title":{"rendered":"Tudo pronto para as 1.000 Miglia 2025"},"content":{"rendered":"<p align=\"center\"><img decoding=\"async\" alt=\"\" height=\"416.0px\" src=\"https:\/\/ml-eu.globenewswire.com\/Resource\/Download\/f5a20249-e34d-4a7c-9fe3-ebf23c4bce5d\/image1.jpeg\" width=\"624.0px\" \/><\/p>\n<p align=\"justify\">BRESCIA, It\u00e1lia, June  15, 2025  (GLOBE NEWSWIRE) &#8212; A contagem regressiva est\u00e1 quase no fim. O <strong>1.000 Miglia<\/strong> retorna, <strong>de 17 a 21 de junho<\/strong> com uma <strong>rota em forma de oito<\/strong> inspirada nas edi\u00e7\u00f5es \u00e9picas do pr\u00e9-guerra, ligando as costas oriental do Adri\u00e1tico e oeste do Tirreno, al\u00e9m da rota Brescia-Roma e retorno.<\/p>\n<p align=\"justify\"><strong>1.900 km e 5<\/strong> <strong>dias <\/strong> de corrida para as <strong>420 <\/strong>joias do <em>\u00fanico museu itinerante do mundo<\/em>. Depois de deixar o Viale Venezia em Brescia, a primeira m\u00e3o terminar\u00e1 em <strong>San Lazzaro di Savena<\/strong> <strong>(Bolonha)<\/strong>. Na quarta-feira, os carros chegar\u00e3o \u00e0 <strong>capital<\/strong>, depois, voltando para o norte, a terceira etapa terminar\u00e1 em <strong>Cervia-Milano Marittima<\/strong>. Na sexta-feira, as tripula\u00e7\u00f5es cruzar\u00e3o a It\u00e1lia de leste a oeste: chegando ao Mar Tirreno, a passagem pela <strong>Academia Naval de Livorno<\/strong> selar\u00e1 a<strong> parceria com a Marinha italiana<\/strong>, mostrando a colabora\u00e7\u00e3o e a proximidade que as For\u00e7as Armadas e a Pol\u00edcia sempre reservaram para o 1.000 Miglia. Em <strong>Parma<\/strong>, a conclus\u00e3o da quarta etapa preceder\u00e1 a grande final no s\u00e1bado, 21: a partir do meio-dia, os carros retornar\u00e3o \u00e0 <strong>Viale Venezia<\/strong> antes de se despedirem do p\u00fablico na <strong>Piazza Vittoria<\/strong> com um desfile na atmosfera festiva da <strong>Festa della Musica<\/strong>.<\/p>\n<p align=\"justify\">O comboio <strong>1.000 Miglia 2025 <\/strong>ser\u00e1 precedido por 123 <strong>Ferraris<\/strong> dos carros el\u00e9tricos <strong> Tribute 1.000 Miglia<\/strong> e <strong>1.000 Miglia Green <\/strong>, acompanhados pelos <strong>carros rob\u00f3ticos do Politecnico di Milano<\/strong>. O projeto <strong>centra-se na introdu\u00e7\u00e3o da condu\u00e7\u00e3o aut\u00f3noma para otimizar o transporte urbano.<\/strong><\/p>\n<p align=\"justify\">O <strong>programa pr\u00e9-corrida<\/strong> come\u00e7ar\u00e1 no domingo, <strong>15 de junho<\/strong> com a inaugura\u00e7\u00e3o do <strong>1.000 Miglia Village <\/strong>no cen\u00e1rio hist\u00f3rico da <strong>Piazza Vittoria: <\/strong>as crian\u00e7as do projeto <strong>&#8220;La 1.000 Miglia vai \u00e0 escola&#8221;<\/strong> decorar\u00e3o o carro dedicado \u00e0 iniciativa, viajando atr\u00e1s do comboio. Os dias ser\u00e3o entretidos por vozes da <strong>Radio Deejay<\/strong>, cujos apresentadores oficiais se revezar\u00e3o ao longo do percurso, contando a corrida com o entusiasmo de sempre. A primeira edi\u00e7\u00e3o do <em>Talk 1000 Forme-Designed to win <\/em>no Teatro Grande e a exibi\u00e7\u00e3o pr\u00e9via do filme <em>Fury&amp;The Monster<\/em> no local da UNESCO do Museu S.O Museu Giulia estar\u00e1 em destaque na segunda-feira, enquanto na Vila, na Piazza Vittoria, os carros desfilar\u00e3o para a cerim\u00f4nia de encerramento.<\/p>\n<p align=\"justify\">O 1.000 Miglia <strong>Charity Car<\/strong>, com La Zebra Onlus, aumentar\u00e1 a conscientiza\u00e7\u00e3o p\u00fablica sobre a compra de um scanner de ultrassom de \u00faltima gera\u00e7\u00e3o a ser doado ao Hospital Infantil de Brescia.<\/p>\n<p><strong>Assessoria de Imprensa<\/strong><br \/>+39 3316133162<\/p>\n<p>Uma foto que acompanha este an\u00fancio est\u00e1 dispon\u00edvel em <a href=\"https:\/\/www.globenewswire.com\/Tracker?data=KVbNM0xHJqTFJ8sl8cNqCZezbqcoqSaqKzIBU9ldeks2W_IkSCOqseJYo7DHhewWatIoQ7WhIMEnpUxX4-sb1YzO2HroVaHwB_Mgax2dpCuvI3rl5XRLQZHYbgRjWdUCb8uF7A4qoSBGt367WMhtow8k9Guzek_aUUDm9oeS23qW4YvXUSrTGULr-iXL5smOd7-tJgOZwcLkXHRJtXyIGUJUN-o8JGwxkyAYHIUtSAcQD0CK9HnMdz9J3tjtVsKCW6ARxOiD7utN8qLdwlpCgg==\" rel=\"nofollow\" target=\"_blank\">https:\/\/www.globenewswire.com\/NewsRoom\/AttachmentNg\/7a370bd7-bf49-4a96-80ec-def141d44763<\/a><\/p>\n<p> <img decoding=\"async\" alt=\"\" class=\"__GNW8366DE3E__IMG\" src=\"https:\/\/www.globenewswire.com\/newsroom\/ti?nf=MTAwMTEwMjgwNiM0MDIxNTgyODEjMjI5OTU1MQ==\" \/> <br \/><img decoding=\"async\" alt=\"\" src=\"https:\/\/ml-eu.globenewswire.com\/media\/ZDBhMDI1ZWEtNThjZS00MjZlLWEwNjMtY2I4YTQ2MDE3YTgwLTEzMTExMDEtMjAyNS0wNi0xNS1wdA==\/tiny\/1000-Miglia-S-r-l-.png\" \/><br \/>\n<a href=\"https:\/\/www.globenewswire.com\/NewsRoom\/AttachmentNg\/ac9d450f-fb28-48f3-8c36-3f93c5dbbaac\"><img loading=\"lazy\" decoding=\"async\" src=\"https:\/\/ml-eu.globenewswire.com\/media\/ac9d450f-fb28-48f3-8c36-3f93c5dbbaac\/small\/freccia-mm-bordo-30-cm-png.png\" border=\"0\" width=\"150\" height=\"96\" alt=\"Primary Logo\" \/><\/a><\/p>\n<p>A <b>OESP<\/b> nao e(sao) responsavel(is) por erros, incorrecoes, atrasos ou quaisquer decisoes tomadas por seus clientes com base nos Conteudos ora disponibilizados, bem como tais Conteudos nao representam a opiniao da <b>OESP<\/b> e sao de inteira responsabilidade da <b>GlobeNewswire<\/b><\/p>\n","protected":false},"excerpt":{"rendered":"BRESCIA, It\u00e1lia, June  15, 2025  (GLOBE NEWSWIRE) &#8212; A contagem regressiva est\u00e1 quase no fim. O 1.000 Miglia retorna, de 17 a 21 d","protected":false},"author":1,"featured_media":0,"comment_status":"open","ping_status":"closed","sticky":false,"template":"","format":"standard","meta":{"_acf_changed":false,"inline_featured_image":false,"_monsterinsights_skip_tracking":false,"_monsterinsights_sitenote_active":false,"_monsterinsights_sitenote_note":"","_monsterinsights_sitenote_category":0,"footnotes":""},"categories":[34],"tags":[],"class_list":["post-112239","post","type-post","status-publish","format-standard","hentry","category-releases-geral"],"acf":[],"_links":{"self":[{"href":"https:\/\/bluestudio.estadao.com.br\/agencia-de-comunicacao\/wp-json\/wp\/v2\/posts\/112239","targetHints":{"allow":["GET"]}}],"collection":[{"href":"https:\/\/bluestudio.estadao.com.br\/agencia-de-comunicacao\/wp-json\/wp\/v2\/posts"}],"about":[{"href":"https:\/\/bluestudio.estadao.com.br\/agencia-de-comunicacao\/wp-json\/wp\/v2\/types\/post"}],"author":[{"embeddable":true,"href":"https:\/\/bluestudio.estadao.com.br\/agencia-de-comunicacao\/wp-json\/wp\/v2\/users\/1"}],"replies":[{"embeddable":true,"href":"https:\/\/bluestudio.estadao.com.br\/agencia-de-comunicacao\/wp-json\/wp\/v2\/comments?post=112239"}],"version-history":[{"count":0,"href":"https:\/\/bluestudio.estadao.com.br\/agencia-de-comunicacao\/wp-json\/wp\/v2\/posts\/112239\/revisions"}],"wp:attachment":[{"href":"https:\/\/bluestudio.estadao.com.br\/agencia-de-comunicacao\/wp-json\/wp\/v2\/media?parent=112239"}],"wp:term":[{"taxonomy":"category","embeddable":true,"href":"https:\/\/bluestudio.estadao.com.br\/agencia-de-comunicacao\/wp-json\/wp\/v2\/categories?post=112239"},{"taxonomy":"post_tag","embeddable":true,"href":"https:\/\/bluestudio.estadao.com.br\/agencia-de-comunicacao\/wp-json\/wp\/v2\/tags?post=112239"}],"curies":[{"name":"wp","href":"https:\/\/api.w.org\/{rel}","templated":true}]}}