{"id":112067,"date":"2025-06-09T19:58:00","date_gmt":"2025-06-09T22:58:00","guid":{"rendered":"https:\/\/bluestudio.estadao.com.br\/agencia-de-comunicacao\/prnewswire\/sysmex-comemora-25-anos-no-brasil-ao-lado-de-clientes-parceiros-e-colaboradores-e-anuncia-novos-investimentos\/"},"modified":"2025-06-09T19:58:00","modified_gmt":"2025-06-09T22:58:00","slug":"sysmex-comemora-25-anos-no-brasil-ao-lado-de-clientes-parceiros-e-colaboradores-e-anuncia-novos-investimentos","status":"publish","type":"post","link":"https:\/\/bluestudio.estadao.com.br\/agencia-de-comunicacao\/prnewswire\/sysmex-comemora-25-anos-no-brasil-ao-lado-de-clientes-parceiros-e-colaboradores-e-anuncia-novos-investimentos\/","title":{"rendered":"Sysmex comemora 25 anos no Brasil ao lado de clientes, parceiros e colaboradores, e anuncia novos investimentos"},"content":{"rendered":"<div class=\"xn-content\">\n<p id=\"temp_ReleaseStart\"><span class=\"legendSpanClass\">S\u00c3O PAULO<\/span>, <span class=\"legendSpanClass\">9 de junho de 2025<\/span> \/PRNewswire\/ &#8212; A Sysmex, refer\u00eancia mundial em solu\u00e7\u00f5es para diagn\u00f3stico laboratorial, celebra neste ano um marco importante: 25 anos de atua\u00e7\u00e3o no Brasil. Desde a chegada ao pa\u00eds, a empresa tem constru\u00eddo uma trajet\u00f3ria s\u00f3lida, marcada por inova\u00e7\u00e3o tecnol\u00f3gica, crescimento sustent\u00e1vel e parcerias estrat\u00e9gicas em todo o territ\u00f3rio nacional.<\/p>\n<div class=\"PRN_ImbeddedAssetReference\" id=\"DivAssetPlaceHolder1828\">\n<a href=\"https:\/\/mma.prnewswire.com\/media\/2706461\/SYSMEX_BRASIL_5033533_Comemora__o_25_anos.html\" target=\"_blank\" rel=\"nofollow\"><img decoding=\"async\" src=\"https:\/\/mma.prnewswire.com\/media\/2706461\/SYSMEX_BRASIL_5033533_Comemora__o_25_anos.jpg\" title=\"\" alt=\"\" \/><\/a><\/p>\n<\/div>\n<p class=\"prntal\">A comemora\u00e7\u00e3o oficial aconteceu no dia 27 de maio, em um evento especial no Pal\u00e1cio Tangar\u00e1, em S\u00e3o Paulo. Reunindo colaboradores, distribuidores, parceiros de neg\u00f3cios e convidados, foi uma oportunidade especial de reviver conquistas, fortalecer la\u00e7os e homenagear quem ajudou a construir os 25 anos da Sysmex no Brasil.<\/p>\n<p class=\"prntal\">A celebra\u00e7\u00e3o contou com a presen\u00e7a de lideran\u00e7as globais da corpora\u00e7\u00e3o, refor\u00e7ando a relev\u00e2ncia do mercado brasileiro no cen\u00e1rio internacional. Estiveram presentes executivos da Sysmex Corporation, no Jap\u00e3o: Iwane Matsui, Mitsuhisa Kanagawa, Kinya Uchihashi e Shinjirou Akamatsu; e executivos da Sysmex America, nos Estados Unidos: <span class=\"xn-person\">Jeff Holmstrom<\/span> e <span class=\"xn-person\">Stanley Rolon<\/span>.<\/p>\n<p class=\"prntal\"><b>Sysmex no Brasil<\/b><\/p>\n<p class=\"prntal\">A hist\u00f3ria da Sysmex no Brasil teve in\u00edcio em 2000 com a inaugura\u00e7\u00e3o da primeira f\u00e1brica de reagentes em Curitiba (PR). No ano seguinte, a empresa expandiu sua atua\u00e7\u00e3o com um escrit\u00f3rio em S\u00e3o Paulo voltado \u00e0s \u00e1reas comercial e de marketing. J\u00e1 em 2005, uma nova planta industrial foi inaugurada no Paran\u00e1, ampliando ainda mais a capacidade produtiva da empresa.<\/p>\n<p class=\"prntal\">Nos anos seguintes, a empresa seguiu investindo em estrutura e lan\u00e7ando novos produtos. Em 2022, inaugurou um novo escrit\u00f3rio em Curitiba e expandiu a sua rede de distribuidores. J\u00e1 em 2023, abriu um novo centro de treinamentos para a Am\u00e9rica Latina e escrit\u00f3rio em S\u00e3o Paulo, refor\u00e7ando o compromisso com a capacita\u00e7\u00e3o profissional e a proximidade com clientes, distribuidores e parceiros de neg\u00f3cios.<\/p>\n<p><b>Nova f\u00e1brica<\/b><\/p>\n<p class=\"prntal\">Como parte da vis\u00e3o de futuro, a Sysmex dar\u00e1 in\u00edcio, ainda em 2025, \u00e0 constru\u00e7\u00e3o de uma nova f\u00e1brica de reagentes no Paran\u00e1. Com 52.300 m\u00b2, o espa\u00e7o abrigar\u00e1 tamb\u00e9m novos centros de distribui\u00e7\u00e3o e servi\u00e7os.<\/p>\n<p class=\"prntal\">A unidade ser\u00e1 equipada com tecnologias avan\u00e7adas para armazenamento, transporte e log\u00edstica, al\u00e9m de seguir os princ\u00edpios dos Objetivos de Desenvolvimento Sustent\u00e1vel da ONU.<\/p>\n<p class=\"prntal\">&#8220;Cada passo da nossa hist\u00f3ria no Brasil \u00e9 guiado pelo compromisso de oferecer as melhores solu\u00e7\u00f5es e de construir parcerias duradouras, contribuindo para o avan\u00e7o da sa\u00fade no pa\u00eds e na Am\u00e9rica Latina&#8221;, destaca Jos\u00e9 Floresta, gerente geral da Sysmex Brasil.<\/p>\n<p class=\"prntal\"><span class=\"xn-person\">Leonardo Amaral<\/span>, gerente s\u00eanior de comunica\u00e7\u00e3o e eventos, completa: &#8220;Ao longo desses 25 anos no Brasil, a Sysmex construiu uma reputa\u00e7\u00e3o s\u00f3lida, se tornando sin\u00f4nimo de equipamentos confi\u00e1veis, dur\u00e1veis e de alto desempenho. Hoje, temos orgulho de atender hospitais e laborat\u00f3rios de todos os tamanhos, levando tecnologia e confian\u00e7a no cuidado com as pessoas&#8221;.<\/p>\n<p class=\"prntal\"><b>Sobre a Sysmex<\/b><\/p>\n<p class=\"prntal\">A combina\u00e7\u00e3o de m\u00e9todos de teste inovadores da\u00a0Sysmex com suas solu\u00e7\u00f5es em hematologia, hemostasia, urin\u00e1lise, citometria de fluxo e inform\u00e1tica est\u00e1 transformando o futuro da sa\u00fade e contribuindo para vidas mais saud\u00e1veis. Como afiliada da Sysmex Corporation, com sede em\u00a0Kobe, no Jap\u00e3o ? l\u00edder global reconhecida por otimizar a efici\u00eancia, as opera\u00e7\u00f5es e o desempenho financeiro de laborat\u00f3rios cl\u00ednicos ?, a Sysmex oferece produtos do setor de diagn\u00f3stico que fornecem a pacientes e profissionais de sa\u00fade informa\u00e7\u00f5es confi\u00e1veis para decis\u00f5es mais seguras. A revista Forbes nomeou a Sysmex como uma das empresas mais inovadoras na categoria de equipamentos e servi\u00e7os de sa\u00fade, e o &#8220;Center for Companies That Care&#8221; incluiu a Sysmex nos EUA em sua lista de honra. Saiba mais sobre a Sysmex em\u00a0<b><a href=\"https:\/\/www.sysmex.com\" target=\"_blank\" rel=\"nofollow\">www.sysmex.com<\/a><\/b>.<\/p>\n<p class=\"prntal\">Foto &#8211; <a href=\"https:\/\/mma.prnewswire.com\/media\/2706461\/SYSMEX_BRASIL_5033533_Comemora__o_25_anos.jpg\" target=\"_blank\" rel=\"nofollow\">https:\/\/mma.prnewswire.com\/media\/2706461\/SYSMEX_BRASIL_5033533_Comemora__o_25_anos.jpg<\/a><\/p>\n<div class=\"PRN_ImbeddedAssetReference\" id=\"DivAssetPlaceHolder0\"><\/div>\n<p id=\"PURL\"><img loading=\"lazy\" decoding=\"async\" title=\"Cision\" width=\"12\" height=\"12\" alt=\"Cision\" src=\"https:\/\/c212.net\/c\/img\/favicon.png?sn=PT06050&amp;sd=2025-06-09\" \/> View original content to download multimedia:<a id=\"PRNURL\" rel=\"nofollow\" href=\"https:\/\/www.prnewswire.com\/br\/comunicados-para-a-imprensa\/sysmex-comemora-25-anos-no-brasil-ao-lado-de-clientes-parceiros-e-colaboradores-e-anuncia-novos-investimentos-302476594.html\" target=\"_blank\">https:\/\/www.prnewswire.com\/br\/comunicados-para-a-imprensa\/sysmex-comemora-25-anos-no-brasil-ao-lado-de-clientes-parceiros-e-colaboradores-e-anuncia-novos-investimentos-302476594.html<\/a><\/p>\n<p>FONTE  Sysmex Brasil<\/p>\n<\/div>\n<p><img decoding=\"async\" alt=\"\" src=\"https:\/\/rt.prnewswire.com\/rt.gif?NewsItemId=PT06050&amp;Transmission_Id=202506091300PR_NEWS_LATAM____PT06050&amp;DateId=20250609\" style=\"border:0px;width:1px;height:1px\" \/><\/p>\n<p><strong>T\u00f3picos Relacionados:<\/strong> M\u00e9dico \/ Farmac\u00eautico, Equipamento M\u00e9dico, Sa\u00fade\/Hospitais<\/p>\n<p>A <b>OESP<\/b> n\u00e3o \u00e9(s\u00e3o) respons\u00e1vel(is) por erros, incorre\u00e7\u00f5es, atrasos ou quaisquer decis\u00f5es tomadas por seus clientes com base nos Conte\u00fados ora disponibilizados, bem como tais Conte\u00fados n\u00e3o representam a opini\u00e3o da <b>OESP<\/b> e s\u00e3o de inteira responsabilidade da <b>PR Newswire Ltda<\/b><\/p>\n","protected":false},"excerpt":{"rendered":"S\u00c3O PAULO, 9 de junho de 2025 \/PRNewswire\/ &#8212; A Sysmex, refer\u00eancia mundial em solu\u00e7\u00f5es para diagn\u00f3stico laboratorial, celebra neste ano um marco importante: 25 anos de atua\u00e7\u00e3o no Brasil.","protected":false},"author":1,"featured_media":0,"comment_status":"open","ping_status":"closed","sticky":false,"template":"","format":"standard","meta":{"_acf_changed":false,"inline_featured_image":false,"_monsterinsights_skip_tracking":false,"_monsterinsights_sitenote_active":false,"_monsterinsights_sitenote_note":"","_monsterinsights_sitenote_category":0,"footnotes":""},"categories":[27],"tags":[],"class_list":["post-112067","post","type-post","status-publish","format-standard","hentry","category-prnewswire"],"acf":[],"_links":{"self":[{"href":"https:\/\/bluestudio.estadao.com.br\/agencia-de-comunicacao\/wp-json\/wp\/v2\/posts\/112067","targetHints":{"allow":["GET"]}}],"collection":[{"href":"https:\/\/bluestudio.estadao.com.br\/agencia-de-comunicacao\/wp-json\/wp\/v2\/posts"}],"about":[{"href":"https:\/\/bluestudio.estadao.com.br\/agencia-de-comunicacao\/wp-json\/wp\/v2\/types\/post"}],"author":[{"embeddable":true,"href":"https:\/\/bluestudio.estadao.com.br\/agencia-de-comunicacao\/wp-json\/wp\/v2\/users\/1"}],"replies":[{"embeddable":true,"href":"https:\/\/bluestudio.estadao.com.br\/agencia-de-comunicacao\/wp-json\/wp\/v2\/comments?post=112067"}],"version-history":[{"count":0,"href":"https:\/\/bluestudio.estadao.com.br\/agencia-de-comunicacao\/wp-json\/wp\/v2\/posts\/112067\/revisions"}],"wp:attachment":[{"href":"https:\/\/bluestudio.estadao.com.br\/agencia-de-comunicacao\/wp-json\/wp\/v2\/media?parent=112067"}],"wp:term":[{"taxonomy":"category","embeddable":true,"href":"https:\/\/bluestudio.estadao.com.br\/agencia-de-comunicacao\/wp-json\/wp\/v2\/categories?post=112067"},{"taxonomy":"post_tag","embeddable":true,"href":"https:\/\/bluestudio.estadao.com.br\/agencia-de-comunicacao\/wp-json\/wp\/v2\/tags?post=112067"}],"curies":[{"name":"wp","href":"https:\/\/api.w.org\/{rel}","templated":true}]}}