{"id":112054,"date":"2025-06-09T09:42:00","date_gmt":"2025-06-09T12:42:00","guid":{"rendered":"https:\/\/bluestudio.estadao.com.br\/agencia-de-comunicacao\/releases\/releases-geral\/equativ-e-sharethrough-passam-a-operar-sob-a-marca-equativ-solidificando-a-posicao-global-como-principal-plataforma-completa-de-midia\/"},"modified":"2025-06-09T09:42:00","modified_gmt":"2025-06-09T12:42:00","slug":"equativ-e-sharethrough-passam-a-operar-sob-a-marca-equativ-solidificando-a-posicao-global-como-principal-plataforma-completa-de-midia","status":"publish","type":"post","link":"https:\/\/bluestudio.estadao.com.br\/agencia-de-comunicacao\/releases\/releases-geral\/equativ-e-sharethrough-passam-a-operar-sob-a-marca-equativ-solidificando-a-posicao-global-como-principal-plataforma-completa-de-midia\/","title":{"rendered":"Equativ e Sharethrough Passam a Operar Sob a Marca Equativ, Solidificando a Posi\u00e7\u00e3o Global Como Principal Plataforma Completa de M\u00eddia"},"content":{"rendered":"<p>NOVA YORK, June  09, 2025  (GLOBE NEWSWIRE) &#8212; Equativ anuncia unifica\u00e7\u00e3o total da Sharethrough com sua marca e opera\u00e7\u00f5es globais, formando uma das maiores plataformas e mercados globais de m\u00eddia independente, fortalecendo sua capacidade de atender anunciantes e editores globais com transpar\u00eancia, inova\u00e7\u00e3o e tecnologia voltada para o usu\u00e1rio. Al\u00e9m disso, a Equativ se beneficia de uma reformula\u00e7\u00e3o completa da sua identidade visual e site.<\/p>\n<p>Este marco homenageia a uni\u00e3o das duas empresas sob o mesmo teto e marca a etapa final de um processo de integra\u00e7\u00e3o de um ano ap\u00f3s a <a href=\"https:\/\/www.globenewswire.com\/Tracker?data=epwXtJgCyiRwtmqMFH-HYvdWcRcQxYsZRztzuI5cmnwg2ZEGYzq2dO2PBcmDwP06DU85j24rhijnk-Ah4nEP9CCd9OTYsoxPkLRSdFHNNa-0CwAdrc3fQN-fZkZSMFMxVBRNco2ydMyGoOv1WlI8CigMVYqiD-JxQBhFcT9oNSAVUdsEhES-Onl1k3RBUdoJ\" rel=\"nofollow\" target=\"_blank\"><u>Aquisi\u00e7\u00e3o da Sharethrough pela Equativ<\/u><\/a> em junho de 2024.<\/p>\n<p align=\"center\"><a href=\"https:\/\/www.globenewswire.com\/Tracker?data=ESMFReDQ8nrPBnyP-tpeongCD3u8Ubh6php1eAJocF4pGf6HSsBltoq48k9Mw8P-yGzRWNnFB_p6oMJQ-wR8D4EKbz48cGPjGS-GJNVW7OPa8bhcTEZvT_9be1Z83SuwBqn38PdhXVLrcZERCW7BBg5HABJ4LGEtDEem60Y0Daxmwsx_sTSLAixkw4_cPWcetDJvw7tBEFz3BCYH8zF6QyjGITAZc3Y8R-f3Em4urOY=\" rel=\"nofollow\" target=\"_blank\">Um trecho de m\u00eddia que acompanha este an\u00fancio est\u00e1 dispon\u00edvel clicando neste link.<\/a><\/p>\n<p>No ano passado, o poder combinado da Equativ e da Sharethrough acelerou significativamente seu crescimento, estabelecendo firmemente a Equativ como plataforma l\u00edder independente, utilizada por milhares de marcas globais e todas as Big Six ag\u00eancias. Parcerias estrat\u00e9gicas com grandes players como Deutsche Telekom e Titan OS, e a <a href=\"https:\/\/www.globenewswire.com\/Tracker?data=HHJIZQefwymb5fSYJpgWjIoYKCz5tVQN0mwEeZCIyJst9XNkLkexTsIwyXA7AnxlTplrioxipydFbmCkbaEtAUbtYuIntK3vdwsSU7t3pz6KV8lpKP-91uFh4kp-yNgwaCExi9HrVDoRIrl_z91ukUUea_zMMMN_G4mnub8KD_nm73nhxGeSfGJ8-EOlqbO3NAQHEyTLL9m6IHtJJeQpQ2rUz-QeuGiBWHpzE_5QDVs=\" rel=\"nofollow\" target=\"_blank\"><u>aquisi\u00e7\u00e3o da Kamino Retail<\/u><\/a> s\u00e3o exemplos do compromisso da Equativ com a inova\u00e7\u00e3o e o alcance global, e do papel como parceiro preferencial de profissionais de marketing orientados a resultados.<\/p>\n<p><em>Isso \u00e9 mais do que uma reformula\u00e7\u00e3o de marca &#8211; \u00e9 o \u00e1pice de uma vis\u00e3o comum de cria\u00e7\u00e3o de uma alternativa mais din\u00e2mica, inovadora e orientada a resultados para o atual cen\u00e1rio fragmentado da tecnologia de an\u00fancios,<\/em> disse <strong>Ben Skinazi, Diretor de Marketing da Equativ.<\/strong>\u00a0<em>Juntos, criamos uma plataforma global projetada para interoperabilidade, intelig\u00eancia e resultados em toda a jornada da m\u00eddia.<\/em><\/p>\n<p>A nova Equativ re\u00fane planejamento, curadoria, ativa\u00e7\u00e3o, aprimoramento de an\u00fancios e otimiza\u00e7\u00e3o em uma \u00fanica plataforma de m\u00eddia:\u00a0<a href=\"https:\/\/www.globenewswire.com\/Tracker?data=KwH3vMBTdn1SIoIo_p7NkltpE_7NTg8m5XkTNaLQsAMQXi7c0sfLnhpbabkD7jyGeLPPkx_Aoe8z3YXuUOHtjELTLgcItze_ZbfVjDVZUQ9IWSI_cStoQxYTIo7joUdB\" rel=\"nofollow\" target=\"_blank\"><u>Maestro by Equativ<\/u><\/a>, que oferece para marcas e ag\u00eancias um acesso a v\u00e1rias solu\u00e7\u00f5es para gera\u00e7\u00e3o de resultados na economia da aten\u00e7\u00e3o de hoje. Com recursos omnicanais em CTV, v\u00eddeo, m\u00eddia nativa, de exibi\u00e7\u00e3o e de varejo, a Equativ simplifica a pilha de tecnologia de an\u00fancios, oferecendo desempenho e, ao mesmo tempo, m\u00eddia de qualidade, atendendo \u00e0s demandas de um cen\u00e1rio de m\u00eddia em r\u00e1pida mudan\u00e7a.<\/p>\n<p><em>Em um momento em que a inova\u00e7\u00e3o e o desempenho s\u00e3o fundamentais, a unifica\u00e7\u00e3o da Sharethrough com a Equativ \u00e9 um potente passo \u00e0 frente. Com a combina\u00e7\u00e3o dos seus pontos fortes complementares, promovemos sustentabilidade, transpar\u00eancia e criatividade, viabilizando que a Horizon forne\u00e7a resultados inovadores e ousados para os nossos clientes mais ambiciosos e orientados<\/em> para o desempenho &#8220;, <strong>disse Alex Stone, Vice-Presidente S\u00eanior de Parcerias com Ag\u00eancias e V\u00eddeo Avan\u00e7ado da Horizon Media.<\/strong><\/p>\n<p><strong>O cofundador e CEO da Scope3, Brian O&#8217;Kelley, disse:<\/strong>\u00a0<em>&#8220;Estou realmente entusiasmado com o que o futuro reserva para a Equativ, com a uni\u00e3o da Sharethrough com a Equativ sob um \u00fanico nome. De pioneiras de produtos de m\u00eddia verde a pioneiras na ado\u00e7\u00e3o da tecnologia agentic da Scope3, ambas as empresas t\u00eam impulsionado consistentemente o setor. Com a for\u00e7a das suas equipes e plataformas conjuntas, esta empresa unificada deve ter um impacto ainda maior no futuro da m\u00eddia program\u00e1tica.&#8221;<\/em><\/p>\n<p><strong>Como Consultor Estrat\u00e9gico da Equativ nos \u00faltimos dois anos, Mykim Chikli, ex-CEO do Grupo Publicis na EMEA e na \u00c1sia, e CEO da Weborama na Fran\u00e7a, acrescentou<\/strong>: <em>Durante minhas d\u00e9cadas trabalhando com marcas globais nas ag\u00eancias, pude observar a evolu\u00e7\u00e3o do setor &#8212; e como ele se tornou fragmentado e complexo. Al\u00e9m de alcan\u00e7ar escala, a unifica\u00e7\u00e3o da Equativ traz clareza: uma plataforma que simplifica a execu\u00e7\u00e3o, respeita a experi\u00eancia do usu\u00e1rio e oferece resultados reais e sustent\u00e1veis. \u00c9 exatamente o tipo de ag\u00eancias parceiras e anunciantes que o mercado precisa hoje<\/em>.<\/p>\n<p><em>&#8220;A plataforma Equativ \u00e9 robusta, flex\u00edvel e adequada ao nosso ambiente de aplica\u00e7\u00e3o. As equipes da Equativ s\u00e3o responsivas, atentas e sempre prontas para otimizar a configura\u00e7\u00e3o. \u00c9 uma parceria verdadeiramente confi\u00e1vel que viabiliza a uni\u00e3o do desempenho publicit\u00e1rio com a experi\u00eancia tecnol\u00f3gica, <\/em><strong>disse Vincent SALINI, Diretor de Vendas Digitais da France TV Advertising.<\/strong><\/p>\n<p><strong>Sobre a Equativ<\/strong><\/p>\n<p>A Equativ \u00e9 uma plataforma completa de m\u00eddia global que capacita anunciantes e editores a alcan\u00e7ar resultados reais, unindo estoque e p\u00fablicos premium com curadoria avan\u00e7ada e tecnologia de an\u00fancios de ponta em todos os canais. Desenvolvida especificamente para a economia da aten\u00e7\u00e3o, a Equativ oferece qualidade, engajamento e desempenho, priorizando experi\u00eancias de an\u00fancios respeitosas e centradas no usu\u00e1rio. Com uma equipe de mais de 750 profissionais em 20 pa\u00edses, a Equativ combina escala global com profunda experi\u00eancia local. Saiba mais em <a href=\"https:\/\/www.globenewswire.com\/Tracker?data=txXqd8Hi19bXnGstKZnuuqRoFE5Ke2xYyJuQLebTibSVFtozqvKzERMnnWaF9g4EBmx0Iw740czprvsztZwE8Q==\" rel=\"nofollow\" target=\"_blank\"><u>Equativ.com<\/u><\/a>.<\/p>\n<p><strong>Consultas da M\u00eddia:<\/strong>\u00a0Contate: Caroline Milli\u00e9 Figueiredo <a href=\"https:\/\/www.globenewswire.com\/Tracker?data=zDufINK0iwAFxV47OmBwBW38xO5aV4VbFPZSs-Qxt9j5gCyCt8bddydVzXR0pzELNdAieEucRNj4cUT6ATq_WA==\" rel=\"nofollow\" target=\"_blank\"><u>pr@equativ.com<\/u><\/a><\/p>\n<p> <img decoding=\"async\" alt=\"\" class=\"__GNW8366DE3E__IMG\" src=\"https:\/\/www.globenewswire.com\/newsroom\/ti?nf=OTQ2NDU4MSM2OTcxMDQ3IzIyOTc2ODc=\" \/> <br \/><img decoding=\"async\" alt=\"\" src=\"https:\/\/ml.globenewswire.com\/media\/Mzc1NzYwZjgtYTlkMi00NWNhLWI2Y2MtOWZhN2U4YmUxZGUxLTEzMDkyMzctMjAyNS0wNi0wOS1wdA==\/tiny\/Equativ.png\" \/><\/p>\n<p>A <b>OESP<\/b> nao e(sao) responsavel(is) por erros, incorrecoes, atrasos ou quaisquer decisoes tomadas por seus clientes com base nos Conteudos ora disponibilizados, bem como tais Conteudos nao representam a opiniao da <b>OESP<\/b> e sao de inteira responsabilidade da <b>GlobeNewswire<\/b><\/p>\n","protected":false},"excerpt":{"rendered":"NOVA YORK, June  09, 2025  (GLOBE NEWSWIRE) &#8212; Equativ anuncia unifica\u00e7\u00e3o total da Sharethrough com sua marca e opera\u00e7\u00f5es globais, formando uma das maiores plataformas e me","protected":false},"author":1,"featured_media":0,"comment_status":"open","ping_status":"closed","sticky":false,"template":"","format":"standard","meta":{"_acf_changed":false,"inline_featured_image":false,"_monsterinsights_skip_tracking":false,"_monsterinsights_sitenote_active":false,"_monsterinsights_sitenote_note":"","_monsterinsights_sitenote_category":0,"footnotes":""},"categories":[34],"tags":[],"class_list":["post-112054","post","type-post","status-publish","format-standard","hentry","category-releases-geral"],"acf":[],"_links":{"self":[{"href":"https:\/\/bluestudio.estadao.com.br\/agencia-de-comunicacao\/wp-json\/wp\/v2\/posts\/112054","targetHints":{"allow":["GET"]}}],"collection":[{"href":"https:\/\/bluestudio.estadao.com.br\/agencia-de-comunicacao\/wp-json\/wp\/v2\/posts"}],"about":[{"href":"https:\/\/bluestudio.estadao.com.br\/agencia-de-comunicacao\/wp-json\/wp\/v2\/types\/post"}],"author":[{"embeddable":true,"href":"https:\/\/bluestudio.estadao.com.br\/agencia-de-comunicacao\/wp-json\/wp\/v2\/users\/1"}],"replies":[{"embeddable":true,"href":"https:\/\/bluestudio.estadao.com.br\/agencia-de-comunicacao\/wp-json\/wp\/v2\/comments?post=112054"}],"version-history":[{"count":0,"href":"https:\/\/bluestudio.estadao.com.br\/agencia-de-comunicacao\/wp-json\/wp\/v2\/posts\/112054\/revisions"}],"wp:attachment":[{"href":"https:\/\/bluestudio.estadao.com.br\/agencia-de-comunicacao\/wp-json\/wp\/v2\/media?parent=112054"}],"wp:term":[{"taxonomy":"category","embeddable":true,"href":"https:\/\/bluestudio.estadao.com.br\/agencia-de-comunicacao\/wp-json\/wp\/v2\/categories?post=112054"},{"taxonomy":"post_tag","embeddable":true,"href":"https:\/\/bluestudio.estadao.com.br\/agencia-de-comunicacao\/wp-json\/wp\/v2\/tags?post=112054"}],"curies":[{"name":"wp","href":"https:\/\/api.w.org\/{rel}","templated":true}]}}