{"id":112026,"date":"2025-06-05T19:43:00","date_gmt":"2025-06-05T22:43:00","guid":{"rendered":"https:\/\/bluestudio.estadao.com.br\/agencia-de-comunicacao\/prnewswire\/xxii-conferencia-do-forte-debate-a-conexao-entre-seguranca-internacional-multilateralismo-e-mudancas-climaticas\/"},"modified":"2025-06-05T19:43:00","modified_gmt":"2025-06-05T22:43:00","slug":"xxii-conferencia-do-forte-debate-a-conexao-entre-seguranca-internacional-multilateralismo-e-mudancas-climaticas","status":"publish","type":"post","link":"https:\/\/bluestudio.estadao.com.br\/agencia-de-comunicacao\/prnewswire\/xxii-conferencia-do-forte-debate-a-conexao-entre-seguranca-internacional-multilateralismo-e-mudancas-climaticas\/","title":{"rendered":"XXII Confer\u00eancia do Forte debate a conex\u00e3o entre seguran\u00e7a internacional, multilateralismo e mudan\u00e7as clim\u00e1ticas"},"content":{"rendered":"<div class=\"xn-content\">\n<p class=\"prntac\">MAIOR F\u00d3RUM DE SEGURAN\u00c7A INTERNACIONAL DA AM\u00c9RICA LATINA OCORRE NA TER\u00c7A-FEIRA, 10, NO <span class=\"xn-location\">RIO DE JANEIRO<\/span> E TER\u00c1 TRANSMISS\u00c3O ONLINE GRATUITA AO VIVO<\/p>\n<div class=\"PRN_ImbeddedAssetReference\" id=\"DivAssetPlaceHolder3946\">\n<a href=\"https:\/\/mma.prnewswire.com\/media\/2704692\/Picture1XXII.html\" target=\"_blank\" rel=\"nofollow\"><img decoding=\"async\" src=\"https:\/\/mma.prnewswire.com\/media\/2704692\/Picture1XXII.jpg\" title=\"Na Confer\u00eancia do Forte em 24, palestrantes discutiram sobre os desafios do cen\u00e1rio geopol\u00edtico global - foto: MAPA Fotografia\" alt=\"Na Confer\u00eancia do Forte em 24, palestrantes discutiram sobre os desafios do cen\u00e1rio geopol\u00edtico global - foto: MAPA Fotografia\" \/><\/a><\/p>\n<\/div>\n<p class=\"prntac\">\u00a0<\/p>\n<p><span class=\"legendSpanClass\"><span class=\"xn-location\">Rio de Janeiro<\/span><\/span>, <span class=\"legendSpanClass\">5 de junho de 2025<\/span> \/PRNewswire\/ &#8212; Maior f\u00f3rum de seguran\u00e7a internacional da Am\u00e9rica Latina, a <b>XXII Confer\u00eancia de Seguran\u00e7a Internacional do Forte<\/b> chega a sua 22\u00aa edi\u00e7\u00e3o na pr\u00f3xima ter\u00e7a-feira, 10 de junho, no <span class=\"xn-location\">Rio de Janeiro<\/span>. O tradicional evento do calend\u00e1rio nacional re\u00fane autoridades, diplomatas, representantes das For\u00e7as Armadas e acad\u00eamicos da Am\u00e9rica Latina e Europa durante um dia inteiro de discuss\u00f5es sobre os atuais desafios do cen\u00e1rio geopol\u00edtico global. A iniciativa \u00e9 da Funda\u00e7\u00e3o Konrad Adenauer (KAS-Brasil), em parceria com o Centro Brasileiro de Rela\u00e7\u00f5es Internacionais (CEBRI) e a Delega\u00e7\u00e3o da Uni\u00e3o Europeia no <span class=\"xn-location\">Brasil<\/span>.<\/p>\n<p>Com transmiss\u00e3o online em tempo real e tradu\u00e7\u00e3o simult\u00e2nea em portugu\u00eas, espanhol, ingl\u00eas e LIBRAS, a Confer\u00eancia tem como tema em destaque este ano &#8220;<b>Para Al\u00e9m do N\u00e3o Retorno<\/b>&#8220;, abordando a interse\u00e7\u00e3o entre a\u00e7\u00e3o clim\u00e1tica, coopera\u00e7\u00e3o multilateral e seguran\u00e7a internacional, em conson\u00e2ncia com o momento geopol\u00edtico atual e a realiza\u00e7\u00e3o da <span class=\"xn-money\">COP 30<\/span> no <span class=\"xn-location\">Brasil<\/span>. A partir das 9h, o p\u00fablico receber\u00e1 as boas-vindas de <b><span class=\"xn-person\">Maximilian Hedrich<\/span><\/b>, Diretor da Funda\u00e7\u00e3o Konrad Adenauer (KAS) no <span class=\"xn-location\">Brasil<\/span>; de <b>Jos\u00e9 <span class=\"xn-person\">Pio Borges<\/span><\/b>, Presidente do Conselho Curador do CEBRI e de <b><span class=\"xn-person\">Marian Schuegraf<\/span>,<\/b> Embaixadora da Delega\u00e7\u00e3o da Uni\u00e3o Europeia no <span class=\"xn-location\">Brasil<\/span>.<\/p>\n<p>Diretora de Seguran\u00e7a da Informa\u00e7\u00e3o no Gabinete de Seguran\u00e7a Institucional (GSI) da Presid\u00eancia da Rep\u00fablica, <b><span class=\"xn-person\">Danielle Ayres<\/span><\/b> ser\u00e1 a mediadora do painel de abertura da confer\u00eancia, &#8220;<b>Entre clima e seguran\u00e7a: multiplicador de amea\u00e7as e problema global?<\/b>&#8220;, \u00e0s 9h35. O debate vai explorar a integra\u00e7\u00e3o entre a\u00e7\u00e3o clim\u00e1tica e pol\u00edticas de seguran\u00e7a, os limites do multilateralismo diante de novas amea\u00e7as e os obst\u00e1culos para a implementa\u00e7\u00e3o de compromissos clim\u00e1ticos eficazes. <b><span class=\"xn-person\">Antonio Patriota<\/span><\/b>, Ex-Ministro das Rela\u00e7\u00f5es Exteriores e atual Embaixador do <span class=\"xn-location\">Brasil<\/span> no Reino Unido; <b><span class=\"xn-person\">Brian Glynn<\/span><\/b>, Diretor-Geral para as Am\u00e9ricas do Servi\u00e7o Europeu para a A\u00e7\u00e3o Externa (EEAS); e <b><span class=\"xn-person\">Roland Theis<\/span><\/b>, Membro do Parlamento Alem\u00e3o, tamb\u00e9m participam do painel.<\/p>\n<p>\u00c0s 10h55, a Confer\u00eancia do Forte apresenta uma atra\u00e7\u00e3o in\u00e9dita em sua programa\u00e7\u00e3o, em formato de flash talk. Com dura\u00e7\u00e3o de 20 minutos, a palestra ter\u00e1 como tema &#8220;<b>Quando a multipolaridade pode ser est\u00e1vel<\/b>?&#8221; e ser\u00e1 ministrada por <b><span class=\"xn-person\">Matias Spektor<\/span><\/b>, fundador e vice-diretor da Escola de Rela\u00e7\u00f5es Internacionais da FGV e Senior Fellow do CEBRI. Em seguida, \u00e0s 11h20, o painel &#8220;<b>Aspectos multilaterais das mudan\u00e7as clim\u00e1ticas: desafios para a <span class=\"xn-money\">COP30<\/span><\/b>&#8221; discutir\u00e1 os principais acordos multilaterais \u00e0 luz da reconfigura\u00e7\u00e3o da ordem internacional, e como fortalecer a governan\u00e7a clim\u00e1tica diante da ascens\u00e3o de novos desafios \u00e0 implementa\u00e7\u00e3o de compromissos. Participam da mesa <b><span class=\"xn-person\">Izabella Teixeira<\/span><\/b>, ex-Ministra do Meio Ambiente e Conselheira do CEBRI; <b>Mar\u00eda <span class=\"xn-person\">Isabel Ortiz Mantilla<\/span><\/b>, Presidente da Comiss\u00e3o de Meio Ambiente do Congresso de <span class=\"xn-location\">Guanajuato<\/span>, no M\u00e9xico; <b><span class=\"xn-person\">Emmanuella Doussis<\/span><\/b>, Titular da C\u00e1tedra UNESCO em Diplomacia Clim\u00e1tica; e a moderadora <b>Marianna Albuquerque<\/b>, Professora no Instituto de Rela\u00e7\u00f5es Internacionais e Defesa da UFRJ e Senior Fellow do CEBRI.<\/p>\n<p>Ap\u00f3s um intervalo, a programa\u00e7\u00e3o retorna \u00e0s 14h20 para o segundo flash talk &#8220;Mudan\u00e7as clim\u00e1ticas como amea\u00e7a global em conflitos locais&#8221;, ministrado por \u00a0<b><span class=\"xn-person\">Nisreen Elsaim<\/span><\/b>, Fellow na Robert Bosch Academy. Na sequ\u00eancia, \u00e0s 14h45, o painel &#8220;<b>Crime transnacional, seguran\u00e7a e impactos clim\u00e1ticos: uma interse\u00e7\u00e3o complexa<\/b>&#8221; abordar\u00e1 a rela\u00e7\u00e3o entre crime organizado, degrada\u00e7\u00e3o ambiental e instabilidade, com \u00eanfase na necessidade de coopera\u00e7\u00e3o internacional para rastrear e combater redes criminosas que amea\u00e7am a seguran\u00e7a ambiental e institucional dos pa\u00edses. O debate ter\u00e1 media\u00e7\u00e3o de <b><span class=\"xn-person\">Marcelo Della Nina<\/span><\/b>, chefe da Coordena\u00e7\u00e3o-Geral de Enfrentamento de Il\u00edcitos Transnacionais no Minist\u00e9rio das Rela\u00e7\u00f5es Exteriores do <span class=\"xn-location\">Brasil<\/span>, e participa\u00e7\u00e3o de <b>Nancy Patr\u00edcia Gut\u00ederrez<\/b>, Ex-Ministra do Interior da Col\u00f4mbia; <b><span class=\"xn-person\">Robert Muggah<\/span><\/b>, cofundador do Instituto Igarap\u00e9; e <b><span class=\"xn-person\">Maria Rosa Sabbatelli<\/span><\/b>, Chefe da Unidade de Amea\u00e7as e Desafios Globais e Transregionais da Comiss\u00e3o Europeia.<\/p>\n<p>Quest\u00f5es como transi\u00e7\u00e3o energ\u00e9tica e a coopera\u00e7\u00e3o entre Europa e Am\u00e9rica Latina para o desenvolvimento tecnol\u00f3gico e da ind\u00fastria de defesa ser\u00e3o debatidas no painel de encerramento &#8220;<b>A nova geopol\u00edtica da energia: recursos, seguran\u00e7a e poder<\/b>&#8220;, que ocorrer\u00e1 \u00e0s 16h25. <b><span class=\"xn-person\">Horacio Werner<\/span><\/b>, Diretor Executivo da Agenda Antartica; <b><span class=\"xn-person\">Elena Lazarou<\/span><\/b>, Fellow do <span class=\"xn-person\">Chatham House<\/span> e Senior Fellow da Funda\u00e7\u00e3o Hel\u00eanica para Pol\u00edtica Europeia e Externa; e <b><span class=\"xn-person\">Rafaela Guedes<\/span><\/b>, Senior Fellow do CEBRI e Integrante do painel de especialistas em Transi\u00e7\u00e3o Energ\u00e9tica do Instituto Clima e Sociedade, comp\u00f5em a mesa com modera\u00e7\u00e3o de <b>Hussein Kalout, <\/b>Ex-secret\u00e1rio especial de assuntos estrat\u00e9gicos da Presid\u00eancia da Rep\u00fablica do <span class=\"xn-location\">Brasil<\/span> e Membro do Conselho Consultivo Internacional do CEBRI.<\/p>\n<p>Todos os palestrantes participar\u00e3o de forma presencial do evento no Rio, que tamb\u00e9m ter\u00e1 transmiss\u00e3o online ao vivo para quem n\u00e3o estiver no local do evento. Para acessar a programa\u00e7\u00e3o completa em portugu\u00eas e ingl\u00eas, e ter acesso \u00e0 transmiss\u00e3o ao vivo, basta acessar <b><u><a href=\"https:\/\/forte.avscvirtual.com.br\/\" target=\"_blank\" rel=\"nofollow\">AQUI<\/a><\/u><\/b>.<\/p>\n<p>Acompanhe as redes da Funda\u00e7\u00e3o Konrad Adenauer no <span class=\"xn-location\">Brasil<\/span> para saber mais sobre o evento. Acesse pelo Instagram ou Facebook: @kasbrasil<\/p>\n<p><b>Sobre a Funda\u00e7\u00e3o Konrad Adenauer:<br \/><\/b>A Funda\u00e7\u00e3o Konrad Adenauer (KAS) \u00e9 uma funda\u00e7\u00e3o pol\u00edtica alem\u00e3 independente e sem fins lucrativos que atua nacional e internacionalmente em prol da paz, justi\u00e7a e liberdade. Nossa miss\u00e3o principal \u00e9 a defesa da democracia e o fomento da Economia Social de Mercado, com base nos valores da democracia crist\u00e3. Al\u00e9m disso, buscamos fortalecer as rela\u00e7\u00f5es transatl\u00e2nticas atrav\u00e9s da coopera\u00e7\u00e3o internacional e, para isso, possu\u00edmos mais de 107 representa\u00e7\u00f5es em todo o mundo. Orientamos nosso trabalho em temas chaves como a Inova\u00e7\u00e3o, Representatividade e Participa\u00e7\u00e3o, e Seguran\u00e7a.<\/p>\n<p>Atuamos no <span class=\"xn-location\">Brasil<\/span> desde 1969 e concentramos as nossas atividades em quatro eixos tem\u00e1ticos: Educa\u00e7\u00e3o Pol\u00edtica, promovendo a participa\u00e7\u00e3o dos cidad\u00e3os na pol\u00edtica; Estado de Direito e Pol\u00edticas P\u00fablicas, que forma multiplicadores sobre temas como Direitos Humanos e Democracia; Desenvolvimento Sustent\u00e1vel e Descentraliza\u00e7\u00e3o, onde promovemos encontros com lideran\u00e7as locais e representantes pol\u00edticos para promover a boa governan\u00e7a e a sustentabilidade; e Desafios Globais, onde estimulamos as rela\u00e7\u00f5es n\u00e3o s\u00f3 entre a Europa e a Am\u00e9rica Latina, mas tamb\u00e9m entre <span class=\"xn-location\">Brasil<\/span> e Alemanha, sob os prismas da coopera\u00e7\u00e3o e das rela\u00e7\u00f5es internacionais.<\/p>\n<p><b>Sobre o Centro Brasileiro de Rela\u00e7\u00f5es Internacionais:<br \/><\/b>Fundado em 1998 por um grupo de diplomatas, empres\u00e1rios, intelectuais e ex-ministros, o Centro Brasileiro de Rela\u00e7\u00f5es Internacionais (CEBRI) nasceu com a ambi\u00e7\u00e3o pioneira de criar o primeiro think tank brasileiro voltado \u00e0 pol\u00edtica internacional. Movidos pela necessidade de qualificar o debate p\u00fablico e ampliar a presen\u00e7a do <span class=\"xn-location\">Brasil<\/span> no mundo, seus fundadores estabeleceram a institui\u00e7\u00e3o com o prop\u00f3sito de produzir conhecimento, fomentar o di\u00e1logo e contribuir para a formula\u00e7\u00e3o de pol\u00edticas p\u00fablicas voltadas ao desenvolvimento nacional. Ao longo de quase tr\u00eas d\u00e9cadas, o CEBRI consolidou-se como um espa\u00e7o de promo\u00e7\u00e3o de debates estrat\u00e9gicos, plurais e independentes sobre temas internacionais de interesse do <span class=\"xn-location\">Brasil<\/span>, contribuindo para a formula\u00e7\u00e3o de pol\u00edticas p\u00fablicas sustent\u00e1veis, inovadoras e inclusivas. O CEBRI dedica-se \u00e0 produ\u00e7\u00e3o e dissemina\u00e7\u00e3o de conhecimento acess\u00edvel e qualificado, buscando engajar diferentes p\u00fablicos e ampliar a compreens\u00e3o sobre os desafios e oportunidades da inser\u00e7\u00e3o internacional brasileira.<\/p>\n<p><b>Sobre a Uni\u00e3o Europeia:<br \/><\/b>A Delega\u00e7\u00e3o da Uni\u00e3o Europeia no <span class=\"xn-location\">Brasil<\/span> foi criada em 1984. \u00c9 uma miss\u00e3o diplom\u00e1tica de pleno direito e trabalha em estreita colabora\u00e7\u00e3o com as miss\u00f5es diplom\u00e1ticas dos Estados-Membros da UE no <span class=\"xn-location\">Brasil<\/span>.<br \/>A Delega\u00e7\u00e3o da UE promove as pol\u00edticas da UE no <span class=\"xn-location\">Brasil<\/span>, o que inclui apresentar e explicar as a\u00e7\u00f5es da UE ao governo brasileiro, autoridades, sociedade civil e p\u00fablico em geral. A Delega\u00e7\u00e3o da UE promove ainda a implementa\u00e7\u00e3o da Parceria Estrat\u00e9gica UE-Brasil e trabalha para fortalecer as rela\u00e7\u00f5es pol\u00edticas e econ\u00f4micas\/comerciais com nossos parceiros brasileiros. A Delega\u00e7\u00e3o da UE tamb\u00e9m realiza um servi\u00e7o ativo de diplomacia p\u00fablica e informa\u00e7\u00e3o, com o objetivo de informar os brasileiros sobre os desenvolvimentos atuais na Uni\u00e3o Europeia e aumentar a conscientiza\u00e7\u00e3o sobre os interesses e preocupa\u00e7\u00f5es da UE. Os amplos programas de assist\u00eancia e coopera\u00e7\u00e3o setorial da UE no <span class=\"xn-location\">Brasil<\/span> abrangem \u00e1reas como meio ambiente, mudan\u00e7as clim\u00e1ticas, direitos humanos, ci\u00eancia e tecnologia e pesquisa e inova\u00e7\u00e3o.<\/p>\n<p><b>Para mais informa\u00e7\u00f5es, entre em contato:<\/b><br \/><span class=\"xn-person\">Felipe Teixeira<\/span>:: <a href=\"mailto:felipe.teixeira@agenciafebre.com.br\" rel=\"nofollow\">felipe.teixeira@agenciafebre.com.br<\/a> 21 99151-9425<br \/><span class=\"xn-person\">Katia Carneiro<\/span>:: <a href=\"mailto:katia.carneiro@agenciafebre.com.br\" rel=\"nofollow\">katia.carneiro@agenciafebre.com.br<\/a> 21 99978-2881<br \/>Siga-nos no <u><a href=\"https:\/\/www.instagram.com\/agfebre\" target=\"_blank\" rel=\"nofollow\">Instagram<\/a><\/u> e no\u00a0<u><a href=\"https:\/\/www.linkedin.com\/company\/agenciafebre\/?viewAsMember=true\" target=\"_blank\" rel=\"nofollow\">Linkedin<\/a><\/u><\/p>\n<p>Foto &#8211; <a href=\"https:\/\/mma.prnewswire.com\/media\/2704692\/Picture1XXII.jpg\" target=\"_blank\" rel=\"nofollow\">https:\/\/mma.prnewswire.com\/media\/2704692\/Picture1XXII.jpg<\/a><\/p>\n<div class=\"PRN_ImbeddedAssetReference\" id=\"DivAssetPlaceHolder0\"><\/div>\n<p id=\"PURL\"><img loading=\"lazy\" decoding=\"async\" title=\"Cision\" width=\"12\" height=\"12\" alt=\"Cision\" src=\"https:\/\/c212.net\/c\/img\/favicon.png?sn=PT04571&amp;sd=2025-06-05\" \/> View original content to download multimedia:<a id=\"PRNURL\" rel=\"nofollow\" href=\"https:\/\/www.prnewswire.com\/br\/comunicados-para-a-imprensa\/xxii-conferencia-do-forte-debate-a-conexao-entre-seguranca-internacional-multilateralismo-e-mudancas-climaticas-302474817.html\" target=\"_blank\">https:\/\/www.prnewswire.com\/br\/comunicados-para-a-imprensa\/xxii-conferencia-do-forte-debate-a-conexao-entre-seguranca-internacional-multilateralismo-e-mudancas-climaticas-302474817.html<\/a><\/p>\n<p>FONTE  XXII Confer\u00eancia de Seguran\u00e7a Internacional do Forte<\/p>\n<\/div>\n<p><img decoding=\"async\" alt=\"\" src=\"https:\/\/rt.prnewswire.com\/rt.gif?NewsItemId=PT04571&amp;Transmission_Id=202506051831PR_NEWS_LATAM____PT04571&amp;DateId=20250605\" style=\"border:0px;width:1px;height:1px\" \/><\/p>\n<p><strong>T\u00f3picos Relacionados:<\/strong> An\u00fancios de Confer\u00eancias Telef\u00f4nicas, Eventos Futuros, An\u00fancios de Transmiss\u00e3o, Not\u00edcias de Interesse P\u00fablico<\/p>\n<p>A <b>OESP<\/b> n\u00e3o \u00e9(s\u00e3o) respons\u00e1vel(is) por erros, incorre\u00e7\u00f5es, atrasos ou quaisquer decis\u00f5es tomadas por seus clientes com base nos Conte\u00fados ora disponibilizados, bem como tais Conte\u00fados n\u00e3o representam a opini\u00e3o da <b>OESP<\/b> e s\u00e3o de inteira responsabilidade da <b>PR Newswire Ltda<\/b><\/p>\n","protected":false},"excerpt":{"rendered":"MAIOR F\u00d3RUM DE SEGURAN\u00c7A INTERNACIONAL DA AM\u00c9RICA LATINA OCORRE NA TER\u00c7A-FEIRA, 10, NO RIO DE JANEIRO E TER\u00c1 TRANSMISS\u00c3O ONLINE GRATUITA AO VIVO \u00a0 Rio de Janeiro, 5 de junho de 2025","protected":false},"author":1,"featured_media":0,"comment_status":"open","ping_status":"closed","sticky":false,"template":"","format":"standard","meta":{"_acf_changed":false,"inline_featured_image":false,"_monsterinsights_skip_tracking":false,"_monsterinsights_sitenote_active":false,"_monsterinsights_sitenote_note":"","_monsterinsights_sitenote_category":0,"footnotes":""},"categories":[27],"tags":[],"class_list":["post-112026","post","type-post","status-publish","format-standard","hentry","category-prnewswire"],"acf":[],"_links":{"self":[{"href":"https:\/\/bluestudio.estadao.com.br\/agencia-de-comunicacao\/wp-json\/wp\/v2\/posts\/112026","targetHints":{"allow":["GET"]}}],"collection":[{"href":"https:\/\/bluestudio.estadao.com.br\/agencia-de-comunicacao\/wp-json\/wp\/v2\/posts"}],"about":[{"href":"https:\/\/bluestudio.estadao.com.br\/agencia-de-comunicacao\/wp-json\/wp\/v2\/types\/post"}],"author":[{"embeddable":true,"href":"https:\/\/bluestudio.estadao.com.br\/agencia-de-comunicacao\/wp-json\/wp\/v2\/users\/1"}],"replies":[{"embeddable":true,"href":"https:\/\/bluestudio.estadao.com.br\/agencia-de-comunicacao\/wp-json\/wp\/v2\/comments?post=112026"}],"version-history":[{"count":0,"href":"https:\/\/bluestudio.estadao.com.br\/agencia-de-comunicacao\/wp-json\/wp\/v2\/posts\/112026\/revisions"}],"wp:attachment":[{"href":"https:\/\/bluestudio.estadao.com.br\/agencia-de-comunicacao\/wp-json\/wp\/v2\/media?parent=112026"}],"wp:term":[{"taxonomy":"category","embeddable":true,"href":"https:\/\/bluestudio.estadao.com.br\/agencia-de-comunicacao\/wp-json\/wp\/v2\/categories?post=112026"},{"taxonomy":"post_tag","embeddable":true,"href":"https:\/\/bluestudio.estadao.com.br\/agencia-de-comunicacao\/wp-json\/wp\/v2\/tags?post=112026"}],"curies":[{"name":"wp","href":"https:\/\/api.w.org\/{rel}","templated":true}]}}