{"id":111871,"date":"2025-06-01T18:27:00","date_gmt":"2025-06-01T21:27:00","guid":{"rendered":"https:\/\/bluestudio.estadao.com.br\/agencia-de-comunicacao\/prnewswire\/expansao-da-abertura-externa-e-aprofundamento-do-intercambio-e-cooperacao\/"},"modified":"2025-06-01T18:27:00","modified_gmt":"2025-06-01T21:27:00","slug":"expansao-da-abertura-externa-e-aprofundamento-do-intercambio-e-cooperacao","status":"publish","type":"post","link":"https:\/\/bluestudio.estadao.com.br\/agencia-de-comunicacao\/prnewswire\/expansao-da-abertura-externa-e-aprofundamento-do-intercambio-e-cooperacao\/","title":{"rendered":"Expans\u00e3o da abertura externa e aprofundamento do interc\u00e2mbio e coopera\u00e7\u00e3o"},"content":{"rendered":"<div class=\"xn-content\">\n<span class=\"legendSpanClass\"><span class=\"xn-location\">CHENGDU, China<\/span><\/span>, <span class=\"legendSpanClass\">1 de junho de 2025<\/span> \/PRNewswire\/ &#8212; A\u00a020\u00aa Feira Internacional do Oeste da <span class=\"xn-location\">China<\/span> foi realizada em\u00a0Chengdu de 25 a 29 de maio sob o tema &#8220;Aprofundar a reforma para ganhar mais impulso, expandir a abertura para crescer mais.&#8221;<\/p>\n<div class=\"PRN_ImbeddedAssetReference\" id=\"DivAssetPlaceHolder6183\">\n<a href=\"https:\/\/mma.prnewswire.com\/media\/2700588\/Expanding_External_Opening_Up_Deepening_Exchange_Cooperation.html\" target=\"_blank\" rel=\"nofollow\"><img decoding=\"async\" src=\"https:\/\/mma.prnewswire.com\/media\/2700588\/Expanding_External_Opening_Up_Deepening_Exchange_Cooperation.jpg\" title=\"Ampliar a abertura externa e aprofundar o interc\u00e2mbio e a coopera\u00e7\u00e3o (PRNewsfoto\/WCIF)\" alt=\"Ampliar a abertura externa e aprofundar o interc\u00e2mbio e a coopera\u00e7\u00e3o (PRNewsfoto\/WCIF)\" \/><\/a><\/p>\n<\/div>\n<p>Este ano marca o 25\u00ba anivers\u00e1rio da cria\u00e7\u00e3o da Feira, atraindo mais de 3.000 empresas de 62 pa\u00edses e regi\u00f5es, com Bol\u00edvia, <span class=\"xn-location\">Cuba<\/span> e Nicar\u00e1gua participando pela primeira vez. Representantes dos pa\u00edses convidados de honra, Hungria e <span class=\"xn-location\">Laos<\/span>, indicaram que, por meio da Feira, alcan\u00e7aram inten\u00e7\u00f5es de coopera\u00e7\u00e3o com v\u00e1rias empresas chinesas e veem amplo potencial de colabora\u00e7\u00e3o com a China Ocidental nos setores de cultura, turismo, tecnologia e culin\u00e1ria. O sol artificial de pr\u00f3xima gera\u00e7\u00e3o &#8220;HL-3 da <span class=\"xn-location\">China<\/span>&#8221; e outras tecnologias e produtos novos e pioneiros foram apresentados nesta Feira, falando muito sobre as capacidades avan\u00e7adas de fabrica\u00e7\u00e3o e o potencial de inova\u00e7\u00e3o cient\u00edfica da China Ocidental. Atualmente, 13 dos 80 polos de manufatura avan\u00e7ada de n\u00edvel nacional da <span class=\"xn-location\">China<\/span> est\u00e3o localizados nas prov\u00edncias ocidentais.<\/p>\n<p>Durante esta Feira, v\u00e1rias partes da China Ocidental assinaram 416 projetos de coopera\u00e7\u00e3o de investimento com investidores nacionais e internacionais, totalizando 354,3 bilh\u00f5es de\u00a0yuans. Eventos de conex\u00e3o econ\u00f4mica e comercial, como o Simp\u00f3sio &#8220;Invest in <span class=\"xn-location\">Sichuan<\/span>&#8221; para Empresas Multinacionais (Sess\u00e3o da It\u00e1lia) e a 15\u00aa Confer\u00eancia Internacional de Fornecimento da China Ocidental, forneceram plataformas mais amplas para interc\u00e2mbio e coopera\u00e7\u00e3o entre empresas chinesas e estrangeiras.<\/p>\n<p>Foto &#8211; <a href=\"https:\/\/mma.prnewswire.com\/media\/2700588\/Expanding_External_Opening_Up_Deepening_Exchange_Cooperation.jpg\" target=\"_blank\" rel=\"nofollow\">https:\/\/mma.prnewswire.com\/media\/2700588\/Expanding_External_Opening_Up_Deepening_Exchange_Cooperation.jpg<\/a><\/p>\n<div class=\"PRN_ImbeddedAssetReference\" id=\"DivAssetPlaceHolder0\"><\/div>\n<p id=\"PURL\"><img loading=\"lazy\" decoding=\"async\" title=\"Cision\" width=\"12\" height=\"12\" alt=\"Cision\" src=\"https:\/\/c212.net\/c\/img\/favicon.png?sn=PT00355&amp;sd=2025-06-01\" \/> View original content to download multimedia:<a id=\"PRNURL\" rel=\"nofollow\" href=\"https:\/\/www.prnewswire.com\/br\/comunicados-para-a-imprensa\/expansao-da-abertura-externa-e-aprofundamento-do-intercambio-e-cooperacao-302470203.html\" target=\"_blank\">https:\/\/www.prnewswire.com\/br\/comunicados-para-a-imprensa\/expansao-da-abertura-externa-e-aprofundamento-do-intercambio-e-cooperacao-302470203.html<\/a><\/p>\n<p>FONTE  WCIF<\/p>\n<\/div>\n<p><img decoding=\"async\" alt=\"\" src=\"https:\/\/rt.prnewswire.com\/rt.gif?NewsItemId=PT00355&amp;Transmission_Id=202506011723PR_NEWS_LATAM____PT00355&amp;DateId=20250601\" style=\"border:0px;width:1px;height:1px\" \/><\/p>\n<p><strong>T\u00f3picos Relacionados:<\/strong> Not\u00edcias de Feiras Comerciais, Fabrica\u00e7\u00e3o Geral, Minera\u00e7\u00e3o\/Metais, Computador\/Eletr\u00f4nica, Servi\u00e7os Banc\u00e1rios\/Financeiros<\/p>\n<p>A <b>OESP<\/b> n\u00e3o \u00e9(s\u00e3o) respons\u00e1vel(is) por erros, incorre\u00e7\u00f5es, atrasos ou quaisquer decis\u00f5es tomadas por seus clientes com base nos Conte\u00fados ora disponibilizados, bem como tais Conte\u00fados n\u00e3o representam a opini\u00e3o da <b>OESP<\/b> e s\u00e3o de inteira responsabilidade da <b>PR Newswire Ltda<\/b><\/p>\n","protected":false},"excerpt":{"rendered":"CHENGDU, China, 1 de junho de 2025 \/PRNewswire\/ &#8212; A\u00a020\u00aa Feira Internacional do Oeste da China foi realizada em\u00a0Chengdu de 25 a 29 de maio sob o tema &#8220;Aprofundar a reforma para ganhar","protected":false},"author":1,"featured_media":0,"comment_status":"open","ping_status":"closed","sticky":false,"template":"","format":"standard","meta":{"_acf_changed":false,"inline_featured_image":false,"_monsterinsights_skip_tracking":false,"_monsterinsights_sitenote_active":false,"_monsterinsights_sitenote_note":"","_monsterinsights_sitenote_category":0,"footnotes":""},"categories":[27],"tags":[],"class_list":["post-111871","post","type-post","status-publish","format-standard","hentry","category-prnewswire"],"acf":[],"_links":{"self":[{"href":"https:\/\/bluestudio.estadao.com.br\/agencia-de-comunicacao\/wp-json\/wp\/v2\/posts\/111871","targetHints":{"allow":["GET"]}}],"collection":[{"href":"https:\/\/bluestudio.estadao.com.br\/agencia-de-comunicacao\/wp-json\/wp\/v2\/posts"}],"about":[{"href":"https:\/\/bluestudio.estadao.com.br\/agencia-de-comunicacao\/wp-json\/wp\/v2\/types\/post"}],"author":[{"embeddable":true,"href":"https:\/\/bluestudio.estadao.com.br\/agencia-de-comunicacao\/wp-json\/wp\/v2\/users\/1"}],"replies":[{"embeddable":true,"href":"https:\/\/bluestudio.estadao.com.br\/agencia-de-comunicacao\/wp-json\/wp\/v2\/comments?post=111871"}],"version-history":[{"count":0,"href":"https:\/\/bluestudio.estadao.com.br\/agencia-de-comunicacao\/wp-json\/wp\/v2\/posts\/111871\/revisions"}],"wp:attachment":[{"href":"https:\/\/bluestudio.estadao.com.br\/agencia-de-comunicacao\/wp-json\/wp\/v2\/media?parent=111871"}],"wp:term":[{"taxonomy":"category","embeddable":true,"href":"https:\/\/bluestudio.estadao.com.br\/agencia-de-comunicacao\/wp-json\/wp\/v2\/categories?post=111871"},{"taxonomy":"post_tag","embeddable":true,"href":"https:\/\/bluestudio.estadao.com.br\/agencia-de-comunicacao\/wp-json\/wp\/v2\/tags?post=111871"}],"curies":[{"name":"wp","href":"https:\/\/api.w.org\/{rel}","templated":true}]}}