{"id":111839,"date":"2025-05-30T15:42:00","date_gmt":"2025-05-30T18:42:00","guid":{"rendered":"https:\/\/bluestudio.estadao.com.br\/agencia-de-comunicacao\/prnewswire\/seguranca-nas-estradas-e-o-tema-do-novo-episodio-do-vwco-news\/"},"modified":"2025-05-30T15:42:00","modified_gmt":"2025-05-30T18:42:00","slug":"seguranca-nas-estradas-e-o-tema-do-novo-episodio-do-vwco-news","status":"publish","type":"post","link":"https:\/\/bluestudio.estadao.com.br\/agencia-de-comunicacao\/prnewswire\/seguranca-nas-estradas-e-o-tema-do-novo-episodio-do-vwco-news\/","title":{"rendered":"Seguran\u00e7a nas estradas \u00e9 o tema do novo epis\u00f3dio do VWCO News"},"content":{"rendered":"<div class=\"xn-content\">\n<span class=\"legendSpanClass\"><span class=\"xn-location\">SAO PAULO<\/span><\/span>, <span class=\"legendSpanClass\">30 de maio de 2025<\/span> \/PRNewswire\/ &#8212; O novo epis\u00f3dio do podcast\u00a0VWCO News estreia hoje com um tema muito relevante: dire\u00e7\u00e3o segura e eficiente. Em um bate-papo informativo, especialistas em seguran\u00e7a automotiva compartilham suas experi\u00eancias e oferecem conselhos pr\u00e1ticos para garantir viagens mais seguras e tranquilas, especialmente durante o carnaval. A final, seja nas rodovias movimentadas ou nas ruas congestionadas da cidade, a seguran\u00e7a no tr\u00e2nsito deve ser uma responsabilidade compartilhada entre todas as pessoas envolvidas.<\/p>\n<div class=\"PRN_ImbeddedAssetReference\" id=\"DivAssetPlaceHolder1\">\n<a href=\"https:\/\/mma.prnewswire.com\/media\/2700313\/Seg.html\" target=\"_blank\" rel=\"nofollow\">  <img decoding=\"async\" src=\"https:\/\/mma.prnewswire.com\/media\/2700313\/Seg.jpg\" title=\"\" alt=\"\" \/><\/a>\n <\/p>\n<\/p><\/div>\n<p>A edi\u00e7\u00e3o conta com a participa\u00e7\u00e3o de <span class=\"xn-person\">Hilton Spiler<\/span>, diretor de Seguran\u00e7a Veicular da Associa\u00e7\u00e3o Brasileira de Engenharia Automotiva, a AEA; <span class=\"xn-person\">Antonio Oliveira<\/span>, especialista de freios da Volkswagen Caminh\u00f5es e \u00d4nibus; e <span class=\"xn-person\">Edgard Correia<\/span>, instrutor de treinamentos para a rede de concession\u00e1rios da montadora.<\/p>\n<p>Neste bate-papo, o trio se aprofunda na explica\u00e7\u00e3o das tecnologias que atuam como anjos da guarda nas estradas e fala mais sobre como a transforma\u00e7\u00e3o digital moldar\u00e1 a seguran\u00e7a veicular e a experi\u00eancia dos motoristas no futuro: conectividade e sistemas de assist\u00eancia s\u00e3o apenas o come\u00e7o. Mitos e verdades tamb\u00e9m s\u00e3o discutidos pelos especialistas, eliminando algumas das cren\u00e7as populares que representam riscos nas rodovias.<\/p>\n<p>O transporte rodovi\u00e1rio \u00e9 a principal forma de conduzir mercadorias e passageiros no pa\u00eds, por\u00e9m dados recentes da Pol\u00edcia Rodovi\u00e1ria Federal (PRF) revelam aumento no n\u00famero de acidentes envolvendo caminh\u00f5es nas rodovias federais em 2024. No primeiro semestre, foram registrados quase 9 mil acidentes, com uma m\u00e9dia de um a cada meia hora. Em um pa\u00eds com a frota t\u00e3o envelhecida, mortes em acidentes com caminh\u00f5es e \u00f4nibus cresceram 26% no Brasil este ano em rela\u00e7\u00e3o ao ano passado.<\/p>\n<p>Com a aproxima\u00e7\u00e3o do feriado de carnaval, \u00e9 importante redobrar a aten\u00e7\u00e3o ao pegar no volante. &#8220;Este \u00e9 um per\u00edodo de muita festa e alegria, mas tamb\u00e9m exige ainda mais aten\u00e7\u00e3o no tr\u00e2nsito&#8221;, explica Edgard. &#8220;Com este epis\u00f3dio, queremos contribuir para que os motoristas cheguem sempre aos seus destinos com seguran\u00e7a e aproveitem o feriado sem preocupa\u00e7\u00f5es.&#8221;<\/p>\n<p>O novo epis\u00f3dio do podcast j\u00e1 est\u00e1 dispon\u00edvel em: <a href=\"https:\/\/open.spotify.com\/episode\/0bEOb58iZHfUmogGjeu7hG?si=9ggpeiscSgC2OvPD-EuogQ&amp;nd=1&amp;dlsi=88c978e4273f458a\" target=\"_blank\" rel=\"nofollow\">Dire\u00e7\u00e3o segura e eficiente &#8211; VWCO News | Podcast on Spotify<\/a><\/p>\n<p><b>Sobre a VW Caminh\u00f5es e \u00d4nibus<\/b><\/p>\n<p>Membro do Grupo\u00a0TRATON, a VW Caminh\u00f5es e \u00d4nibus \u00e9 a fabricante dos ve\u00edculos comerciais Volkswagen, uma das maiores montadoras de caminh\u00f5es e \u00f4nibus da Am\u00e9rica Latina. Desde 1981, quando iniciou suas opera\u00e7\u00f5es, chegar ao topo do mercado, respeitando e satisfazendo as necessidades dos clientes, sempre foi o foco da montadora. E \u00e9 exatamente isso que oferece a seus clientes: produtos sob medida e um excelente servi\u00e7o de p\u00f3s-vendas. A empresa tamb\u00e9m \u00e9 refer\u00eancia em inova\u00e7\u00f5es tecnol\u00f3gicas, sendo pioneira no desenvolvimento e produ\u00e7\u00e3o de um caminh\u00e3o 100% el\u00e9trico na Am\u00e9rica Latina. A empresa busca sempre solu\u00e7\u00f5es que reduzam o impacto ambiental e ajudem a preservar o meio ambiente. H\u00e1 mais de 40 anos, a fabricante mant\u00e9m seu compromisso de desenvolver ve\u00edculos que superem as exig\u00eancias dos clientes ? onde quer que eles rodem, seja pelas estradas brasileiras, latino-americanas, africanas ou asi\u00e1ticas.<\/p>\n<p><b>Sobre o GRUPO TRATON<\/b><\/p>\n<p>Com suas marcas Volkswagen Caminh\u00f5es e \u00d4nibus, Scania, MAN e Navistar, a TRATON SE \u00e9 controladora do GRUPO TRATON e um dos principais fabricantes de ve\u00edculos comerciais do mundo. Seu portf\u00f3lio de produtos inclui caminh\u00f5es, \u00f4nibus e ve\u00edculos comerciais leves. &#8220;Transformando o Transporte Juntos. Para um mundo sustent\u00e1vel&#8221;: esta inten\u00e7\u00e3o refor\u00e7a a ambi\u00e7\u00e3o da empresa de ter um impacto duradouro e sustent\u00e1vel no neg\u00f3cio de ve\u00edculos comerciais e no crescimento comercial do Grupo.<\/p>\n<p><b>Volkswagen Caminh\u00f5es e \u00d4nibus<\/b><br \/><b>Comunica\u00e7\u00e3o\u00a0<\/b><br \/>(11) 5582-5335 \/ (24) 3381-1063<br \/><a href=\"mailto:comunicacao@volkswagen.com.br\" target=\"_blank\" rel=\"nofollow\">comunicacao@volkswagen.com.br<\/a><\/p>\n<p>Foto &#8211; <a href=\"https:\/\/mma.prnewswire.com\/media\/2700313\/Seg.jpg\" target=\"_blank\" rel=\"nofollow\">https:\/\/mma.prnewswire.com\/media\/2700313\/Seg.jpg<\/a><\/p>\n<p id=\"PURL\"><img loading=\"lazy\" decoding=\"async\" title=\"Cision\" width=\"12\" height=\"12\" alt=\"Cision\" src=\"https:\/\/c212.net\/c\/img\/favicon.png?sn=PT00071&amp;sd=2025-05-30\" \/> View original content to download multimedia:<a id=\"PRNURL\" rel=\"nofollow\" href=\"https:\/\/www.prnewswire.com\/br\/comunicados-para-a-imprensa\/seguranca-nas-estradas-e-o-tema-do-novo-episodio-do-vwco-news-302469743.html\" target=\"_blank\">https:\/\/www.prnewswire.com\/br\/comunicados-para-a-imprensa\/seguranca-nas-estradas-e-o-tema-do-novo-episodio-do-vwco-news-302469743.html<\/a><\/p>\n<p>FONTE  Volkswagen Caminh\u00f5es e \u00d4nibus<\/p>\n<\/div>\n<p><img decoding=\"async\" alt=\"\" src=\"https:\/\/rt.prnewswire.com\/rt.gif?NewsItemId=PT00071&amp;Transmission_Id=202505301434PR_NEWS_LATAM____PT00071&amp;DateId=20250530\" style=\"border:0px;width:1px;height:1px\" \/><\/p>\n<p><strong>T\u00f3picos Relacionados:<\/strong> Novos Produtos\/Servi\u00e7os, Transporte \/ Caminh\u00f5es \/ Ferrovias, R\u00e1dio e Podcast, Entretenimento<\/p>\n<p>A <b>OESP<\/b> n\u00e3o \u00e9(s\u00e3o) respons\u00e1vel(is) por erros, incorre\u00e7\u00f5es, atrasos ou quaisquer decis\u00f5es tomadas por seus clientes com base nos Conte\u00fados ora disponibilizados, bem como tais Conte\u00fados n\u00e3o representam a opini\u00e3o da <b>OESP<\/b> e s\u00e3o de inteira responsabilidade da <b>PR Newswire Ltda<\/b><\/p>\n","protected":false},"excerpt":{"rendered":"SAO PAULO, 30 de maio de 2025 \/PRNewswire\/ &#8212; O novo epis\u00f3dio do podcast\u00a0VWCO News estreia hoje com um tema muito relevante: dire\u00e7\u00e3o segura e eficiente. Em um bate-papo informativo,","protected":false},"author":1,"featured_media":0,"comment_status":"open","ping_status":"closed","sticky":false,"template":"","format":"standard","meta":{"_acf_changed":false,"inline_featured_image":false,"_monsterinsights_skip_tracking":false,"_monsterinsights_sitenote_active":false,"_monsterinsights_sitenote_note":"","_monsterinsights_sitenote_category":0,"footnotes":""},"categories":[27],"tags":[],"class_list":["post-111839","post","type-post","status-publish","format-standard","hentry","category-prnewswire"],"acf":[],"_links":{"self":[{"href":"https:\/\/bluestudio.estadao.com.br\/agencia-de-comunicacao\/wp-json\/wp\/v2\/posts\/111839","targetHints":{"allow":["GET"]}}],"collection":[{"href":"https:\/\/bluestudio.estadao.com.br\/agencia-de-comunicacao\/wp-json\/wp\/v2\/posts"}],"about":[{"href":"https:\/\/bluestudio.estadao.com.br\/agencia-de-comunicacao\/wp-json\/wp\/v2\/types\/post"}],"author":[{"embeddable":true,"href":"https:\/\/bluestudio.estadao.com.br\/agencia-de-comunicacao\/wp-json\/wp\/v2\/users\/1"}],"replies":[{"embeddable":true,"href":"https:\/\/bluestudio.estadao.com.br\/agencia-de-comunicacao\/wp-json\/wp\/v2\/comments?post=111839"}],"version-history":[{"count":0,"href":"https:\/\/bluestudio.estadao.com.br\/agencia-de-comunicacao\/wp-json\/wp\/v2\/posts\/111839\/revisions"}],"wp:attachment":[{"href":"https:\/\/bluestudio.estadao.com.br\/agencia-de-comunicacao\/wp-json\/wp\/v2\/media?parent=111839"}],"wp:term":[{"taxonomy":"category","embeddable":true,"href":"https:\/\/bluestudio.estadao.com.br\/agencia-de-comunicacao\/wp-json\/wp\/v2\/categories?post=111839"},{"taxonomy":"post_tag","embeddable":true,"href":"https:\/\/bluestudio.estadao.com.br\/agencia-de-comunicacao\/wp-json\/wp\/v2\/tags?post=111839"}],"curies":[{"name":"wp","href":"https:\/\/api.w.org\/{rel}","templated":true}]}}