{"id":111835,"date":"2025-05-30T13:57:00","date_gmt":"2025-05-30T16:57:00","guid":{"rendered":"https:\/\/bluestudio.estadao.com.br\/agencia-de-comunicacao\/prnewswire\/podcast-vwco-news-traz-previsoes-para-futuro-da-mobilidade\/"},"modified":"2025-05-30T13:57:00","modified_gmt":"2025-05-30T16:57:00","slug":"podcast-vwco-news-traz-previsoes-para-futuro-da-mobilidade","status":"publish","type":"post","link":"https:\/\/bluestudio.estadao.com.br\/agencia-de-comunicacao\/prnewswire\/podcast-vwco-news-traz-previsoes-para-futuro-da-mobilidade\/","title":{"rendered":"Podcast VWCO News traz previs\u00f5es para futuro da mobilidade"},"content":{"rendered":"<div class=\"xn-content\">\n<span class=\"legendSpanClass\">S\u00c3O PAULO<\/span>, <span class=\"legendSpanClass\">30 de maio de 2025<\/span> \/PRNewswire\/ &#8212; O ano de 2024 est\u00e1 chegando ao fim e, com isso, entra em pauta a lista de desejos e previs\u00f5es para o que est\u00e1 por vir. Pensando em ajudar os clientes, concession\u00e1rios e importadores que desejam solu\u00e7\u00f5es para um transporte mais sustent\u00e1vel, descarbonizado e com novas tecnologias, o podcast VWCO News divulga o seu 47\u00b0 epis\u00f3dio inteiramente focado no assunto! Em uma conversa recheada de informa\u00e7\u00e3o, opini\u00f5es e debates, os convidados puderam trazer suas vis\u00f5es sobre mobilidade, como o Brasil vem se preparando para ter uma frota mais &#8216;verde&#8217; e quais as solu\u00e7\u00f5es que o mercado pode oferecer no futuro.<\/p>\n<div class=\"PRN_ImbeddedAssetReference\" id=\"DivAssetPlaceHolder3703\">\n<a href=\"https:\/\/mma.prnewswire.com\/media\/2700220\/G_pitb.html\" target=\"_blank\" rel=\"nofollow\"><img decoding=\"async\" src=\"https:\/\/mma.prnewswire.com\/media\/2700220\/G_pitb.jpg\" title=\"\" alt=\"\" \/><\/a><\/p>\n<\/div>\n<p>Enriquecendo o bate-papo, o podcast contou com a presen\u00e7a de tr\u00eas convidados especiais: <span class=\"xn-person\">Marco Saltini<\/span>, vice-presidente de Rela\u00e7\u00f5es Institucionais da Volkswagen Caminh\u00f5es e \u00d4nibus e vice-presidente da Associa\u00e7\u00e3o Nacional dos Fabricantes de Ve\u00edculos Automotores (Anfavea); <span class=\"xn-person\">Daniel Ribeiro<\/span>, especialista em novas tecnologias da marca; e J\u00falio Cesar, jornalista do portal InsideEVs.<\/p>\n<p>O bate-papo \u00e9 comandado por <span class=\"xn-person\">Gustavo Dantas<\/span> e <span class=\"xn-person\">Maria Eduarda Ramos<\/span>, do time de Comunica\u00e7\u00e3o Corporativa da VWCO, sob a coordena\u00e7\u00e3o de <span class=\"xn-person\">Marcos Brito<\/span>, diretor da \u00e1rea. A produ\u00e7\u00e3o e edi\u00e7\u00e3o do epis\u00f3dio t\u00eam o apoio de <span class=\"xn-person\">Danielle Ritton<\/span>, Isabella Novaes, Wander Gartner e Dummy Studios.<\/p>\n<p>Confira em: <a href=\"https:\/\/open.spotify.com\/episode\/4k0BYhndUbJGEioAhYxB6o?si=JAmjxkPSSRuncLhkFixyRA\" target=\"_blank\" rel=\"nofollow\">https:\/\/open.spotify.com\/episode\/4k0BYhndUbJGEioAhYxB6o?si=JAmjxkPSSRuncLhkFixyRA<\/a>\u00a0\u00a0\u00a0\u00a0\u00a0\u00a0\u00a0\u00a0\u00a0\u00a0\u00a0\u00a0\u00a0\u00a0\u00a0\u00a0\u00a0\u00a0\u00a0\u00a0\u00a0\u00a0\u00a0\u00a0\u00a0\u00a0\u00a0\u00a0\u00a0\u00a0\u00a0\u00a0\u00a0\u00a0\u00a0\u00a0\u00a0<\/p>\n<p class=\"prntac\"><b>Um membro do GRUPO TRATON<\/b><\/p>\n<p><b>Sobre a VW Caminh\u00f5es e \u00d4nibus<\/b><\/p>\n<p>Membro do Grupo\u00a0TRATON, a VW Caminh\u00f5es e \u00d4nibus \u00e9 a fabricante dos ve\u00edculos comerciais Volkswagen, uma das maiores montadoras de caminh\u00f5es e \u00f4nibus da Am\u00e9rica Latina. Desde 1981, quando iniciou suas opera\u00e7\u00f5es, chegar ao topo do mercado, respeitando e satisfazendo as necessidades dos clientes, sempre foi o foco da montadora. E \u00e9 exatamente isso que oferece a seus clientes: produtos sob medida e um excelente servi\u00e7o de p\u00f3s-vendas. A empresa tamb\u00e9m \u00e9 refer\u00eancia em inova\u00e7\u00f5es tecnol\u00f3gicas, sendo pioneira no desenvolvimento e produ\u00e7\u00e3o de um caminh\u00e3o 100% el\u00e9trico na Am\u00e9rica Latina. A empresa busca sempre solu\u00e7\u00f5es que reduzam o impacto ambiental e ajudem a preservar o meio ambiente. H\u00e1 mais de 40 anos, a fabricante mant\u00e9m seu compromisso de desenvolver ve\u00edculos que superem as exig\u00eancias dos clientes ? onde quer que eles rodem, seja pelas estradas brasileiras, latino-americanas, africanas ou asi\u00e1ticas.<\/p>\n<p><b>Sobre o GRUPO\u00a0TRATON<\/b><\/p>\n<p>Com suas marcas Volkswagen Caminh\u00f5es e \u00d4nibus, Scania, MAN e Navistar, a TRATON SE \u00e9 controladora do GRUPO TRATON e um dos principais fabricantes de ve\u00edculos comerciais do mundo. Seu portf\u00f3lio de produtos inclui caminh\u00f5es, \u00f4nibus e ve\u00edculos comerciais leves. &#8220;Transformando o Transporte Juntos. Para um mundo sustent\u00e1vel&#8221;: esta inten\u00e7\u00e3o refor\u00e7a a ambi\u00e7\u00e3o da empresa de ter um impacto duradouro e sustent\u00e1vel no neg\u00f3cio de ve\u00edculos comerciais e no crescimento comercial do Grupo.<\/p>\n<p><b>Volkswagen Caminh\u00f5es e \u00d4nibus<\/b><br \/><b>Comunica\u00e7\u00e3o\u00a0<\/b><br \/>(11) 5582-5335 \/ (24) 3381-1063<br \/><a href=\"mailto:comunicacao@volkswagen.com.br\" target=\"_blank\" rel=\"nofollow\">comunicacao@volkswagen.com.br<\/a><\/p>\n<p>Foto &#8211; <a href=\"https:\/\/mma.prnewswire.com\/media\/2700220\/G_pitb.jpg\" target=\"_blank\" rel=\"nofollow\">https:\/\/mma.prnewswire.com\/media\/2700220\/G_pitb.jpg<\/a><\/p>\n<p>\u00a0<\/p>\n<div class=\"PRN_ImbeddedAssetReference\" id=\"DivAssetPlaceHolder0\"><\/div>\n<p id=\"PURL\"><img loading=\"lazy\" decoding=\"async\" title=\"Cision\" width=\"12\" height=\"12\" alt=\"Cision\" src=\"https:\/\/c212.net\/c\/img\/favicon.png?sn=PT99929&amp;sd=2025-05-30\" \/> View original content to download multimedia:<a id=\"PRNURL\" rel=\"nofollow\" href=\"https:\/\/www.prnewswire.com\/br\/comunicados-para-a-imprensa\/podcast-vwco-news-traz-previsoes-para-futuro-da-mobilidade-302469651.html\" target=\"_blank\">https:\/\/www.prnewswire.com\/br\/comunicados-para-a-imprensa\/podcast-vwco-news-traz-previsoes-para-futuro-da-mobilidade-302469651.html<\/a><\/p>\n<p>FONTE  Volkswagen Caminh\u00f5es e \u00d4nibus<\/p>\n<\/div>\n<p><img decoding=\"async\" alt=\"\" src=\"https:\/\/rt.prnewswire.com\/rt.gif?NewsItemId=PT99929&amp;Transmission_Id=202505301250PR_NEWS_LATAM____PT99929&amp;DateId=20250530\" style=\"border:0px;width:1px;height:1px\" \/><\/p>\n<p><strong>T\u00f3picos Relacionados:<\/strong> Transporte \/ Caminh\u00f5es \/ Ferrovias, Automotivo, R\u00e1dio e Podcast, Entretenimento<\/p>\n<p>A <b>OESP<\/b> n\u00e3o \u00e9(s\u00e3o) respons\u00e1vel(is) por erros, incorre\u00e7\u00f5es, atrasos ou quaisquer decis\u00f5es tomadas por seus clientes com base nos Conte\u00fados ora disponibilizados, bem como tais Conte\u00fados n\u00e3o representam a opini\u00e3o da <b>OESP<\/b> e s\u00e3o de inteira responsabilidade da <b>PR Newswire Ltda<\/b><\/p>\n","protected":false},"excerpt":{"rendered":"S\u00c3O PAULO, 30 de maio de 2025 \/PRNewswire\/ &#8212; O ano de 2024 est\u00e1 chegando ao fim e, com isso, entra em pauta a lista de desejos e previs\u00f5es para o que est\u00e1 por vir. Pensando em ajudar os","protected":false},"author":1,"featured_media":0,"comment_status":"open","ping_status":"closed","sticky":false,"template":"","format":"standard","meta":{"_acf_changed":false,"inline_featured_image":false,"_monsterinsights_skip_tracking":false,"_monsterinsights_sitenote_active":false,"_monsterinsights_sitenote_note":"","_monsterinsights_sitenote_category":0,"footnotes":""},"categories":[27],"tags":[],"class_list":["post-111835","post","type-post","status-publish","format-standard","hentry","category-prnewswire"],"acf":[],"_links":{"self":[{"href":"https:\/\/bluestudio.estadao.com.br\/agencia-de-comunicacao\/wp-json\/wp\/v2\/posts\/111835","targetHints":{"allow":["GET"]}}],"collection":[{"href":"https:\/\/bluestudio.estadao.com.br\/agencia-de-comunicacao\/wp-json\/wp\/v2\/posts"}],"about":[{"href":"https:\/\/bluestudio.estadao.com.br\/agencia-de-comunicacao\/wp-json\/wp\/v2\/types\/post"}],"author":[{"embeddable":true,"href":"https:\/\/bluestudio.estadao.com.br\/agencia-de-comunicacao\/wp-json\/wp\/v2\/users\/1"}],"replies":[{"embeddable":true,"href":"https:\/\/bluestudio.estadao.com.br\/agencia-de-comunicacao\/wp-json\/wp\/v2\/comments?post=111835"}],"version-history":[{"count":0,"href":"https:\/\/bluestudio.estadao.com.br\/agencia-de-comunicacao\/wp-json\/wp\/v2\/posts\/111835\/revisions"}],"wp:attachment":[{"href":"https:\/\/bluestudio.estadao.com.br\/agencia-de-comunicacao\/wp-json\/wp\/v2\/media?parent=111835"}],"wp:term":[{"taxonomy":"category","embeddable":true,"href":"https:\/\/bluestudio.estadao.com.br\/agencia-de-comunicacao\/wp-json\/wp\/v2\/categories?post=111835"},{"taxonomy":"post_tag","embeddable":true,"href":"https:\/\/bluestudio.estadao.com.br\/agencia-de-comunicacao\/wp-json\/wp\/v2\/tags?post=111835"}],"curies":[{"name":"wp","href":"https:\/\/api.w.org\/{rel}","templated":true}]}}