{"id":111819,"date":"2025-05-30T09:57:00","date_gmt":"2025-05-30T12:57:00","guid":{"rendered":"https:\/\/bluestudio.estadao.com.br\/agencia-de-comunicacao\/prnewswire\/podcast-vwco-news-discute-como-os-caminhoes-volkswagen-entregam-conforto-e-tecnologia-em-suas-cabines\/"},"modified":"2025-05-30T09:57:00","modified_gmt":"2025-05-30T12:57:00","slug":"podcast-vwco-news-discute-como-os-caminhoes-volkswagen-entregam-conforto-e-tecnologia-em-suas-cabines","status":"publish","type":"post","link":"https:\/\/bluestudio.estadao.com.br\/agencia-de-comunicacao\/prnewswire\/podcast-vwco-news-discute-como-os-caminhoes-volkswagen-entregam-conforto-e-tecnologia-em-suas-cabines\/","title":{"rendered":"Podcast VWCO News discute como os caminh\u00f5es Volkswagen entregam conforto e tecnologia em suas cabines"},"content":{"rendered":"<div class=\"xn-content\">\n<span class=\"legendSpanClass\"><span class=\"xn-location\">SAO PAULO<\/span><\/span>, <span class=\"legendSpanClass\">30 de maio de 2025<\/span> \/PRNewswire\/ &#8212; O 52\u00ba epis\u00f3dio do podcast\u00a0VWCO News j\u00e1 est\u00e1 no ar e mergulha em um dos temas mais discutidos pelos motoristas de caminh\u00e3o: o conforto da cabine. O epis\u00f3dio re\u00fane especialistas da Volkswagen Caminh\u00f5es e \u00d4nibus para contar como a marca transforma cada detalhe da cabine em um verdadeiro lar sobre rodas.<\/p>\n<div class=\"PRN_ImbeddedAssetReference\" id=\"DivAssetPlaceHolder1\">\n<a href=\"https:\/\/mma.prnewswire.com\/media\/2700051\/CAPA_PODCAST_1080_X_1080__4__1.html\" target=\"_blank\" rel=\"nofollow\">  <img decoding=\"async\" src=\"https:\/\/mma.prnewswire.com\/media\/2700051\/CAPA_PODCAST_1080_X_1080__4__1.jpg\" title=\"\" alt=\"\" \/><\/a>\n <\/p>\n<\/p><\/div>\n<p>Participam do bate-papo <span class=\"xn-person\">Alexandre Dias<\/span>, gerente de Carroceria e Acabamento respons\u00e1vel pela ergonomia das cabines VW, <span class=\"xn-person\">Ivan Levenhagen<\/span>, gerente de Software e Conectividade, e <span class=\"xn-person\">Vitoria Lexa<\/span>, analista de Produto. Juntos, eles explicam como o conforto vai muito al\u00e9m da est\u00e9tica: \u00e9 quest\u00e3o de bem-estar, produtividade e, acima de tudo, respeito ao motorista.<\/p>\n<p>Os convidados comentam que uma frase recorrente nas estradas resume bem essa realidade: &#8220;moro no caminh\u00e3o e visito minha casa&#8221;. E \u00e9 pensando nisso que os caminh\u00f5es VW s\u00e3o projetados com base em pilares essenciais: postura ao dirigir, esfor\u00e7o f\u00edsico, ergonomia, percep\u00e7\u00e3o de espa\u00e7o e n\u00edvel de ru\u00eddo.<\/p>\n<p>Itens como cama, espa\u00e7o para guardar objetos e at\u00e9 o suporte para celular, s\u00e3o destaques nas cabines. Al\u00e9m tamb\u00e9m, da tecnologia que \u00e9 aliada do conforto, como no conceito de cockpit digital, que integra fun\u00e7\u00f5es de forma intuitiva e facilita a condu\u00e7\u00e3o.<\/p>\n<p>Outro ponto de destaque no epis\u00f3dio \u00e9 o papel do cliente nesse processo: &#8220;Ouvir o motorista e transformar essa viv\u00eancia em solu\u00e7\u00f5es concretas \u00e9 parte central da nossa estrat\u00e9gia de desenvolvimento&#8221;, refor\u00e7a <span class=\"xn-person\">Vitoria Souza<\/span>. No fim das contas, conforto \u00e9 mais do que uma experi\u00eancia agrad\u00e1vel: \u00e9 um fator que impacta diretamente na produtividade.<\/p>\n<p>O epis\u00f3dio j\u00e1 est\u00e1 dispon\u00edvel no <a href=\"https:\/\/open.spotify.com\/episode\/41MkjSbr4sKrPeUVT4ubGG?si=e196de41cc3d4309\" target=\"_blank\" rel=\"nofollow\">Spotify<\/a>. D\u00ea o play e descubra como a Volkswagen Caminh\u00f5es e \u00d4nibus transforma a experi\u00eancia a bordo em um diferencial do mercado.\u00a0\u00a0\u00a0\u00a0\u00a0\u00a0\u00a0\u00a0\u00a0\u00a0\u00a0\u00a0\u00a0\u00a0\u00a0\u00a0\u00a0\u00a0\u00a0\u00a0\u00a0\u00a0\u00a0\u00a0\u00a0\u00a0\u00a0\u00a0\u00a0\u00a0\u00a0\u00a0\u00a0\u00a0\u00a0\u00a0\u00a0\u00a0\u00a0\u00a0\u00a0\u00a0\u00a0\u00a0\u00a0\u00a0 \u00a0\u00a0\u00a0\u00a0\u00a0\u00a0\u00a0\u00a0\u00a0\u00a0\u00a0<\/p>\n<p class=\"prntac\"><b>Um membro do GRUPO\u00a0TRATON<\/b><\/p>\n<p><b>Sobre a VW Caminh\u00f5es e \u00d4nibus<\/b><\/p>\n<p>Membro do Grupo\u00a0TRATON, a VW Caminh\u00f5es e \u00d4nibus \u00e9 a fabricante dos ve\u00edculos comerciais Volkswagen, uma das maiores montadoras de caminh\u00f5es e \u00f4nibus da Am\u00e9rica Latina. Desde 1981, quando iniciou suas opera\u00e7\u00f5es, chegar ao topo do mercado, respeitando e satisfazendo as necessidades dos clientes, sempre foi o foco da montadora. E \u00e9 exatamente isso que oferece a seus clientes: produtos sob medida e um excelente servi\u00e7o de p\u00f3s-vendas. A empresa tamb\u00e9m \u00e9 refer\u00eancia em inova\u00e7\u00f5es tecnol\u00f3gicas, sendo pioneira no desenvolvimento e produ\u00e7\u00e3o de um caminh\u00e3o 100% el\u00e9trico na Am\u00e9rica Latina. A empresa busca sempre solu\u00e7\u00f5es que reduzam o impacto ambiental e ajudem a preservar o meio ambiente. H\u00e1 mais de 40 anos, a fabricante mant\u00e9m seu compromisso de desenvolver ve\u00edculos que superem as exig\u00eancias dos clientes ? onde quer que eles rodem, seja pelas estradas brasileiras, latino-americanas, africanas ou asi\u00e1ticas.<\/p>\n<p><b>Sobre o GRUPO\u00a0TRATON <br \/><\/b>Com suas marcas Volkswagen Caminh\u00f5es e \u00d4nibus, Scania, MAN e Navistar, a TRATON SE \u00e9 controladora do GRUPO TRATON e um dos principais fabricantes de ve\u00edculos comerciais do mundo. Seu portf\u00f3lio de produtos inclui caminh\u00f5es, \u00f4nibus e ve\u00edculos comerciais leves. &#8220;Transformando o Transporte Juntos. Para um mundo sustent\u00e1vel&#8221;: esta inten\u00e7\u00e3o refor\u00e7a a ambi\u00e7\u00e3o da empresa de ter um impacto duradouro e sustent\u00e1vel no neg\u00f3cio de ve\u00edculos comerciais e no crescimento comercial do Grupo.<\/p>\n<p><b>Volkswagen Caminh\u00f5es e \u00d4nibus<\/b><br \/><b>Comunica\u00e7\u00e3o\u00a0<\/b><br \/>(11) 5582-5335 \/ (24) 3381-1063<br \/><a href=\"mailto:comunicacao@volkswagen.com.br\" target=\"_blank\" rel=\"nofollow\">comunicacao@volkswagen.com.br<\/a><\/p>\n<p>Foto &#8211; <a href=\"https:\/\/mma.prnewswire.com\/media\/2700051\/CAPA_PODCAST_1080_X_1080__4__1.jpg\" target=\"_blank\" rel=\"nofollow\">https:\/\/mma.prnewswire.com\/media\/2700051\/CAPA_PODCAST_1080_X_1080__4__1.jpg<\/a><\/p>\n<p id=\"PURL\"><img loading=\"lazy\" decoding=\"async\" title=\"Cision\" width=\"12\" height=\"12\" alt=\"Cision\" src=\"https:\/\/c212.net\/c\/img\/favicon.png?sn=PT99708&amp;sd=2025-05-30\" \/> View original content to download multimedia:<a id=\"PRNURL\" rel=\"nofollow\" href=\"https:\/\/www.prnewswire.com\/br\/comunicados-para-a-imprensa\/podcast-vwco-news-discute-como-os-caminhoes-volkswagen-entregam-conforto-e-tecnologia-em-suas-cabines-302469459.html\" target=\"_blank\">https:\/\/www.prnewswire.com\/br\/comunicados-para-a-imprensa\/podcast-vwco-news-discute-como-os-caminhoes-volkswagen-entregam-conforto-e-tecnologia-em-suas-cabines-302469459.html<\/a><\/p>\n<p>FONTE  Volkswagen Caminh\u00f5es e \u00d4nibus<\/p>\n<\/div>\n<p><img decoding=\"async\" alt=\"\" src=\"https:\/\/rt.prnewswire.com\/rt.gif?NewsItemId=PT99708&amp;Transmission_Id=202505300842PR_NEWS_LATAM____PT99708&amp;DateId=20250530\" style=\"border:0px;width:1px;height:1px\" \/><\/p>\n<p><strong>T\u00f3picos Relacionados:<\/strong> Transporte \/ Caminh\u00f5es \/ Ferrovias, Automotivo, R\u00e1dio e Podcast, Entretenimento<\/p>\n<p>A <b>OESP<\/b> n\u00e3o \u00e9(s\u00e3o) respons\u00e1vel(is) por erros, incorre\u00e7\u00f5es, atrasos ou quaisquer decis\u00f5es tomadas por seus clientes com base nos Conte\u00fados ora disponibilizados, bem como tais Conte\u00fados n\u00e3o representam a opini\u00e3o da <b>OESP<\/b> e s\u00e3o de inteira responsabilidade da <b>PR Newswire Ltda<\/b><\/p>\n","protected":false},"excerpt":{"rendered":"SAO PAULO, 30 de maio de 2025 \/PRNewswire\/ &#8212; O 52\u00ba epis\u00f3dio do podcast\u00a0VWCO News j\u00e1 est\u00e1 no ar e mergulha em um dos temas mais discutidos pelos motoristas de caminh\u00e3o: o conforto da","protected":false},"author":1,"featured_media":0,"comment_status":"open","ping_status":"closed","sticky":false,"template":"","format":"standard","meta":{"_acf_changed":false,"inline_featured_image":false,"_monsterinsights_skip_tracking":false,"_monsterinsights_sitenote_active":false,"_monsterinsights_sitenote_note":"","_monsterinsights_sitenote_category":0,"footnotes":""},"categories":[27],"tags":[],"class_list":["post-111819","post","type-post","status-publish","format-standard","hentry","category-prnewswire"],"acf":[],"_links":{"self":[{"href":"https:\/\/bluestudio.estadao.com.br\/agencia-de-comunicacao\/wp-json\/wp\/v2\/posts\/111819","targetHints":{"allow":["GET"]}}],"collection":[{"href":"https:\/\/bluestudio.estadao.com.br\/agencia-de-comunicacao\/wp-json\/wp\/v2\/posts"}],"about":[{"href":"https:\/\/bluestudio.estadao.com.br\/agencia-de-comunicacao\/wp-json\/wp\/v2\/types\/post"}],"author":[{"embeddable":true,"href":"https:\/\/bluestudio.estadao.com.br\/agencia-de-comunicacao\/wp-json\/wp\/v2\/users\/1"}],"replies":[{"embeddable":true,"href":"https:\/\/bluestudio.estadao.com.br\/agencia-de-comunicacao\/wp-json\/wp\/v2\/comments?post=111819"}],"version-history":[{"count":0,"href":"https:\/\/bluestudio.estadao.com.br\/agencia-de-comunicacao\/wp-json\/wp\/v2\/posts\/111819\/revisions"}],"wp:attachment":[{"href":"https:\/\/bluestudio.estadao.com.br\/agencia-de-comunicacao\/wp-json\/wp\/v2\/media?parent=111819"}],"wp:term":[{"taxonomy":"category","embeddable":true,"href":"https:\/\/bluestudio.estadao.com.br\/agencia-de-comunicacao\/wp-json\/wp\/v2\/categories?post=111819"},{"taxonomy":"post_tag","embeddable":true,"href":"https:\/\/bluestudio.estadao.com.br\/agencia-de-comunicacao\/wp-json\/wp\/v2\/tags?post=111819"}],"curies":[{"name":"wp","href":"https:\/\/api.w.org\/{rel}","templated":true}]}}