{"id":111793,"date":"2025-05-29T15:12:00","date_gmt":"2025-05-29T18:12:00","guid":{"rendered":"https:\/\/bluestudio.estadao.com.br\/agencia-de-comunicacao\/prnewswire\/volkswagen-caminhoes-e-onibus-conquista-certificacao-internacional-top-employer\/"},"modified":"2025-05-29T15:12:00","modified_gmt":"2025-05-29T18:12:00","slug":"volkswagen-caminhoes-e-onibus-conquista-certificacao-internacional-top-employer","status":"publish","type":"post","link":"https:\/\/bluestudio.estadao.com.br\/agencia-de-comunicacao\/prnewswire\/volkswagen-caminhoes-e-onibus-conquista-certificacao-internacional-top-employer\/","title":{"rendered":"Volkswagen Caminh\u00f5es e \u00d4nibus conquista certifica\u00e7\u00e3o internacional Top Employer"},"content":{"rendered":"<div class=\"xn-content\">\n<span class=\"legendSpanClass\">S\u00c3O PAULO<\/span>, <span class=\"legendSpanClass\">29 de maio de 2025<\/span> \/PRNewswire\/ &#8212; A Volkswagen Caminh\u00f5es e \u00d4nibus recebeu a certifica\u00e7\u00e3o global\u00a0Top Employer, reconhecimento concedido pelo Top Employers Institute, auditoria independente que atua em mais de 100 pa\u00edses e avaliou cerca de 250 processos e programas da organiza\u00e7\u00e3o da empresa. Considerada o mais importante certificado internacional de excel\u00eancia de empresas na gest\u00e3o de pessoas, a conquista evidencia o compromisso da VWCO com a excel\u00eancia das pr\u00e1ticas de Pessoas &amp; Cultura e Sustentabilidade, pilar fundamental de sua estrat\u00e9gia de neg\u00f3cios.<\/p>\n<div class=\"PRN_ImbeddedAssetReference\" id=\"DivAssetPlaceHolder1\">\n<a href=\"https:\/\/mma.prnewswire.com\/media\/2699343\/TopEmp.html\" target=\"_blank\" rel=\"nofollow\">  <img decoding=\"async\" src=\"https:\/\/mma.prnewswire.com\/media\/2699343\/TopEmp.jpg\" title=\"\" alt=\"\" \/><\/a>\n <\/p>\n<\/p><\/div>\n<p>\u00a0&#8220;Cuidamos de nossos times e de nosso clima organizacional como um verdadeiro tesouro, porque sabemos que todos os resultados da Volkswagen Caminh\u00f5es e \u00d4nibus adv\u00eam da dedica\u00e7\u00e3o e comprometimento de cada colaborador e o que nos move como equipe \u00e9 a confian\u00e7a e o sentimento de que unidos somos imbat\u00edveis. Num mercado altamente competitivo e de grande relev\u00e2ncia internacional, uma empresa n\u00e3o acumula anos de lideran\u00e7a de vendas \u00e0 toa, mas apenas com a garra e a determina\u00e7\u00e3o de todos os nossos colaboradores para se superarem a cada dia&#8221;, afirma <span class=\"xn-person\">Roberto Cortes<\/span>, presidente e CEO da VWCO ao atribuir o sucesso da empresa \u00e0 melhoria cont\u00ednua na gest\u00e3o de pessoas.<\/p>\n<p>A companhia foi aprovada com\u00a0 excel\u00eancia nos cinco pilares auditados: estrat\u00e9gia de neg\u00f3cio, atra\u00e7\u00e3o, estrutura organizacional de desenvolvimento, engajamento e ESG. Entre os destaques est\u00e3o o feedback ap\u00f3s cada avalia\u00e7\u00e3o de performance; a jornada de desenvolvimento e aprendizado dos colaboradores em sinergia com o neg\u00f3cio; a experi\u00eancia no trabalho remoto; sua plataforma integrada de processos; e tamb\u00e9m suas iniciativas de diversidade e inclus\u00e3o.<\/p>\n<p>&#8220;Conquistar a certifica\u00e7\u00e3o Top Employer \u00e9 motivo de muito orgulho para nossa organiza\u00e7\u00e3o e um reconhecimento importante para os nossos times, al\u00e9m de refletir o compromisso de colocar as pessoas no centro de tudo o que fazemos. Trabalhamos com consist\u00eancia para que todas as nossas pessoas se sintam bem em seu ambiente de trabalho e estejam conectadas aos nossos prop\u00f3sitos e valores. Esta certifica\u00e7\u00e3o demonstra que estamos no caminho certo&#8221;, comenta Livia Sim\u00f5es, vice-presidente de Pessoas &amp; Cultura e Sustentabilidade.<\/p>\n<p>A Volkswagen Caminh\u00f5es e \u00d4nibus tem o compromisso de ser uma marca empregadora de excel\u00eancia e se compromete com a oferta de um ambiente de trabalho humano, diverso e saud\u00e1vel para todos. Al\u00e9m disso, a montadora promove a transpar\u00eancia e responsabilidade corporativa, publicando um relat\u00f3rio de sustentabilidade que detalha a\u00e7\u00f5es, estrat\u00e9gias e avan\u00e7os da empresa em sua pauta ESG.<\/p>\n<p class=\"prntac\"><b>Um membro do GRUPO\u00a0TRATON<\/b><\/p>\n<p><b>Sobre a VW Caminh\u00f5es e \u00d4nibus\u00a0<br \/><\/b>Membro do Grupo\u00a0TRATON, a VW Caminh\u00f5es e \u00d4nibus \u00e9 a fabricante dos ve\u00edculos comerciais Volkswagen, uma das maiores montadoras de caminh\u00f5es e \u00f4nibus da Am\u00e9rica Latina. Desde 1981, quando iniciou suas opera\u00e7\u00f5es, chegar ao topo do mercado, respeitando e satisfazendo as necessidades dos clientes, sempre foi o foco da montadora. E \u00e9 exatamente isso que oferece a seus clientes: produtos sob medida e um excelente servi\u00e7o de p\u00f3s-vendas. A empresa tamb\u00e9m \u00e9 refer\u00eancia em inova\u00e7\u00f5es tecnol\u00f3gicas, sendo pioneira no desenvolvimento e produ\u00e7\u00e3o de um caminh\u00e3o 100% el\u00e9trico na Am\u00e9rica Latina. A empresa busca sempre solu\u00e7\u00f5es que reduzam o impacto ambiental e ajudem a preservar o meio ambiente. H\u00e1 mais de 40 anos, a fabricante mant\u00e9m seu compromisso de desenvolver ve\u00edculos que superem as exig\u00eancias dos clientes ? onde quer que eles rodem, seja pelas estradas brasileiras, latino-americanas, africanas ou asi\u00e1ticas.<\/p>\n<p><b>Sobre o GRUPO\u00a0TRATON<br \/><\/b>Com suas marcas Volkswagen Caminh\u00f5es e \u00d4nibus, Scania, MAN e Navistar, a TRATON SE \u00e9 controladora do GRUPO TRATON e um dos principais fabricantes de ve\u00edculos comerciais do mundo. Seu portf\u00f3lio de produtos inclui caminh\u00f5es, \u00f4nibus e ve\u00edculos comerciais leves. &#8220;Transformando o Transporte Juntos. Para um mundo sustent\u00e1vel&#8221;: esta inten\u00e7\u00e3o refor\u00e7a a ambi\u00e7\u00e3o da empresa de ter um impacto duradouro e sustent\u00e1vel no neg\u00f3cio de ve\u00edculos comerciais e no crescimento comercial do Grupo.<\/p>\n<p><b>Volkswagen Caminh\u00f5es e \u00d4nibus<\/b><br \/><b>Comunica\u00e7\u00e3o\u00a0<\/b><br \/>(11) 5582-5335 \/ (24) 3381-1063<br \/><a href=\"mailto:comunicacao@volkswagen.com.br\" target=\"_blank\" rel=\"nofollow\">comunicacao@volkswagen.com.br<\/a><\/p>\n<p>Foto &#8211; <a href=\"https:\/\/mma.prnewswire.com\/media\/2699343\/TopEmp.jpg\" target=\"_blank\" rel=\"nofollow\">https:\/\/mma.prnewswire.com\/media\/2699343\/TopEmp.jpg<\/a>\u00a0<\/p>\n<p id=\"PURL\"><img loading=\"lazy\" decoding=\"async\" title=\"Cision\" width=\"12\" height=\"12\" alt=\"Cision\" src=\"https:\/\/c212.net\/c\/img\/favicon.png?sn=PT99206&amp;sd=2025-05-29\" \/> View original content to download multimedia:<a id=\"PRNURL\" rel=\"nofollow\" href=\"https:\/\/www.prnewswire.com\/br\/comunicados-para-a-imprensa\/volkswagen-caminhoes-e-onibus-conquista-certificacao-internacional-top-employer-302468737.html\" target=\"_blank\">https:\/\/www.prnewswire.com\/br\/comunicados-para-a-imprensa\/volkswagen-caminhoes-e-onibus-conquista-certificacao-internacional-top-employer-302468737.html<\/a><\/p>\n<p>FONTE  Volkswagen Caminh\u00f5es e \u00d4nibus<\/p>\n<\/div>\n<p><img decoding=\"async\" alt=\"\" src=\"https:\/\/rt.prnewswire.com\/rt.gif?NewsItemId=PT99206&amp;Transmission_Id=202505291403PR_NEWS_LATAM____PT99206&amp;DateId=20250529\" style=\"border:0px;width:1px;height:1px\" \/><\/p>\n<p><strong>T\u00f3picos Relacionados:<\/strong> Transporte Rodovi\u00e1rio e de Caminh\u00f5es, Transporte \/ Caminh\u00f5es \/ Ferrovias, Pr\u00eamios<\/p>\n<p>A <b>OESP<\/b> n\u00e3o \u00e9(s\u00e3o) respons\u00e1vel(is) por erros, incorre\u00e7\u00f5es, atrasos ou quaisquer decis\u00f5es tomadas por seus clientes com base nos Conte\u00fados ora disponibilizados, bem como tais Conte\u00fados n\u00e3o representam a opini\u00e3o da <b>OESP<\/b> e s\u00e3o de inteira responsabilidade da <b>PR Newswire Ltda<\/b><\/p>\n","protected":false},"excerpt":{"rendered":"S\u00c3O PAULO, 29 de maio de 2025 \/PRNewswire\/ &#8212; A Volkswagen Caminh\u00f5es e \u00d4nibus recebeu a certifica\u00e7\u00e3o global\u00a0Top Employer, reconhecimento concedido pelo Top Employers Institute, auditoria","protected":false},"author":1,"featured_media":0,"comment_status":"open","ping_status":"closed","sticky":false,"template":"","format":"standard","meta":{"_acf_changed":false,"inline_featured_image":false,"_monsterinsights_skip_tracking":false,"_monsterinsights_sitenote_active":false,"_monsterinsights_sitenote_note":"","_monsterinsights_sitenote_category":0,"footnotes":""},"categories":[27],"tags":[],"class_list":["post-111793","post","type-post","status-publish","format-standard","hentry","category-prnewswire"],"acf":[],"_links":{"self":[{"href":"https:\/\/bluestudio.estadao.com.br\/agencia-de-comunicacao\/wp-json\/wp\/v2\/posts\/111793","targetHints":{"allow":["GET"]}}],"collection":[{"href":"https:\/\/bluestudio.estadao.com.br\/agencia-de-comunicacao\/wp-json\/wp\/v2\/posts"}],"about":[{"href":"https:\/\/bluestudio.estadao.com.br\/agencia-de-comunicacao\/wp-json\/wp\/v2\/types\/post"}],"author":[{"embeddable":true,"href":"https:\/\/bluestudio.estadao.com.br\/agencia-de-comunicacao\/wp-json\/wp\/v2\/users\/1"}],"replies":[{"embeddable":true,"href":"https:\/\/bluestudio.estadao.com.br\/agencia-de-comunicacao\/wp-json\/wp\/v2\/comments?post=111793"}],"version-history":[{"count":0,"href":"https:\/\/bluestudio.estadao.com.br\/agencia-de-comunicacao\/wp-json\/wp\/v2\/posts\/111793\/revisions"}],"wp:attachment":[{"href":"https:\/\/bluestudio.estadao.com.br\/agencia-de-comunicacao\/wp-json\/wp\/v2\/media?parent=111793"}],"wp:term":[{"taxonomy":"category","embeddable":true,"href":"https:\/\/bluestudio.estadao.com.br\/agencia-de-comunicacao\/wp-json\/wp\/v2\/categories?post=111793"},{"taxonomy":"post_tag","embeddable":true,"href":"https:\/\/bluestudio.estadao.com.br\/agencia-de-comunicacao\/wp-json\/wp\/v2\/tags?post=111793"}],"curies":[{"name":"wp","href":"https:\/\/api.w.org\/{rel}","templated":true}]}}