{"id":111762,"date":"2025-05-28T22:13:00","date_gmt":"2025-05-29T01:13:00","guid":{"rendered":"https:\/\/bluestudio.estadao.com.br\/agencia-de-comunicacao\/prnewswire\/anuncio-dos-ganhadores-do-premio-shaw-2025\/"},"modified":"2025-05-28T22:13:00","modified_gmt":"2025-05-29T01:13:00","slug":"anuncio-dos-ganhadores-do-premio-shaw-2025","status":"publish","type":"post","link":"https:\/\/bluestudio.estadao.com.br\/agencia-de-comunicacao\/prnewswire\/anuncio-dos-ganhadores-do-premio-shaw-2025\/","title":{"rendered":"An\u00fancio dos ganhadores do Pr\u00eamio Shaw 2025"},"content":{"rendered":"<div class=\"xn-content\">\n<span class=\"legendSpanClass\"><span class=\"xn-location\">HONG KONG<\/span><\/span>, <span class=\"legendSpanClass\">28 de maio de 2025<\/span> \/PRNewswire\/ &#8212;\u00a0<\/p>\n<div class=\"PRN_ImbeddedAssetReference\" id=\"DivAssetPlaceHolder1\">\n<a href=\"https:\/\/mma.prnewswire.com\/media\/2696664\/SP25_Digital_Banners_250527_Laureates_Photos_ENG_2_Laureates_Photos_ENG_1280_News.html\" target=\"_blank\" rel=\"nofollow\">  <img decoding=\"async\" src=\"https:\/\/mma.prnewswire.com\/media\/2696664\/SP25_Digital_Banners_250527_Laureates_Photos_ENG_2_Laureates_Photos_ENG_1280_News.jpg\" title=\"Os laureados do Pr\u00eamio Shaw 2025 (da esquerda para a direita): John Richard Bond e George Efstathiou, Pr\u00eamio Shaw em Astronomia; Wolfgang Baumeister, Pr\u00eamio Shaw em Ci\u00eancias da Vida e Medicina; e Kenji Fukaya, Pr\u00eamio Shaw em Ci\u00eancias Matem\u00e1ticas. (PRNewsfoto\/Shaw Prize)\" alt=\"Os laureados do Pr\u00eamio Shaw 2025 (da esquerda para a direita): John Richard Bond e George Efstathiou, Pr\u00eamio Shaw em Astronomia; Wolfgang Baumeister, Pr\u00eamio Shaw em Ci\u00eancias da Vida e Medicina; e Kenji Fukaya, Pr\u00eamio Shaw em Ci\u00eancias Matem\u00e1ticas. (PRNewsfoto\/Shaw Prize)\" \/><\/a>\n <\/p>\n<\/p><\/div>\n<p><b><u>O Pr\u00eamio\u00a0Shaw de Astronomia<\/u> <\/b> \u00e9 concedido em partes iguais a<\/p>\n<p><b><span class=\"xn-person\">John Richard Bond<\/span><br \/><\/b>Professor, Instituto Canadense de Astrof\u00edsica Te\u00f3rica e Professor Universit\u00e1rio da Universidade de <span class=\"xn-location\">Toronto<\/span>, no Canad\u00e1 e<\/p>\n<p><b><span class=\"xn-person\">George Efstathiou<\/span><br \/><\/b>Professor de Astrof\u00edsica, Universidade de <span class=\"xn-location\">Cambridge<\/span>, no Reino Unido.<\/p>\n<p>por suas pesquisas pioneiras em cosmologia, em particular pelos estudos sobre as flutua\u00e7\u00f5es na radia\u00e7\u00e3o c\u00f3smica de fundo. Suas previs\u00f5es foram verificadas por um ex\u00e9rcito de instrumentos baseados em terra, bal\u00f5es e no espa\u00e7o, levando a determina\u00e7\u00f5es precisas da idade, geometria e conte\u00fado de massa e energia do universo.<\/p>\n<p><b> <u>O Pr\u00eamio Shaw de Ci\u00eancias da Vida e Medicina<\/u> <\/b> foi concedido a<\/p>\n<p><b><span class=\"xn-person\">Wolfgang Baumeister<\/span><br \/><\/b>Diretor em\u00e9rito e membro cient\u00edfico do Instituto Max Planck de Bioqu\u00edmica, na Alemanha<\/p>\n<p>por seu desenvolvimento pioneiro e uso da tomografia crioeletr\u00f4nica (cryo-ET), uma t\u00e9cnica de imagem que permite a visualiza\u00e7\u00e3o tridimensional de amostras biol\u00f3gicas, incluindo prote\u00ednas, complexos macromoleculares e compartimentos celulares em seus ambientes celulares naturais.<\/p>\n<p><b> <u>O Pr\u00eamio Shaw de Ci\u00eancias Matem\u00e1ticas<\/u> <\/b> \u00e9 concedido a<\/p>\n<p><b><span class=\"xn-person\">Kenji Fukaya<\/span><br \/><\/b>Professor do Instituto de Ci\u00eancias Matem\u00e1ticas e Aplica\u00e7\u00f5es de Pequim e Centro de Ci\u00eancias Matem\u00e1ticas Yau, Universidade Tsinghua, RPC<\/p>\n<p>por seu trabalho pioneiro em geometria simpl\u00e9tica, especialmente por idealizar a exist\u00eancia de uma categoria ? hoje chamada de categoria de Fukaya ? composta por Lagrangianos em uma variedade simpl\u00e9tica, por liderar a monumental tarefa de constru\u00ed-la e por suas contribui\u00e7\u00f5es inovadoras e impactantes \u00e0 topologia simpl\u00e9tica, simetria espelhada e teoria de gauge.<\/p>\n<p><b>Ter\u00e7a-feira, <\/b> <b>27<\/b> <b> de maio de 202<\/b><b>5<\/b> <b>. <\/b>Na coletiva de imprensa de hoje em <span class=\"xn-location\">Hong Kong<\/span>, a Shaw Prize Foundation anunciou os ganhadores do Pr\u00eamio Shaw 2025.\u00a0As informa\u00e7\u00f5es foram publicadas no site<b><a href=\"http:\/\/www.shawprize.org\/\" target=\"_blank\" rel=\"nofollow\">www.shawprize.org<\/a><\/b> \u00e0s 15h30, hor\u00e1rio de <span class=\"xn-location\">Hong Kong<\/span> (07h30 GMT).<\/p>\n<p>O Pr\u00eamio Shaw consiste em tr\u00eas pr\u00eamios anuais: Astronomia, Ci\u00eancias da Vida e Medicina, e Ci\u00eancias Matem\u00e1ticas, cada um com um pr\u00eamio em dinheiro de <span class=\"xn-money\">US$ 1,2<\/span> milh\u00e3o. Este ser\u00e1 o vig\u00e9simo segundo ano em que o Pr\u00eamio \u00e9 concedido, e a cerim\u00f4nia de premia\u00e7\u00e3o est\u00e1 programada para ter\u00e7a-feira, 21 de outubro de 2025, em <span class=\"xn-location\">Hong Kong<\/span>.<\/p>\n<p>Essa \u00e9 uma c\u00f3pia traduzida. Para exatid\u00e3o profissional, busque a vers\u00e3o em ingl\u00eas.<\/p>\n<p>Foto &#8211; <a href=\"https:\/\/mma.prnewswire.com\/media\/2696664\/SP25_Digital_Banners_250527_Laureates_Photos_ENG_2_Laureates_Photos_ENG_1280_News.jpg\" target=\"_blank\" rel=\"nofollow\">https:\/\/mma.prnewswire.com\/media\/2696664\/SP25_Digital_Banners_250527_Laureates_Photos_ENG_2_Laureates_Photos_ENG_1280_News.jpg<\/a><\/p>\n<p id=\"PURL\"><img loading=\"lazy\" decoding=\"async\" title=\"Cision\" width=\"12\" height=\"12\" alt=\"Cision\" src=\"https:\/\/c212.net\/c\/img\/favicon.png?sn=PT96255&amp;sd=2025-05-27\" \/> View original content to download multimedia:<a id=\"PRNURL\" rel=\"nofollow\" href=\"https:\/\/www.prnewswire.com\/br\/comunicados-para-a-imprensa\/anuncio-dos-ganhadores-do-premio-shaw-2025-302467767.html\" target=\"_blank\">https:\/\/www.prnewswire.com\/br\/comunicados-para-a-imprensa\/anuncio-dos-ganhadores-do-premio-shaw-2025-302467767.html<\/a><\/p>\n<p>FONTE  Shaw Prize<\/p>\n<\/div>\n<p><img decoding=\"async\" alt=\"\" src=\"https:\/\/rt.prnewswire.com\/rt.gif?NewsItemId=PT96255&amp;Transmission_Id=202505270330PR_NEWS_LATAM____PT96255&amp;DateId=20250528\" style=\"border:0px;width:1px;height:1px\" \/><\/p>\n<p><strong>T\u00f3picos Relacionados:<\/strong> Educa\u00e7\u00e3o, Ensino Superior, Pr\u00eamios, STEM (Ci\u00eancia, Tecnologia, Engenharia, Matem\u00e1tica), Sa\u00fade\/Hospitais, Computador\/Eletr\u00f4nica, Biotecnologia<\/p>\n<p>A <b>OESP<\/b> n\u00e3o \u00e9(s\u00e3o) respons\u00e1vel(is) por erros, incorre\u00e7\u00f5es, atrasos ou quaisquer decis\u00f5es tomadas por seus clientes com base nos Conte\u00fados ora disponibilizados, bem como tais Conte\u00fados n\u00e3o representam a opini\u00e3o da <b>OESP<\/b> e s\u00e3o de inteira responsabilidade da <b>PR Newswire Ltda<\/b><\/p>\n","protected":false},"excerpt":{"rendered":"HONG KONG, 28 de maio de 2025 \/PRNewswire\/ &#8212;\u00a0 O Pr\u00eamio\u00a0Shaw de Astronomia \u00e9 concedido em partes iguais a John Richard BondProfessor, Instituto Canadense de Astrof\u00edsica Te\u00f3rica e Professor","protected":false},"author":1,"featured_media":0,"comment_status":"open","ping_status":"closed","sticky":false,"template":"","format":"standard","meta":{"_acf_changed":false,"inline_featured_image":false,"_monsterinsights_skip_tracking":false,"_monsterinsights_sitenote_active":false,"_monsterinsights_sitenote_note":"","_monsterinsights_sitenote_category":0,"footnotes":""},"categories":[27],"tags":[],"class_list":["post-111762","post","type-post","status-publish","format-standard","hentry","category-prnewswire"],"acf":[],"_links":{"self":[{"href":"https:\/\/bluestudio.estadao.com.br\/agencia-de-comunicacao\/wp-json\/wp\/v2\/posts\/111762","targetHints":{"allow":["GET"]}}],"collection":[{"href":"https:\/\/bluestudio.estadao.com.br\/agencia-de-comunicacao\/wp-json\/wp\/v2\/posts"}],"about":[{"href":"https:\/\/bluestudio.estadao.com.br\/agencia-de-comunicacao\/wp-json\/wp\/v2\/types\/post"}],"author":[{"embeddable":true,"href":"https:\/\/bluestudio.estadao.com.br\/agencia-de-comunicacao\/wp-json\/wp\/v2\/users\/1"}],"replies":[{"embeddable":true,"href":"https:\/\/bluestudio.estadao.com.br\/agencia-de-comunicacao\/wp-json\/wp\/v2\/comments?post=111762"}],"version-history":[{"count":0,"href":"https:\/\/bluestudio.estadao.com.br\/agencia-de-comunicacao\/wp-json\/wp\/v2\/posts\/111762\/revisions"}],"wp:attachment":[{"href":"https:\/\/bluestudio.estadao.com.br\/agencia-de-comunicacao\/wp-json\/wp\/v2\/media?parent=111762"}],"wp:term":[{"taxonomy":"category","embeddable":true,"href":"https:\/\/bluestudio.estadao.com.br\/agencia-de-comunicacao\/wp-json\/wp\/v2\/categories?post=111762"},{"taxonomy":"post_tag","embeddable":true,"href":"https:\/\/bluestudio.estadao.com.br\/agencia-de-comunicacao\/wp-json\/wp\/v2\/tags?post=111762"}],"curies":[{"name":"wp","href":"https:\/\/api.w.org\/{rel}","templated":true}]}}