{"id":111735,"date":"2025-05-27T22:13:00","date_gmt":"2025-05-28T01:13:00","guid":{"rendered":"https:\/\/bluestudio.estadao.com.br\/agencia-de-comunicacao\/prnewswire\/a-9a-final-do-ict-competition-da-huawei-foi-concluida-com-sucesso\/"},"modified":"2025-05-27T22:13:00","modified_gmt":"2025-05-28T01:13:00","slug":"a-9a-final-do-ict-competition-da-huawei-foi-concluida-com-sucesso","status":"publish","type":"post","link":"https:\/\/bluestudio.estadao.com.br\/agencia-de-comunicacao\/prnewswire\/a-9a-final-do-ict-competition-da-huawei-foi-concluida-com-sucesso\/","title":{"rendered":"A 9a final do ICT Competition da Huawei foi conclu\u00edda com sucesso"},"content":{"rendered":"<div class=\"xn-content\">\n<b><i>Dezesseis equipes de sete pa\u00edses da Am\u00e9rica Latina foram homenageadas <\/i><\/b><b><i>Universidades brasileiras ganharam o primeiro Grande Pr\u00eamio<\/i><\/b><\/p>\n<p><span class=\"legendSpanClass\"><span class=\"xn-location\">SHENZHEN, China<\/span><\/span>, <span class=\"legendSpanClass\">27 de maio de 2025<\/span> \/PRNewswire\/ &#8212; A cerim\u00f4nia de encerramento e a cerim\u00f4nia de premia\u00e7\u00e3o da Final Global do ICT Competition da Huawei 2024-2025 foi realizada em <span class=\"xn-location\">Shenzhen, China<\/span>. Dezesseis equipes do Brasil, <span class=\"xn-location\">Argentina<\/span>, <span class=\"xn-location\">El Salvador<\/span>, <span class=\"xn-location\">Peru<\/span>, <span class=\"xn-location\">Chile<\/span>, M\u00e9xico, Col\u00f4mbia, Rep\u00fablica Dominicana e <span class=\"xn-location\">Costa Rica<\/span> competiram por dois dias nos circuitos de inova\u00e7\u00e3o e pr\u00e1tica das Finais Globais. Pela primeira vez ganharam um Grande Pr\u00eamio, tr\u00eas Primeiros Pr\u00eamios, sete Segundos Pr\u00eamios e seis Terceiros Pr\u00eamios.<\/p>\n<div class=\"PRN_ImbeddedAssetReference\" id=\"DivAssetPlaceHolder1\">\n<a href=\"https:\/\/mma.prnewswire.com\/media\/2697502\/Huawei.html\" target=\"_blank\" rel=\"nofollow\">  <img decoding=\"async\" src=\"https:\/\/mma.prnewswire.com\/media\/2697502\/Huawei.jpg\" title=\"Ecossistema de computa\u00e7\u00e3o de TIC e desenvolvimento de talentos da Huawei na Am\u00e9rica Latina\" alt=\"Ecossistema de computa\u00e7\u00e3o de TIC e desenvolvimento de talentos da Huawei na Am\u00e9rica Latina\" \/><\/a>\n <\/p>\n<\/p><\/div>\n<p>A competi\u00e7\u00e3o regional da Am\u00e9rica Latina atraiu mais de 4.000 pessoas da Regi\u00e3o, um n\u00famero recorde de candidatos, e 64 professores e alunos de 16 equipes foram finalistas nas finais globais. Ap\u00f3s intensa competi\u00e7\u00e3o, as equipes da Am\u00e9rica Latina demonstraram excelentes capacidades t\u00e9cnicas e inovadoras: a equipe do Instituto Federal do Tocantins (<span class=\"xn-location\">Brazil<\/span>) ganhou pela primeira vez na Regi\u00e3o da Am\u00e9rica Latina o Grande Pr\u00eamio da Pista de Pr\u00e1tica. A equipe do Instituto Federal da Bahia (<span class=\"xn-location\">Brazil<\/span>) ganhou o Primeiro Pr\u00eamio do Concurso de Inova\u00e7\u00e3o e o Primeiro Pr\u00eamio do Mulheres de Ci\u00eancia e Tecnologia. O Instituto Federal da Para\u00edba (<span class=\"xn-location\">Brazil<\/span>) ganhou o Primeiro Pr\u00eamio do Practice Cloud Race Track. As equipes UTN Facultad Regional Resistencia e Universidad Nacional de Rafaela, da <span class=\"xn-location\">Argentina<\/span>, Instituto Profesional DoucUC, do <span class=\"xn-location\">Chile<\/span>, e Instituto Federal do Cear\u00e1, do Brasil, ganharam sete Segundos Pr\u00eamios.<\/p>\n<p>Durante a competi\u00e7\u00e3o, a Regi\u00e3o realizou o Sal\u00e3o de Desenvolvimento de Talentos e Ecossistemas de Computa\u00e7\u00e3o de TIC da Am\u00e9rica Latina para discutir as perspectivas estrat\u00e9gicas e os planos pr\u00e1ticos para o Ecossistema de Computa\u00e7\u00e3o de inteligencia artificial (IA) na Am\u00e9rica Latina para ajudar no desenvolvimento de talentos cient\u00edficos e tecnol\u00f3gicos. <span class=\"xn-person\">Winson Lu<\/span>, diretor de Estrat\u00e9gia e Marketing da Huawei na Am\u00e9rica Latina, observou: &#8220;A competi\u00e7\u00e3o promove o aprendizado e a inova\u00e7\u00e3o. A pr\u00e1tica da competi\u00e7\u00e3o melhora as habilidades dos estudantes latino-americanos em computa\u00e7\u00e3o em nuvem, big data e tecnologias de IA e motiva jovens latino-americanos a usar tecnologias de TIC para promover o progresso social. Oriente os jovens latino-americanos a usar as tecnologias de TIC para resolver problemas pr\u00e1ticos na agricultura, sa\u00fade, educa\u00e7\u00e3o e outras \u00e1reas de subsist\u00eancia.&#8221;<\/p>\n<p>Na acelerada onda de transforma\u00e7\u00e3o digital global, a demanda por pessoal qualificado em intelig\u00eancia artificial, big data e seguran\u00e7a do ciberespa\u00e7o, continuar\u00e1 a crescer no futuro. No entanto, a escassez de talentos em \u00e1reas afins se tornar\u00e1 cada vez mais proeminente. De acordo com o Relat\u00f3rio de Talentos Digitais da Am\u00e9rica Latina da IDC, a Regi\u00e3o ter\u00e1 uma lacuna de 2,5 milh\u00f5es de talentos em TIC nos pr\u00f3ximos cinco anos. A demanda e a oferta por habilidades ficar\u00e3o desalinhadas. O cultivo de talentos locais requer a colabora\u00e7\u00e3o de governos, universidades e empresas. Para enfrentar esse desafio, a Huawei ICT Competition criou v\u00e1rias faixas, como competi\u00e7\u00f5es pr\u00e1ticas, de inova\u00e7\u00e3o e de programa\u00e7\u00e3o, bem como coopera\u00e7\u00e3o entre escolas e empresas e cursos para cultivar talentos t\u00e9cnicos de alta qualidade que possam atender aos requisitos futuros de habilidades e ajud\u00e1-los a destacar-se na sociedade digital inteligente.<\/p>\n<p>Foto &#8211; <a href=\"https:\/\/mma.prnewswire.com\/media\/2697502\/Huawei.jpg\" target=\"_blank\" rel=\"nofollow\">https:\/\/mma.prnewswire.com\/media\/2697502\/Huawei.jpg<\/a>\u00a0<\/p>\n<p id=\"PURL\"><img loading=\"lazy\" decoding=\"async\" title=\"Cision\" width=\"12\" height=\"12\" alt=\"Cision\" src=\"https:\/\/c212.net\/c\/img\/favicon.png?sn=PT97328&amp;sd=2025-05-27\" \/> View original content to download multimedia:<a id=\"PRNURL\" rel=\"nofollow\" href=\"https:\/\/www.prnewswire.com\/br\/comunicados-para-a-imprensa\/a-9a-final-do-ict-competition-da-huawei-foi-concluida-com-sucesso-302466461.html\" target=\"_blank\">https:\/\/www.prnewswire.com\/br\/comunicados-para-a-imprensa\/a-9a-final-do-ict-competition-da-huawei-foi-concluida-com-sucesso-302466461.html<\/a><\/p>\n<p>FONTE  Huawei<\/p>\n<\/div>\n<p><img decoding=\"async\" alt=\"\" src=\"https:\/\/rt.prnewswire.com\/rt.gif?NewsItemId=PT97328&amp;Transmission_Id=202505272102PR_NEWS_LATAM____PT97328&amp;DateId=20250527\" style=\"border:0px;width:1px;height:1px\" \/><\/p>\n<p><strong>T\u00f3picos Relacionados:<\/strong> Pr\u00eamios, Computador\/Eletr\u00f4nica<\/p>\n<p>A <b>OESP<\/b> n\u00e3o \u00e9(s\u00e3o) respons\u00e1vel(is) por erros, incorre\u00e7\u00f5es, atrasos ou quaisquer decis\u00f5es tomadas por seus clientes com base nos Conte\u00fados ora disponibilizados, bem como tais Conte\u00fados n\u00e3o representam a opini\u00e3o da <b>OESP<\/b> e s\u00e3o de inteira responsabilidade da <b>PR Newswire Ltda<\/b><\/p>\n","protected":false},"excerpt":{"rendered":"Dezesseis equipes de sete pa\u00edses da Am\u00e9rica Latina foram homenageadas Universidades brasileiras ganharam o primeiro Grande Pr\u00eamio SHENZHEN, China, 27 de maio de 2025 \/PRNewswire\/ &#8212; A","protected":false},"author":1,"featured_media":0,"comment_status":"open","ping_status":"closed","sticky":false,"template":"","format":"standard","meta":{"_acf_changed":false,"inline_featured_image":false,"_monsterinsights_skip_tracking":false,"_monsterinsights_sitenote_active":false,"_monsterinsights_sitenote_note":"","_monsterinsights_sitenote_category":0,"footnotes":""},"categories":[27],"tags":[],"class_list":["post-111735","post","type-post","status-publish","format-standard","hentry","category-prnewswire"],"acf":[],"_links":{"self":[{"href":"https:\/\/bluestudio.estadao.com.br\/agencia-de-comunicacao\/wp-json\/wp\/v2\/posts\/111735","targetHints":{"allow":["GET"]}}],"collection":[{"href":"https:\/\/bluestudio.estadao.com.br\/agencia-de-comunicacao\/wp-json\/wp\/v2\/posts"}],"about":[{"href":"https:\/\/bluestudio.estadao.com.br\/agencia-de-comunicacao\/wp-json\/wp\/v2\/types\/post"}],"author":[{"embeddable":true,"href":"https:\/\/bluestudio.estadao.com.br\/agencia-de-comunicacao\/wp-json\/wp\/v2\/users\/1"}],"replies":[{"embeddable":true,"href":"https:\/\/bluestudio.estadao.com.br\/agencia-de-comunicacao\/wp-json\/wp\/v2\/comments?post=111735"}],"version-history":[{"count":0,"href":"https:\/\/bluestudio.estadao.com.br\/agencia-de-comunicacao\/wp-json\/wp\/v2\/posts\/111735\/revisions"}],"wp:attachment":[{"href":"https:\/\/bluestudio.estadao.com.br\/agencia-de-comunicacao\/wp-json\/wp\/v2\/media?parent=111735"}],"wp:term":[{"taxonomy":"category","embeddable":true,"href":"https:\/\/bluestudio.estadao.com.br\/agencia-de-comunicacao\/wp-json\/wp\/v2\/categories?post=111735"},{"taxonomy":"post_tag","embeddable":true,"href":"https:\/\/bluestudio.estadao.com.br\/agencia-de-comunicacao\/wp-json\/wp\/v2\/tags?post=111735"}],"curies":[{"name":"wp","href":"https:\/\/api.w.org\/{rel}","templated":true}]}}